{"id":171350,"date":"2018-02-05T00:27:17","date_gmt":"2018-02-05T00:27:17","guid":{"rendered":"http:\/\/diariodominicano.ddns.net\/?p=171350"},"modified":"2018-02-05T00:27:17","modified_gmt":"2018-02-05T00:27:17","slug":"dialogo-entre-gobierno-y-oposicion-venezolana-regresa-a-dominicana","status":"publish","type":"post","link":"https:\/\/diariodominicano.com\/?p=171350","title":{"rendered":"Di\u00e1logo entre gobierno y oposici\u00f3n venezolana regresa a Dominicana"},"content":{"rendered":"<p><body><\/p>\n<p><strong>Santo Domingo, 5 feb (PL)<\/strong> El di\u00e1logo entre el gobierno y la oposici\u00f3n venezolana regresa hoy a la Rep\u00fablica Dominicana, en un esfuerzo por firmar un acuerdo definitivo que permita restablecer la convivencia pac\u00edfica en esa naci\u00f3n suramericana.<\/p>\n<\/p>\n<p>La cita de este lunes fue acordada el pasado 31 de enero luego de arduas jornadas de conversaciones en la sede de la canciller\u00eda dominicana y donde, seg\u00fan el jefe de la delegaci\u00f3n del gobierno venezolano, Jorge Rodr\u00edguez, se firm\u00f3 un preacuerdo entre las partes.<\/p>\n<\/p>\n<p>A partir de ese momento, las partes regresaron a su pa\u00eds para para ver los m\u00ednimos detalles pendientes de ser dilucidados y reencontrarse hoy de nuevo en Santo Domingo y, como dijo Rodr\u00edguez ese d\u00eda, al t\u00e9rmino de ese encuentro, firmar el acuerdo definitivo.<\/p>\n<\/p>\n<p>La v\u00edspera, el presidente de Venezuela, Nicol\u00e1s Maduro, inform\u00f3 desde el Palacio de Miraflores, en la capital de ese pa\u00eds, que la delegaci\u00f3n de su gobierno para el di\u00e1logo iba a estar presente este lunes en territorio dominicano para el acuerdo con la oposici\u00f3n.<\/p>\n<\/p>\n<p>El pasado 13 de septiembre comenz\u00f3 este proceso en Rep\u00fablica Dominicana, con un primer encuentro entre el gobierno y la oposici\u00f3n venezolana, luego de que el presidente, Nicol\u00e1s Maduro, aceptara la invitaci\u00f3n de su par dominicano y del expresidente del gobierno espa\u00f1ol Jos\u00e9 Luis Rodr\u00edguez Zapatero.<\/p>\n<\/p>\n<p>Posteriormente fue convocado un segundo encuentro el 27 de septiembre, al que no acudieron los representantes de la oposici\u00f3n, y un mes m\u00e1s tarde, la delegaci\u00f3n del gobierno venezolano viaj\u00f3 a la naci\u00f3n caribe\u00f1a para ratificar su compromiso con el di\u00e1logo.<\/p>\n<\/p>\n<p>Los d\u00edas 1 y 2 de diciembre las partes lograron sentarse a conversar en un encuentro del cual surgi\u00f3 el tope del 15, y este \u00faltimo, dio paso a la reuni\u00f3n del 28 y 29 de enero que se alarg\u00f3 hasta el 31, y ah\u00ed apareci\u00f3 el lunes 5 de febrero como posible momento para la firma del acuerdo.<\/p>\n<\/p>\n<p>Llegado el momento, existe gran expectaci\u00f3n ante la posibilidad de que se concrete el esperado pacto, pero se impone esperar pues no son pocas las amenazas y presiones a las cuales est\u00e1 sometida la oposici\u00f3n venezolana, sin olvidar la desuni\u00f3n que los caracteriza.<\/p>\n<\/p>\n<p>agp\/ema<\/p>\n<h6> 2018-02-05 00:27:17 <\/h6>\n<p><!--\n<link rel=\"stylesheet\" href=\"css\/bootstrap.min.css\">\n\n\n<ul class=\"pagination\">\n\t    \n\t\n\n<li >\n\t<a href='?page_no=6664'>Previous<\/a>\n\t<\/li>\n\n\n       \n    \n\n<li><a href='?page_no=1'>1<\/a><\/li>\n\n\n\n<li><a href='?page_no=2'>2<\/a><\/li>\n\n\n\n<li><a>...<\/a><\/li>\n\n\n\n<li><a href='?page_no=6663'>6663<\/a><\/li>\n\n\n\n<li><a href='?page_no=6664'>6664<\/a><\/li>\n\n\n\n<li class='active'><a>6665<\/a><\/li>\n\n\n\n<li><a href='?page_no=6666'>6666<\/a><\/li>\n\n\n\n<li><a href='?page_no=6667'>6667<\/a><\/li>\n\n\n\n<li><a>...<\/a><\/li>\n\n\n\n<li><a href='?page_no=36999'>36999<\/a><\/li>\n\n\n\n<li><a href='?page_no=37000'>37000<\/a><\/li>\n\n    \n\t\n\n<li >\n\t<a href='?page_no=6666'>Next<\/a>\n\t<\/li>\n\n\n    \n\n<li><a href='?page_no=37000'>Last &rsaquo;&rsaquo;<\/a><\/li>\n\n<\/ul>\n\n\n--><br \/>\n<\/body><\/p>\n","protected":false},"excerpt":{"rendered":"<p>Santo Domingo, 5 feb (PL) El di\u00e1logo entre el gobierno y la oposici\u00f3n venezolana regresa hoy a la Rep\u00fablica Dominicana, en un esfuerzo por firmar un acuerdo definitivo que permita restablecer la convivencia pac\u00edfica en esa naci\u00f3n suramericana. La cita de este lunes fue acordada el pasado 31 de enero luego de arduas jornadas de [&hellip;]<\/p>\n","protected":false},"author":3,"featured_media":0,"comment_status":"open","ping_status":"open","sticky":false,"template":"","format":"standard","meta":{"footnotes":""},"categories":[22],"tags":[],"class_list":["post-171350","post","type-post","status-publish","format-standard","hentry","category-politica"],"_links":{"self":[{"href":"https:\/\/diariodominicano.com\/index.php?rest_route=\/wp\/v2\/posts\/171350","targetHints":{"allow":["GET"]}}],"collection":[{"href":"https:\/\/diariodominicano.com\/index.php?rest_route=\/wp\/v2\/posts"}],"about":[{"href":"https:\/\/diariodominicano.com\/index.php?rest_route=\/wp\/v2\/types\/post"}],"author":[{"embeddable":true,"href":"https:\/\/diariodominicano.com\/index.php?rest_route=\/wp\/v2\/users\/3"}],"replies":[{"embeddable":true,"href":"https:\/\/diariodominicano.com\/index.php?rest_route=%2Fwp%2Fv2%2Fcomments&post=171350"}],"version-history":[{"count":0,"href":"https:\/\/diariodominicano.com\/index.php?rest_route=\/wp\/v2\/posts\/171350\/revisions"}],"wp:attachment":[{"href":"https:\/\/diariodominicano.com\/index.php?rest_route=%2Fwp%2Fv2%2Fmedia&parent=171350"}],"wp:term":[{"taxonomy":"category","embeddable":true,"href":"https:\/\/diariodominicano.com\/index.php?rest_route=%2Fwp%2Fv2%2Fcategories&post=171350"},{"taxonomy":"post_tag","embeddable":true,"href":"https:\/\/diariodominicano.com\/index.php?rest_route=%2Fwp%2Fv2%2Ftags&post=171350"}],"curies":[{"name":"wp","href":"https:\/\/api.w.org\/{rel}","templated":true}]}}