{"id":171345,"date":"2018-02-05T12:16:42","date_gmt":"2018-02-05T12:16:42","guid":{"rendered":"http:\/\/diariodominicano.ddns.net\/?p=171345"},"modified":"2018-02-05T12:16:42","modified_gmt":"2018-02-05T12:16:42","slug":"secretaria-de-cultos-del-pld-presenta-plan-de-trabajo-para-el-ano-en-curso","status":"publish","type":"post","link":"https:\/\/diariodominicano.com\/?p=171345","title":{"rendered":"Secretaria de Cultos del PLD presenta plan de trabajo para el a\u00f1o en curso"},"content":{"rendered":"<p><body><\/p>\n<p><img decoding=\"async\" src=\"img3\/cultos.jpg\" \/>  <\/p>\n<p>La Secretar\u00eda de Cultos del Partido de la Liberaci\u00f3n Dominicana present\u00f3 a la presidencia de esa organizaci\u00f3n pol\u00edtica el Plan Operativo que desarrollar\u00e1 durante el 2018 en todo el pa\u00eds y las seccionales en el exterior.<\/p>\n<\/p>\n<p>El Plan Operativo fue presentado al presidente del PLD, Leonel Fern\u00e1ndez, por el titular de la Secretar\u00eda de Cutos, Francisco Cruz Pascual acompa\u00f1ado de los subsecretarios  Mario Holgu\u00edn, Roberto Lafontaine, Feliz G\u00e1lvez y Dionisio Ditr\u00e9n.<\/p>\n<\/p>\n<p>Cruz Pascual inform\u00f3 que el plan contempla realizar conversatorio acerca de la decisi\u00f3n del presidente Donald Trump de convertir a Jerusal\u00e9n en Capital de Israel, desarrollar la conferencia \u00ab21 l\u00edderes b\u00edblicos visto desde el siglo XXI\u00bb, Fortalecer la divisi\u00f3n org\u00e1nica por sectores confesionales y mesa de reflexi\u00f3n para la mejor\u00eda de los trabajos de la secretar\u00eda.<\/p>\n<\/p>\n<p>Asimismo, reactivaci\u00f3n de los responsables provinciales y municipales, desarrollar portafolio de los C\u00edrculos Ecum\u00e9nicos en Pol\u00edtica, crear pensamientos acerca de las religiones en el PLD y la realizaci\u00f3n del Primer Congreso Nacional de Cultos, entre otros.<\/p>\n<\/p>\n<p>El titular de Cultos indic\u00f3 que desde su creaci\u00f3n, dicho \u00f3rgano  ha trabajado para la consolidaci\u00f3n de las relaciones del PLD con el mundo religioso, pero fue en el a\u00f1o 2003 cuando inicia acciones verdaderamente populares, con la fundaci\u00f3n de movimientos cristianos en todo el territorio nacional, iniciando con Cristianos por la Democracia y Cristianos por la Paz y el Progreso.<\/p>\n<\/p>\n<p>Explic\u00f3 que para su ejecuci\u00f3n conformaron una estructura partidaria que abarc\u00f3 todo el territorio nacional y los Estados de Nueva York y  Nueva Jersey en el extranjero, logrando alcanzar sobre los 35,000 miembros vinculados a distintas denominaciones cristianas.<\/p>\n<\/p>\n<p>\u00abEsta fuerza integrada por laicos nos permiti\u00f3 articular apoyos exitosos en diversos sectores y candidaturas gremiales ganadoras, como ejemplo pueden citarse el CODIA, el Colegio de Abogados, un sindicato de transportistas en San Juan; incluso una sindicatura de un Distrito Municipal de San Juan de la Maguana. Esto fue posible, gracias a la base de datos de la Red de la Dignidad, que agrup\u00f3 miles de profesionales de diferentes \u00e1reas\u00bb, resalt\u00f3.<\/p>\n<\/p>\n<p>Record\u00f3 que la Secretar\u00eda de Cultos propuso y promovi\u00f3 la creaci\u00f3n de algunas instancias gubernamentales importantes del sector social (Oficina Presidencial de Enlace con cristianos No Cat\u00f3licos; tomarse en cuenta a los religiosos en Plan Social de la Presidencia, etc.) con el objetivo de fortalecer sus iniciativas.<\/p>\n<h6> 2018-02-05 12:16:42 <\/h6>\n<p><!--\n<link rel=\"stylesheet\" href=\"css\/bootstrap.min.css\">\n\n\n<ul class=\"pagination\">\n\t    \n\t\n\n<li >\n\t<a href='?page_no=6659'>Previous<\/a>\n\t<\/li>\n\n\n       \n    \n\n<li><a href='?page_no=1'>1<\/a><\/li>\n\n\n\n<li><a href='?page_no=2'>2<\/a><\/li>\n\n\n\n<li><a>...<\/a><\/li>\n\n\n\n<li><a href='?page_no=6658'>6658<\/a><\/li>\n\n\n\n<li><a href='?page_no=6659'>6659<\/a><\/li>\n\n\n\n<li class='active'><a>6660<\/a><\/li>\n\n\n\n<li><a href='?page_no=6661'>6661<\/a><\/li>\n\n\n\n<li><a href='?page_no=6662'>6662<\/a><\/li>\n\n\n\n<li><a>...<\/a><\/li>\n\n\n\n<li><a href='?page_no=36999'>36999<\/a><\/li>\n\n\n\n<li><a href='?page_no=37000'>37000<\/a><\/li>\n\n    \n\t\n\n<li >\n\t<a href='?page_no=6661'>Next<\/a>\n\t<\/li>\n\n\n    \n\n<li><a href='?page_no=37000'>Last &rsaquo;&rsaquo;<\/a><\/li>\n\n<\/ul>\n\n\n--><br \/>\n<\/body><\/p>\n","protected":false},"excerpt":{"rendered":"<p>La Secretar\u00eda de Cultos del Partido de la Liberaci\u00f3n Dominicana present\u00f3 a la presidencia de esa organizaci\u00f3n pol\u00edtica el Plan Operativo que desarrollar\u00e1 durante el 2018 en todo el pa\u00eds y las seccionales en el exterior. El Plan Operativo fue presentado al presidente del PLD, Leonel Fern\u00e1ndez, por el titular de la Secretar\u00eda de Cutos, [&hellip;]<\/p>\n","protected":false},"author":3,"featured_media":0,"comment_status":"open","ping_status":"open","sticky":false,"template":"","format":"standard","meta":{"footnotes":""},"categories":[22],"tags":[],"class_list":["post-171345","post","type-post","status-publish","format-standard","hentry","category-politica"],"_links":{"self":[{"href":"https:\/\/diariodominicano.com\/index.php?rest_route=\/wp\/v2\/posts\/171345","targetHints":{"allow":["GET"]}}],"collection":[{"href":"https:\/\/diariodominicano.com\/index.php?rest_route=\/wp\/v2\/posts"}],"about":[{"href":"https:\/\/diariodominicano.com\/index.php?rest_route=\/wp\/v2\/types\/post"}],"author":[{"embeddable":true,"href":"https:\/\/diariodominicano.com\/index.php?rest_route=\/wp\/v2\/users\/3"}],"replies":[{"embeddable":true,"href":"https:\/\/diariodominicano.com\/index.php?rest_route=%2Fwp%2Fv2%2Fcomments&post=171345"}],"version-history":[{"count":0,"href":"https:\/\/diariodominicano.com\/index.php?rest_route=\/wp\/v2\/posts\/171345\/revisions"}],"wp:attachment":[{"href":"https:\/\/diariodominicano.com\/index.php?rest_route=%2Fwp%2Fv2%2Fmedia&parent=171345"}],"wp:term":[{"taxonomy":"category","embeddable":true,"href":"https:\/\/diariodominicano.com\/index.php?rest_route=%2Fwp%2Fv2%2Fcategories&post=171345"},{"taxonomy":"post_tag","embeddable":true,"href":"https:\/\/diariodominicano.com\/index.php?rest_route=%2Fwp%2Fv2%2Ftags&post=171345"}],"curies":[{"name":"wp","href":"https:\/\/api.w.org\/{rel}","templated":true}]}}