{"id":171343,"date":"2018-02-05T19:17:10","date_gmt":"2018-02-05T19:17:10","guid":{"rendered":"http:\/\/diariodominicano.ddns.net\/?p=171343"},"modified":"2018-02-05T19:17:10","modified_gmt":"2018-02-05T19:17:10","slug":"lula-nacio-condenado","status":"publish","type":"post","link":"https:\/\/diariodominicano.com\/?p=171343","title":{"rendered":"Lula naci\u00f3 condenado"},"content":{"rendered":"<p><body><\/p>\n<p><img decoding=\"async\" src=\"img3\/lula_defensa.jpg\" \/>  <\/p>\n<p>Emir Sader<\/p>\n<p><strong>ALAI, 5 de berero de 2018<\/strong><\/p>\n<p>Quien convive cotidianamente con Lula ya no se asusta con la naturalidad con la que \u00e9l encara las monstruosas y absurdas persecuciones que enfrenta. Es como si \u00e9l conviviera con la persecuci\u00f3n, la injusticia, la lucha cotidiana para superar esos escollos.<\/p>\n<\/p>\n<\/p>\n<p>Cuando menciona sus or\u00edgenes, cuando recuerda por lo que tuvo que pasar para sobrevivir, uno se da cuenta de c\u00f3mo Lula ya naci\u00f3 condenado y como su vida es una lucha permanente en contra de los destinos que siempre intentaron imponerle y a los cuales supo reaccionar y salir adelante.<\/p>\n<\/p>\n<\/p>\n<p>Porque Lula naci\u00f3 condenado a morir cuando chico, destino a que ha estado condenando a millones de ni\u00f1os como \u00e9l, en las regiones m\u00e1s pobres de Brasil. Destino que 3 de sus 11 hermanos no lograron escapar. Como dice \u00e9l, quien, viniendo de donde vino, logra llega vivo a los 5 a\u00f1os, ya no tiene miedo a nada.<\/p>\n<\/p>\n<\/p>\n<p>Superado ese primero escollo, viajando de \u00abpau-de-arara\u00bb con sus hermanos sobrevivientes y su madre para buscar una vida mejor en Sao Paulo, en viaje de 13 d\u00edas, ellos estaban condenados a ser, m\u00e1ximo, obreros de la construcci\u00f3n civil, cuando Sao Paulo se jactaba de ser \u00abla ciudad que m\u00e1s crece en el mundo, donde se constru\u00edan 4 casas por hora\u00bb. Quienes las constru\u00edan eran los nordestinos, discriminados, objeto de burla, que viv\u00edan en las obras, hasta que la terminaban, y se cambiaban a la pr\u00f3xima.<\/p>\n<\/p>\n<\/p>\n<p>Lula fue mensajero, lustrabotas y todos los tipos de trabajo de un joven pobre, condenado para siempre a la miseria. Estaba de nuevo condenado, pero fue capaz, nuevamente, de salir del destino que le ten\u00edan asignado. Hizo un curso t\u00e9cnico, se volvi\u00f3 tornero mec\u00e1nico y as\u00ed dio un salto profesional, a obrero calificado de la industria metal\u00fargica. No tendr\u00eda que construir casas en Sao Paulo, sino coches.<\/p>\n<\/p>\n<\/p>\n<p>Condenado a ser obrero, Lula se puso a dirigir a los trabajadores metal\u00fargicos en la resistencia en contra de la pol\u00edtica de congelamiento salarial de la dictadura y de intervenci\u00f3n en los sindicatos. De repente Lula dio otro salto, pas\u00f3 a ser el m\u00e1s grande l\u00edder sindical brasile\u00f1o, rompiendo la pol\u00edtica salarial de la dictadura y empezando la crisis del colapso de ese r\u00e9gimen.<\/p>\n<\/p>\n<\/p>\n<p>De l\u00edder sindical, Lula se propuso ser l\u00edder pol\u00edtico, pasar la construcci\u00f3n sindical a la del Partido de los Trabajadores. Tuvo una primera gran derrota electoral, como candidato al gobierno de la provincia de Sao Paulo, lleg\u00f3 en cuarto lugar, cuando ten\u00eda expectativa de ganar.<\/p>\n<\/p>\n<\/p>\n<p>Superando l\u00edmites, Lula fue el primer l\u00edder sindical a candidatearse a presidente de Brasil. Fue derrotado tres veces, hasta que venci\u00f3 y se trasform\u00f3 en el primer l\u00edder sindical presidente de Brasil.<\/p>\n<\/p>\n<\/p>\n<p>Cuando los propios economistas de izquierda le dec\u00edan que Brasil estaba condenado, por la inmensa crisis a la que el gobierno de Cardoso hab\u00eda lanzado al pa\u00eds, Lula se propuso recuperar la econom\u00eda, con distribuci\u00f3n de renta. No solo lo logr\u00f3, sino que se convirti\u00f3 en el presidente de Brasil m\u00e1s exitoso y en el l\u00edder latino-americano de mayor proyecci\u00f3n en el mundo en este siglo.<\/p>\n<\/p>\n<\/p>\n<p>Lula super\u00f3 tambi\u00e9n las condenas de que no lograr\u00eda elegir a su sucesor, menos todav\u00eda a una mujer que nunca se hab\u00eda candidateado a nada y eligi\u00f3 a Dilma Roussef, la primera mujer presidente de Brasil.<\/p>\n<\/p>\n<\/p>\n<p>As\u00ed que concluy\u00f3 su segundo mandato, con el 87% de apoyo entre los brasile\u00f1os, Lula tuvo que enfrentarse a otro desaf\u00edo, a otra posible condena: un c\u00e1ncer en la garganta. Lo enfrent\u00f3 con tenacidad, con sufrimiento, hasta que venci\u00f3 tambi\u00e9n esa condena.<\/p>\n<\/p>\n<\/p>\n<p>Como si no bastara haber vencido a todos eses desaf\u00edos, se enfrenta ahora a un cerco jur\u00eddico-pol\u00edtico-medi\u00e1tico que habr\u00eda llevado a la derrota y al desaliento a cualquier otro l\u00edder. Todos se sorprenden de la fuerza, la tranquilidad y la confianza con que Lula se enfrenta a ese nuevo desaf\u00edo. Es porque es alguien que ya naci\u00f3 condenado, tuvo que superar obst\u00e1culos gigantescos para llegar hasta aqu\u00ed, que los grandes obst\u00e1culos de hoy no le parecen, para nada, insuperables.<\/p>\n<\/p>\n<\/p>\n<p>Edici\u00f3n: ALAI<\/p>\n<\/p>\n<\/p>\n<p>https:\/\/www.alainet.org\/es\/articulo\/190824<\/p>\n<\/p>\n<p>Del mismo autor<\/p>\n<p>Reg\u00edmenes de excepci\u00f3n no toleran l\u00edderes populares    05\/02\/2018<\/p>\n<p>Lula naci\u00f3 condenado    05\/02\/2018<\/p>\n<p>O fantasma da democracia apavora a direita    01\/02\/2018<\/p>\n<p>N\u00e3o ter defendido a Constitui\u00e7\u00e3o e a democracia \u00e9 que degradou o Judici\u00e1rio    31\/01\/2018<\/p>\n<p>Consenso nacional e internacional: julgamento do Lula foi uma farsa    29\/01\/2018<\/p>\n<p>La v\u00eda ecuatoriana de la contraofensiva conservadora    26\/01\/2018<\/p>\n<p>As condena\u00e7\u00f5es de Lula    26\/01\/2018<\/p>\n<p>S\u00f3 resta a judicializa\u00e7\u00e3o \u00e0 direita    19\/01\/2018<\/p>\n<p>Los desaf\u00edos del pensamiento cr\u00edtico    19\/01\/2018<\/p>\n<p>The left could win in Mexico    15\/01\/2018<\/p>\n<h6> 2018-02-05 19:17:10 <\/h6>\n<p><!--\n<link rel=\"stylesheet\" href=\"css\/bootstrap.min.css\">\n\n\n<ul class=\"pagination\">\n\t    \n\t\n\n<li >\n\t<a href='?page_no=6658'>Previous<\/a>\n\t<\/li>\n\n\n       \n    \n\n<li><a href='?page_no=1'>1<\/a><\/li>\n\n\n\n<li><a href='?page_no=2'>2<\/a><\/li>\n\n\n\n<li><a>...<\/a><\/li>\n\n\n\n<li><a href='?page_no=6657'>6657<\/a><\/li>\n\n\n\n<li><a href='?page_no=6658'>6658<\/a><\/li>\n\n\n\n<li class='active'><a>6659<\/a><\/li>\n\n\n\n<li><a href='?page_no=6660'>6660<\/a><\/li>\n\n\n\n<li><a href='?page_no=6661'>6661<\/a><\/li>\n\n\n\n<li><a>...<\/a><\/li>\n\n\n\n<li><a href='?page_no=36999'>36999<\/a><\/li>\n\n\n\n<li><a href='?page_no=37000'>37000<\/a><\/li>\n\n    \n\t\n\n<li >\n\t<a href='?page_no=6660'>Next<\/a>\n\t<\/li>\n\n\n    \n\n<li><a href='?page_no=37000'>Last &rsaquo;&rsaquo;<\/a><\/li>\n\n<\/ul>\n\n\n--><br \/>\n<\/body><\/p>\n","protected":false},"excerpt":{"rendered":"<p>Emir Sader ALAI, 5 de berero de 2018 Quien convive cotidianamente con Lula ya no se asusta con la naturalidad con la que \u00e9l encara las monstruosas y absurdas persecuciones que enfrenta. Es como si \u00e9l conviviera con la persecuci\u00f3n, la injusticia, la lucha cotidiana para superar esos escollos. Cuando menciona sus or\u00edgenes, cuando recuerda [&hellip;]<\/p>\n","protected":false},"author":3,"featured_media":0,"comment_status":"open","ping_status":"open","sticky":false,"template":"","format":"standard","meta":{"footnotes":""},"categories":[22],"tags":[],"class_list":["post-171343","post","type-post","status-publish","format-standard","hentry","category-politica"],"_links":{"self":[{"href":"https:\/\/diariodominicano.com\/index.php?rest_route=\/wp\/v2\/posts\/171343","targetHints":{"allow":["GET"]}}],"collection":[{"href":"https:\/\/diariodominicano.com\/index.php?rest_route=\/wp\/v2\/posts"}],"about":[{"href":"https:\/\/diariodominicano.com\/index.php?rest_route=\/wp\/v2\/types\/post"}],"author":[{"embeddable":true,"href":"https:\/\/diariodominicano.com\/index.php?rest_route=\/wp\/v2\/users\/3"}],"replies":[{"embeddable":true,"href":"https:\/\/diariodominicano.com\/index.php?rest_route=%2Fwp%2Fv2%2Fcomments&post=171343"}],"version-history":[{"count":0,"href":"https:\/\/diariodominicano.com\/index.php?rest_route=\/wp\/v2\/posts\/171343\/revisions"}],"wp:attachment":[{"href":"https:\/\/diariodominicano.com\/index.php?rest_route=%2Fwp%2Fv2%2Fmedia&parent=171343"}],"wp:term":[{"taxonomy":"category","embeddable":true,"href":"https:\/\/diariodominicano.com\/index.php?rest_route=%2Fwp%2Fv2%2Fcategories&post=171343"},{"taxonomy":"post_tag","embeddable":true,"href":"https:\/\/diariodominicano.com\/index.php?rest_route=%2Fwp%2Fv2%2Ftags&post=171343"}],"curies":[{"name":"wp","href":"https:\/\/api.w.org\/{rel}","templated":true}]}}