{"id":171341,"date":"2018-02-05T19:31:38","date_gmt":"2018-02-05T19:31:38","guid":{"rendered":"http:\/\/diariodominicano.ddns.net\/?p=171341"},"modified":"2018-02-05T19:31:38","modified_gmt":"2018-02-05T19:31:38","slug":"ecuador-de-la-consulta-popular-a-un-futuro-politico-incierto","status":"publish","type":"post","link":"https:\/\/diariodominicano.com\/?p=171341","title":{"rendered":"Ecuador: De la consulta popular a un futuro pol\u00edtico incierto"},"content":{"rendered":"<p><body><\/p>\n<p><img decoding=\"async\" src=\"img3\/resultados_consulta_custom.jpg\" \/>  <\/p>\n<p>Kintto Lucas<\/p>\n<p><strong>ALAI, 5 de febrero de 2018.<\/strong><\/p>\n<p>La Consulta Popular que se realiz\u00f3 en Ecuador este domingo, arroja un resultado sobre el cu\u00e1l se pueden hacer algunas reflexiones primarias.<\/p>\n<\/p>\n<\/p>\n<p>Por un lado observar si se fortalece o se debilita el gobierno, por otro cu\u00e1l es el respaldo pol\u00edtico de Rafael Correa.<\/p>\n<\/p>\n<\/p>\n<p>M\u00e1s all\u00e1 de las diferencias que se puedan tener con Rafael Correa, m\u00e1s all\u00e1 de los odios que le tengan, la realidad nos muestra que es un actor pol\u00edtico con un caudal de adhesi\u00f3n popular por lo menos del 36 por ciento, punto m\u00e1s puntos menos (sin analizar el caso particular de Manab\u00ed), seg\u00fan los datos preliminares de las preguntas en las cuales el patrocin\u00f3 el No.<\/p>\n<\/p>\n<\/p>\n<p>Si el gobierno del Presidente Lenin Moreno, m\u00e1s Guillermo Lasso, Abdal\u00e1 Bucaram, Mauricio Rodas, Jaime Nebot, Lucio Guti\u00e9rrez, \u00c1lvaro Noboa, Jimmy Jaira, m\u00e1s prefectos, alcaldes asamble\u00edstas, los peque\u00f1os partidos denominados de izquierda o centroizquierda (Partido Socialista, Pachakutik, Unidad Popular, Partido Comunista, Izquierda Democr\u00e1tica, etc.), m\u00e1s los peque\u00f1os partidos de centroderecha (Centro Democr\u00e1tica, Democracia Si, etc.), m\u00e1s m\u00faltiples organizaciones sociales, entre todos lograron el 64 por ciento en las preguntas claves, quiere decir que hay una falta de representatividad popular evidente en esos sectores por separado.<\/p>\n<\/p>\n<\/p>\n<p>Por lo tanto, la Consulta Popular no fortalece al gobierno ecuatoriano, lo debilita m\u00e1s, y lo peor es que de ahora en adelante ser\u00e1 un gobierno d\u00e9bil, que ya gast\u00f3 su carta pol\u00edtica fundamental que era la Consulta. A eso habr\u00e1 que sumar los reclamos de los distintos sectores, que exigir\u00e1n les cumpla los prometido. Promesas muchas veces dif\u00edciles de cumplir a todos por lo contradictorias.<\/p>\n<\/p>\n<\/p>\n<p>Otro elemento que se desprende de un an\u00e1lisis primario de los resultados, es que ninguno de esos sectores por separado tiene la representatividad popular de Correa. Con la prohibici\u00f3n de que sea candidato, guste o no Rafael Correa, se est\u00e1 eliminando de la contienda electoral al actor pol\u00edtico con mayor arraigo popular.<\/p>\n<\/p>\n<\/p>\n<p>El tema de la elecci\u00f3n indefinida, es un tema que no ha sido muy bien tratado<\/p>\n<\/p>\n<\/p>\n<p>No es verdad que en Uruguay y en Brasil est\u00e1 prohibida la reelecci\u00f3n indefinida. En Uruguay y Brasil hay reelecci\u00f3n indefinida pero hay que saltar un per\u00edodo, para poder reelegirse. Por ejemplo, en Uruguay si un presidente se elige con 40 a\u00f1os, termina su periodo (5 a\u00f1os), espera uno y puede volver a reelegirse, cumple su periodo, espera un periodo y vuelve a reelegirse. As\u00ed toda la vida hasta que se muera. Y en Brasil pueden estar dos periodos (8 a\u00f1os), esperar uno y luego dos periodos m\u00e1s y as\u00ed hasta morir. Eso tambi\u00e9n es reelecci\u00f3n indefinida.<\/p>\n<\/p>\n<\/p>\n<p>Ante esta prohibici\u00f3n de volver a ser candidato a Presidente de la Rep\u00fablica, habr\u00e1 que ver cu\u00e1l es el futuro pol\u00edtico de Rafael Correa. Sin embargo, se supone, que un actor pol\u00edtico con ese caudal electoral, con muchos a\u00f1os por delante, no podr\u00eda dejar a un lado su participaci\u00f3n pol\u00edtica desde distintos \u00e1mbitos, incluso pensando en otras candidaturas, como Alcald\u00eda de Guayaquil, Asamblea Nacional o Vicepresidencia de la Rep\u00fablica.<\/p>\n<\/p>\n<\/p>\n<p>Veamos que depara la realidad pol\u00edtica ecuatoriana en el mediano y largo plazo, pero sigue siendo un futuro de incertidumbre pol\u00edtica.<\/p>\n<\/p>\n<p>https:\/\/www.alainet.org\/es\/articulo\/190836<\/p>\n<\/p>\n<p>Del mismo autor<\/p>\n<p>Ecuador: De la consulta popular a un futuro pol\u00edtico incierto    05\/02\/2018<\/p>\n<p>Lenin    09\/11\/2017<\/p>\n<p>Viglietti y un rumor en el viento&#8230;    31\/10\/2017<\/p>\n<p>Una figura como Rafael Correa fortalecer\u00eda Unasur    24\/04\/2017<\/p>\n<p>Mi raz\u00f3n para votar por Lenin Moreno    20\/03\/2017<\/p>\n<p>Un discurso pol\u00edtico que cambi\u00f3 el rumbo de Am\u00e9rica Latina    28\/11\/2016<\/p>\n<p>Pepe Mujica: Los laberintos de la vida    23\/11\/2016<\/p>\n<p>Una mano de pl\u00e1tano    09\/05\/2016<\/p>\n<p>Algunas ense\u00f1anzas de vida    15\/04\/2016<\/p>\n<p>Ecuador: A prop\u00f3sito del Derecho a la Resistencia    08\/09\/2015<\/p>\n<h6> 2018-02-05 19:31:38 <\/h6>\n<p><!--\n<link rel=\"stylesheet\" href=\"css\/bootstrap.min.css\">\n\n\n<ul class=\"pagination\">\n\t    \n\t\n\n<li >\n\t<a href='?page_no=6656'>Previous<\/a>\n\t<\/li>\n\n\n       \n    \n\n<li><a href='?page_no=1'>1<\/a><\/li>\n\n\n\n<li><a href='?page_no=2'>2<\/a><\/li>\n\n\n\n<li><a>...<\/a><\/li>\n\n\n\n<li><a href='?page_no=6655'>6655<\/a><\/li>\n\n\n\n<li><a href='?page_no=6656'>6656<\/a><\/li>\n\n\n\n<li class='active'><a>6657<\/a><\/li>\n\n\n\n<li><a href='?page_no=6658'>6658<\/a><\/li>\n\n\n\n<li><a href='?page_no=6659'>6659<\/a><\/li>\n\n\n\n<li><a>...<\/a><\/li>\n\n\n\n<li><a href='?page_no=36999'>36999<\/a><\/li>\n\n\n\n<li><a href='?page_no=37000'>37000<\/a><\/li>\n\n    \n\t\n\n<li >\n\t<a href='?page_no=6658'>Next<\/a>\n\t<\/li>\n\n\n    \n\n<li><a href='?page_no=37000'>Last &rsaquo;&rsaquo;<\/a><\/li>\n\n<\/ul>\n\n\n--><br \/>\n<\/body><\/p>\n","protected":false},"excerpt":{"rendered":"<p>Kintto Lucas ALAI, 5 de febrero de 2018. La Consulta Popular que se realiz\u00f3 en Ecuador este domingo, arroja un resultado sobre el cu\u00e1l se pueden hacer algunas reflexiones primarias. Por un lado observar si se fortalece o se debilita el gobierno, por otro cu\u00e1l es el respaldo pol\u00edtico de Rafael Correa. M\u00e1s all\u00e1 de [&hellip;]<\/p>\n","protected":false},"author":3,"featured_media":0,"comment_status":"open","ping_status":"open","sticky":false,"template":"","format":"standard","meta":{"footnotes":""},"categories":[22],"tags":[],"class_list":["post-171341","post","type-post","status-publish","format-standard","hentry","category-politica"],"_links":{"self":[{"href":"https:\/\/diariodominicano.com\/index.php?rest_route=\/wp\/v2\/posts\/171341","targetHints":{"allow":["GET"]}}],"collection":[{"href":"https:\/\/diariodominicano.com\/index.php?rest_route=\/wp\/v2\/posts"}],"about":[{"href":"https:\/\/diariodominicano.com\/index.php?rest_route=\/wp\/v2\/types\/post"}],"author":[{"embeddable":true,"href":"https:\/\/diariodominicano.com\/index.php?rest_route=\/wp\/v2\/users\/3"}],"replies":[{"embeddable":true,"href":"https:\/\/diariodominicano.com\/index.php?rest_route=%2Fwp%2Fv2%2Fcomments&post=171341"}],"version-history":[{"count":0,"href":"https:\/\/diariodominicano.com\/index.php?rest_route=\/wp\/v2\/posts\/171341\/revisions"}],"wp:attachment":[{"href":"https:\/\/diariodominicano.com\/index.php?rest_route=%2Fwp%2Fv2%2Fmedia&parent=171341"}],"wp:term":[{"taxonomy":"category","embeddable":true,"href":"https:\/\/diariodominicano.com\/index.php?rest_route=%2Fwp%2Fv2%2Fcategories&post=171341"},{"taxonomy":"post_tag","embeddable":true,"href":"https:\/\/diariodominicano.com\/index.php?rest_route=%2Fwp%2Fv2%2Ftags&post=171341"}],"curies":[{"name":"wp","href":"https:\/\/api.w.org\/{rel}","templated":true}]}}