{"id":171340,"date":"2018-02-05T19:41:37","date_gmt":"2018-02-05T19:41:37","guid":{"rendered":"http:\/\/diariodominicano.ddns.net\/?p=171340"},"modified":"2018-02-05T19:41:37","modified_gmt":"2018-02-05T19:41:37","slug":"reunion-del-comite-politico-del-pld-se-desarrolla-con-31-de-los-35-miembros","status":"publish","type":"post","link":"https:\/\/diariodominicano.com\/?p=171340","title":{"rendered":"Reuni\u00f3n del Comit\u00e9 Pol\u00edtico del PLD se desarrolla con 31 de los 35 miembros"},"content":{"rendered":"<p><body><\/p>\n<p><img decoding=\"async\" src=\"img3\/_EMS3491.JPG\" \/><br \/><img decoding=\"async\" src=\"img3\/_EMS3516.JPG\" \/><br \/><img decoding=\"async\" src=\"img3\/_EMS3573.JPG\" \/>  <\/p>\n<\/p>\n<p><strong>SANTO DOMINGO, RD, 5 de febrero de 2018.-<\/strong> A las 7:10 de la noche inici\u00f3 formalmente  la reuni\u00f3n del Comit\u00e9 Pol\u00edtico del Partido de la Liberaci\u00f3n con la asistencia de  31 de los 35 miembros de ese organismo de direcci\u00f3n pol\u00edtica del PLD.<\/p>\n<\/p>\n<\/p>\n<p>El Presidente de la Republica Danilo Medina, el ex presidente Leonel Fern\u00e1ndez, presidente del PLD, Reinaldo Pared P\u00e9rez, secretario general y la vicepresidenta de la Republica, Margarita Cede\u00f1o de Fern\u00e1ndez encabezan el encuentro que se desarrolla en el sal\u00f3n Profesor Juan Bosch de la Oficina Presidencial del PLD en la Zona Universitaria.<\/p>\n<\/p>\n<\/p>\n<p>Despu\u00e9s de la salida de los fot\u00f3grafos y camar\u00f3grafos, a los que se les permiti\u00f3 la entrada para captar  las im\u00e1genes de apoyo para sus medios,  inici\u00f3 la reuni\u00f3n bajo conducci\u00f3n del ex Presidente Leonel Fern\u00e1ndez, quien en su calidad de presidente de la organizaci\u00f3n,  es quien dirige los debates.<\/p>\n<\/p>\n<\/p>\n<p>Dar continuidad al proyecto de Ley de Partidos, Agrupaciones y Movimientos Pol\u00edticos que cursa en el Congreso de la Republica pudiera estar en la agenda, as\u00ed como el tema de la elecci\u00f3n del Delegado Pol\u00edtico del PLD ante la Junta Central Electoral que desempe\u00f1aba Cesar Pina Toribio, Embajador de Republica Dominicana en Argentina, como lo inform\u00f3 Reinaldo Pared P\u00e9rez al inicio de la tarde.<\/p>\n<\/p>\n<\/p>\n<p>Las ausencias con las excusas son de Jos\u00e9 Tom\u00e1s P\u00e9rez, Lucia (Yomaira) Medina, Jos\u00e9 Joaqu\u00edn Bid\u00f3 Medina y Rafael Alburquerque.<\/p>\n<\/p>\n<\/p>\n<p>En las afueras de la Oficina Presidencial periodistas, fot\u00f3grafos y camar\u00f3grafos aguardan el final de la reuni\u00f3n para recibir las conclusiones del encuentro, mientras se mantienen en contacto con la coordinaci\u00f3n de los respectivos medios e informado por intermedio de las redes sociales. (Comunicaciones PLD)<\/p>\n<\/p>\n<h6> 2018-02-05 19:41:37 <\/h6>\n<p><!--\n<link rel=\"stylesheet\" href=\"css\/bootstrap.min.css\">\n\n\n<ul class=\"pagination\">\n\t    \n\t\n\n<li >\n\t<a href='?page_no=6655'>Previous<\/a>\n\t<\/li>\n\n\n       \n    \n\n<li><a href='?page_no=1'>1<\/a><\/li>\n\n\n\n<li><a href='?page_no=2'>2<\/a><\/li>\n\n\n\n<li><a>...<\/a><\/li>\n\n\n\n<li><a href='?page_no=6654'>6654<\/a><\/li>\n\n\n\n<li><a href='?page_no=6655'>6655<\/a><\/li>\n\n\n\n<li class='active'><a>6656<\/a><\/li>\n\n\n\n<li><a href='?page_no=6657'>6657<\/a><\/li>\n\n\n\n<li><a href='?page_no=6658'>6658<\/a><\/li>\n\n\n\n<li><a>...<\/a><\/li>\n\n\n\n<li><a href='?page_no=36999'>36999<\/a><\/li>\n\n\n\n<li><a href='?page_no=37000'>37000<\/a><\/li>\n\n    \n\t\n\n<li >\n\t<a href='?page_no=6657'>Next<\/a>\n\t<\/li>\n\n\n    \n\n<li><a href='?page_no=37000'>Last &rsaquo;&rsaquo;<\/a><\/li>\n\n<\/ul>\n\n\n--><br \/>\n<\/body><\/p>\n","protected":false},"excerpt":{"rendered":"<p>SANTO DOMINGO, RD, 5 de febrero de 2018.- A las 7:10 de la noche inici\u00f3 formalmente la reuni\u00f3n del Comit\u00e9 Pol\u00edtico del Partido de la Liberaci\u00f3n con la asistencia de 31 de los 35 miembros de ese organismo de direcci\u00f3n pol\u00edtica del PLD. El Presidente de la Republica Danilo Medina, el ex presidente Leonel Fern\u00e1ndez, [&hellip;]<\/p>\n","protected":false},"author":3,"featured_media":0,"comment_status":"open","ping_status":"open","sticky":false,"template":"","format":"standard","meta":{"footnotes":""},"categories":[22],"tags":[],"class_list":["post-171340","post","type-post","status-publish","format-standard","hentry","category-politica"],"_links":{"self":[{"href":"https:\/\/diariodominicano.com\/index.php?rest_route=\/wp\/v2\/posts\/171340","targetHints":{"allow":["GET"]}}],"collection":[{"href":"https:\/\/diariodominicano.com\/index.php?rest_route=\/wp\/v2\/posts"}],"about":[{"href":"https:\/\/diariodominicano.com\/index.php?rest_route=\/wp\/v2\/types\/post"}],"author":[{"embeddable":true,"href":"https:\/\/diariodominicano.com\/index.php?rest_route=\/wp\/v2\/users\/3"}],"replies":[{"embeddable":true,"href":"https:\/\/diariodominicano.com\/index.php?rest_route=%2Fwp%2Fv2%2Fcomments&post=171340"}],"version-history":[{"count":0,"href":"https:\/\/diariodominicano.com\/index.php?rest_route=\/wp\/v2\/posts\/171340\/revisions"}],"wp:attachment":[{"href":"https:\/\/diariodominicano.com\/index.php?rest_route=%2Fwp%2Fv2%2Fmedia&parent=171340"}],"wp:term":[{"taxonomy":"category","embeddable":true,"href":"https:\/\/diariodominicano.com\/index.php?rest_route=%2Fwp%2Fv2%2Fcategories&post=171340"},{"taxonomy":"post_tag","embeddable":true,"href":"https:\/\/diariodominicano.com\/index.php?rest_route=%2Fwp%2Fv2%2Ftags&post=171340"}],"curies":[{"name":"wp","href":"https:\/\/api.w.org\/{rel}","templated":true}]}}