{"id":171339,"date":"2018-02-05T23:45:01","date_gmt":"2018-02-05T23:45:01","guid":{"rendered":"http:\/\/diariodominicano.ddns.net\/?p=171339"},"modified":"2018-02-05T23:45:01","modified_gmt":"2018-02-05T23:45:01","slug":"cp-del-pld-deja-en-libertad-a-sus-congresistas-para-que-adopten-su-decision-cuando-se-discuta-el-proyecto-de-ley-de-partidos","status":"publish","type":"post","link":"https:\/\/diariodominicano.com\/?p=171339","title":{"rendered":"CP del PLD deja en libertad a sus congresistas para que adopten  su  decisi\u00f3n cuando se discuta el proyecto de Ley de Partidos"},"content":{"rendered":"<p><body><\/p>\n<p><img decoding=\"async\" src=\"img3\/RPP en RDP 5-2-18.jpg\" \/><br \/><img decoding=\"async\" src=\"img3\/TON_2883.JPG\" \/><br \/><img decoding=\"async\" src=\"img3\/_EMS3516.JPG\" \/>  <\/p>\n<p><strong><span class=\"text1noticias\">SANTO DOMINGO, RD, 5 de febrero de 2018.-<\/span><\/strong><span class=\"text1noticias\">  El Comit\u00e9 Pol\u00edtico del Partido de la Liberaci\u00f3n Dominicana (PLD) decidi\u00f3 dar plena libertad a sus diputados y senadores para que adopten su  decisi\u00f3n cuando se discuta el Proyecto de Ley de Partidos, Agrupaciones y Movimientos Pol\u00edticos y el de R\u00e9gimen Electoral en sus respectivos hemiciclos.<\/span><\/p>\n<\/p>\n<p><span class=\"text1noticias\">\u00abSe ha decidido dejar en libertad a los congresistas miembros del Partido de la Liberaci\u00f3n Dominicana para que en el seno del Congreso fijen su posici\u00f3n cuando en su hemiciclo se conozca el Proyecto de Ley de Partidos Pol\u00edticos y del R\u00e9gimen Electoral\u00bb, dijo Reinaldo Pared P\u00e9rez en el resumen de las decisiones adoptadas por ese organismo en la reuni\u00f3n sostenida la noche del lunes en la Oficina Presidencial.<\/span><\/p>\n<\/p>\n<p><span class=\"text1noticias\"> <\/span><\/p>\n<\/p>\n<p><strong><span class=\"text1noticias\">Escogen delegado ante la JCE<\/span><\/strong><\/p>\n<\/p>\n<p><span class=\"text1noticias\"> <\/span><\/p>\n<\/p>\n<p><span class=\"text1noticias\">En la reuni\u00f3n iniciada  a las  7:10 de la noche con  31 de los 35 miembros de ese organismo de direcci\u00f3n pol\u00edtica del PLD presentes y concluy\u00f3 a las 10:35 de la noche, minutos despu\u00e9s Reinaldo Pared P\u00e9rez, secretario general,  resumi\u00f3 los temas tratados  y las conclusiones arribadas.<\/span><\/p>\n<\/p>\n<p><span class=\"text1noticias\"> <\/span><\/p>\n<\/p>\n<p><span class=\"text1noticias\">Explic\u00f3 que cuatro puntos se trataron,  el primero fue la escogencia de Jos\u00e9 Ram\u00f3n Fadul (Monchy), miembro de ese organismo,  como delegado pol\u00edtico de esa organizaci\u00f3n ante la Junta Central Electoral en sustituci\u00f3n de C\u00e9sar Pina Toribio, quien por su condici\u00f3n de ser  Embajador de Republica Dominicana en Argentina, se vio precisado a renunciar a la funci\u00f3n.<\/span><\/p>\n<\/p>\n<p><span class=\"text1noticias\"> <\/span><\/p>\n<\/p>\n<p><span class=\"text1noticias\">La designaci\u00f3n de la representaci\u00f3n del PLD ante la Junta Central Electoral prosigui\u00f3 con el nombramiento de Jos\u00e9 Manuel Hern\u00e1ndez Peguero como delegado ante la Direcci\u00f3n de Elecciones del organismo de comicios y se ratific\u00f3 a Danilo D\u00edaz, titular de la Secretar\u00eda de Asuntos Electorales del PLD, como Delegado T\u00e9cnico ante la JCE.<\/span><\/p>\n<\/p>\n<p><span class=\"text1noticias\"> <\/span><\/p>\n<\/p>\n<p><strong><span class=\"text1noticias\">Proyectos  Ley de Partidos y del R\u00e9gimen Electoral<\/span><\/strong><\/p>\n<\/p>\n<p><span class=\"text1noticias\"> <\/span><\/p>\n<\/p>\n<p><span class=\"text1noticias\">Teniendo a su lado a Cristina Lizardo y Radham\u00e9s Camacho, Reinaldo Pared P\u00e9rez explic\u00f3 las conclusiones arribadas y en lo referente a los Proyectos de Ley de Partidos y del R\u00e9gimen Electoral se detuvo a explicar  las razones de  la decisi\u00f3n tomada.<\/span><\/p>\n<\/p>\n<p><span class=\"text1noticias\"> <\/span><\/p>\n<\/p>\n<p><span class=\"text1noticias\">\u00abEn el \u00fanico punto que hubo desacuerdo fue en el referente al desarrollo de las elecciones primarias en el Proyecto de Ley de Partidos;  como una manera de facilitar la aprobaci\u00f3n de dicho proyecto,  hemos dejado en libertad a nuestros congresistas\u00bb declar\u00f3 Pared P\u00e9rez quien, al responder a los periodistas,  revel\u00f3 que  dicha decisi\u00f3n se adopt\u00f3  por una amplia mayor\u00eda a propuesta de Monchy Fadul.<\/span><\/p>\n<\/p>\n<p><span class=\"text1noticias\"> <\/span><\/p>\n<\/p>\n<p><span class=\"text1noticias\">El Presidente de la Republica Danilo Medina, Leonel Fern\u00e1ndez, presidente del PLD, Reinaldo Pared P\u00e9rez, secretario general y la vicepresidenta de la Republica, Margarita Cede\u00f1o de Fern\u00e1ndez encabezaron  el encuentro que se desarroll\u00f3  en el sal\u00f3n Profesor Juan Bosch de la Oficina Presidencial del PLD en la Zona Universitaria.<\/span><\/p>\n<\/p>\n<p><span class=\"text1noticias\"> <\/span><\/p>\n<\/p>\n<p><span class=\"text1noticias\">Despu\u00e9s de la salida de los fot\u00f3grafos y camar\u00f3grafos, a los que se les permiti\u00f3 la entrada para captar  las im\u00e1genes de apoyo para sus medios,  inici\u00f3 la reuni\u00f3n bajo conducci\u00f3n del ex Presidente de la Republica ,  Leonel Fern\u00e1ndez, quien en su calidad de presidente de la organizaci\u00f3n,  es quien dirige los debates.<\/span><\/p>\n<\/p>\n<p><span class=\"text1noticias\"> <\/span><\/p>\n<p><span class=\"text1noticias\"> Reinaldo Pared P\u00e9rez dijo  que la decisi\u00f3n adoptada por el Comit\u00e9 Pol\u00edtico relacionada con la Ley de Partidos Pol\u00edticos abre el camino para que la pieza sea aprobada en el Congreso y as\u00ed poder contar con esa normativa.<\/span><\/p>\n<\/p>\n<p><span class=\"text1noticias\"> <\/span><\/p>\n<\/p>\n<p><span class=\"text1noticias\">\u00abEse fue el criterio que predomin\u00f3 al momento de discutir nuevamente ese punto en el seno del Comit\u00e9 Pol\u00edtico a los fines de que definitivamente se apruebe dicho proyecto de Ley\u00bb.<\/span><\/p>\n<\/p>\n<p><span class=\"text1noticias\"> <\/span><\/p>\n<\/p>\n<p><span class=\"text1noticias\">Inform\u00f3  que las ausencias de  Jos\u00e9 Tom\u00e1s P\u00e9rez, Lucia (Yomaira) Medina, y Rafael Alburquerque se justificaron con la canalizaci\u00f3n de sus respectivas excusas.<\/span><\/p>\n<\/p>\n<p><span class=\"text1noticias\"> <\/span><\/p>\n<p><span class=\"text1noticias\"><strong>Desestiman consulta a juristas<\/strong><\/span><\/p>\n<\/p>\n<p><span class=\"text1noticias\"> <\/span><\/p>\n<\/p>\n<p><span class=\"text1noticias\">Con relaci\u00f3n a la consulta que se realizar\u00eda a cinco especialistas en Derecho Constitucional para determinar si es o no constitucional la celebraci\u00f3n de primarias abiertas, explic\u00f3 que ese aspecto se desestim\u00f3 porque los comisionados para la elecci\u00f3n condicionaron escoger profesionales del Derecho que no hubieran asumido posici\u00f3n en el debate y al examinar el listado de los recomendados todos se hab\u00eda referido al tema.<\/span><\/p>\n<\/p>\n<p><span class=\"text1noticias\"> <\/span><\/p>\n<\/p>\n<p><span class=\"text1noticias\">\u00abY la verdad es  que cuando estuvimos viendo el listado que procuramos  en sentido general, mucho de esos juristas ya hab\u00edan tomado posici\u00f3n p\u00fablica en una u otra direcci\u00f3n\u00bb explic\u00f3 Pared P\u00e9rez por lo se desestim\u00f3 esa propuesta.<\/span><\/p>\n<\/p>\n<p><span class=\"text1noticias\"> <\/span><\/p>\n<p><span class=\"text1noticias\"><strong>Encuentros provinciales, municipales y de Seccionales<\/strong><\/span><\/p>\n<\/p>\n<p><span class=\"text1noticias\"> <\/span><\/p>\n<\/p>\n<p><span class=\"text1noticias\">Un tercer punto tratado fue de retomar las reuniones que la Presidencia y la Secretaria General del PLD realizar\u00edan con la dirigencia partidaria a todos los niveles: \u00abvamos a coordinar una serie de reuniones y encuentros en sus diversos niveles, como el Comit\u00e9 Central,  por una parte, con los presidentes provinciales y municipales por otra parte, de seccionales y de circunscripciones\u00bb.<\/span><\/p>\n<\/p>\n<p><span class=\"text1noticias\"> <\/span><\/p>\n<\/p>\n<p><span class=\"text1noticias\">En el encuentro del Comit\u00e9 Pol\u00edtico se decidi\u00f3  tambi\u00e9n retomar las reuniones ordinarias el primer lunes de cada mes y que si por alguna raz\u00f3n ese d\u00eda no puede ser  posible,  entonces que sea la primera semana de ese mes.<\/span><\/p>\n<\/p>\n<p><span class=\"text1noticias\"> <\/span><\/p>\n<\/p>\n<p><span class=\"text1noticias\">Respaldo a Danilo Medina en el di\u00e1logo entre venezolanos<\/span><\/p>\n<\/p>\n<p><span class=\"text1noticias\">En  el \u00faltimo de los puntos tratados en dar un voto de respaldo a las gestiones y actuaciones del Presidente Danilo Medina, miembro del Comit\u00e9 Pol\u00edtico, quien en su calidad de presidente de la Rep\u00fablica, ha venido realizando ingentes esfuerzos  en torno a procurar una soluci\u00f3n pasiva, negociada y democr\u00e1tica de la situaci\u00f3n pol\u00edtica que vive  en la hermana Rep\u00fablica de Venezuela.<\/span><\/p>\n<\/p>\n<p><span class=\"text1noticias\"> <\/span><\/p>\n<\/p>\n<p><span class=\"text1noticias\">\u00abEl Comit\u00e9 Pol\u00edtico entendi\u00f3 que han sido importantes, trascendentes, las gestiones que ha hecho el compa\u00f1ero Danilo Medina en su se\u00f1alada calidad y por ello mereci\u00f3 el respaldo para buscar una salida consensuada, democr\u00e1tica y negociada\u00bb declar\u00f3  Pared P\u00e9rez al resumir las conclusiones de la reuni\u00f3n del Comit\u00e9 Pol\u00edtico del PLD realizada la noche del lunes 5 de febrero.<\/span><\/p>\n<\/p>\n<\/p>\n<\/p>\n<\/p>\n<h6> 2018-02-05 23:45:01 <\/h6>\n<p><!--\n<link rel=\"stylesheet\" href=\"css\/bootstrap.min.css\">\n\n\n<ul class=\"pagination\">\n\t    \n\t\n\n<li >\n\t<a href='?page_no=6654'>Previous<\/a>\n\t<\/li>\n\n\n       \n    \n\n<li><a href='?page_no=1'>1<\/a><\/li>\n\n\n\n<li><a href='?page_no=2'>2<\/a><\/li>\n\n\n\n<li><a>...<\/a><\/li>\n\n\n\n<li><a href='?page_no=6653'>6653<\/a><\/li>\n\n\n\n<li><a href='?page_no=6654'>6654<\/a><\/li>\n\n\n\n<li class='active'><a>6655<\/a><\/li>\n\n\n\n<li><a href='?page_no=6656'>6656<\/a><\/li>\n\n\n\n<li><a href='?page_no=6657'>6657<\/a><\/li>\n\n\n\n<li><a>...<\/a><\/li>\n\n\n\n<li><a href='?page_no=36999'>36999<\/a><\/li>\n\n\n\n<li><a href='?page_no=37000'>37000<\/a><\/li>\n\n    \n\t\n\n<li >\n\t<a href='?page_no=6656'>Next<\/a>\n\t<\/li>\n\n\n    \n\n<li><a href='?page_no=37000'>Last &rsaquo;&rsaquo;<\/a><\/li>\n\n<\/ul>\n\n\n--><br \/>\n<\/body><\/p>\n","protected":false},"excerpt":{"rendered":"<p>SANTO DOMINGO, RD, 5 de febrero de 2018.- El Comit\u00e9 Pol\u00edtico del Partido de la Liberaci\u00f3n Dominicana (PLD) decidi\u00f3 dar plena libertad a sus diputados y senadores para que adopten su decisi\u00f3n cuando se discuta el Proyecto de Ley de Partidos, Agrupaciones y Movimientos Pol\u00edticos y el de R\u00e9gimen Electoral en sus respectivos hemiciclos. \u00abSe [&hellip;]<\/p>\n","protected":false},"author":3,"featured_media":0,"comment_status":"open","ping_status":"open","sticky":false,"template":"","format":"standard","meta":{"footnotes":""},"categories":[22],"tags":[],"class_list":["post-171339","post","type-post","status-publish","format-standard","hentry","category-politica"],"_links":{"self":[{"href":"https:\/\/diariodominicano.com\/index.php?rest_route=\/wp\/v2\/posts\/171339","targetHints":{"allow":["GET"]}}],"collection":[{"href":"https:\/\/diariodominicano.com\/index.php?rest_route=\/wp\/v2\/posts"}],"about":[{"href":"https:\/\/diariodominicano.com\/index.php?rest_route=\/wp\/v2\/types\/post"}],"author":[{"embeddable":true,"href":"https:\/\/diariodominicano.com\/index.php?rest_route=\/wp\/v2\/users\/3"}],"replies":[{"embeddable":true,"href":"https:\/\/diariodominicano.com\/index.php?rest_route=%2Fwp%2Fv2%2Fcomments&post=171339"}],"version-history":[{"count":0,"href":"https:\/\/diariodominicano.com\/index.php?rest_route=\/wp\/v2\/posts\/171339\/revisions"}],"wp:attachment":[{"href":"https:\/\/diariodominicano.com\/index.php?rest_route=%2Fwp%2Fv2%2Fmedia&parent=171339"}],"wp:term":[{"taxonomy":"category","embeddable":true,"href":"https:\/\/diariodominicano.com\/index.php?rest_route=%2Fwp%2Fv2%2Fcategories&post=171339"},{"taxonomy":"post_tag","embeddable":true,"href":"https:\/\/diariodominicano.com\/index.php?rest_route=%2Fwp%2Fv2%2Ftags&post=171339"}],"curies":[{"name":"wp","href":"https:\/\/api.w.org\/{rel}","templated":true}]}}