{"id":171338,"date":"2018-02-06T11:25:25","date_gmt":"2018-02-06T11:25:25","guid":{"rendered":"http:\/\/diariodominicano.ddns.net\/?p=171338"},"modified":"2018-02-06T11:25:25","modified_gmt":"2018-02-06T11:25:25","slug":"reconocen-labor-social-del-dirigente-politico-wandel-cuevas","status":"publish","type":"post","link":"https:\/\/diariodominicano.com\/?p=171338","title":{"rendered":"Reconocen labor social del dirigente pol\u00edtico Wandel Cuevas"},"content":{"rendered":"<p><body><\/p>\n<p><img decoding=\"async\" src=\"img3\/wande.jpg\" \/>  <\/p>\n<p>Santo Domingo. ? Representantes de La alcald\u00eda del municipio Santo Domingo Oeste y el regidor de ese municipio, Wascar Rivera, reconocieron la trayectoria y labor social del vicesecretario de la juventud del Partido de la Liberaci\u00f3n Dominicana (PLD) Wandel Cuevas.<\/p>\n<\/p>\n<p>La distinci\u00f3n fue otorgada en el marco de la conferencia \u00abJuventud, Medio Ambiente y Cambio Clim\u00e1tico\u00bb, dictada por el ministro de Medio Ambiente, Francisco Dom\u00ednguez Brito, en la cual tambi\u00e9n fueron reconocidos otros j\u00f3venes del municipio.<\/p>\n<\/p>\n<p>Cuevas se ha enfocado en realizar desde su \u00abFundaci\u00f3n Vuelve a Vivir\u00bb trabajo comunitario en este municipio y ha coordinado en todo el pa\u00eds intensas jornadas de reforestaci\u00f3n.<\/p>\n<\/p>\n<p>El dirigente pol\u00edtico agradeci\u00f3 la distinci\u00f3n y afirm\u00f3 que contrario a lo que se piensa, los j\u00f3venes tienen preocupaciones que van m\u00e1s all\u00e1 de las trivialidades que podr\u00eda presentarle la sociedad actual.<\/p>\n<\/p>\n<p>\u00abUn reciente estudio hecho entre los millennials de 184 pa\u00edses por el Foro Econ\u00f3mico Mundial revela que al 48% les preocupa el cambio clim\u00e1tico, al 30% la desigualdad social y al 29 % la pobreza. \u00ab, puntualiz\u00f3.<\/p>\n<h6> 2018-02-06 11:25:25 <\/h6>\n<p><!--\n<link rel=\"stylesheet\" href=\"css\/bootstrap.min.css\">\n\n\n<ul class=\"pagination\">\n\t    \n\t\n\n<li >\n\t<a href='?page_no=6653'>Previous<\/a>\n\t<\/li>\n\n\n       \n    \n\n<li><a href='?page_no=1'>1<\/a><\/li>\n\n\n\n<li><a href='?page_no=2'>2<\/a><\/li>\n\n\n\n<li><a>...<\/a><\/li>\n\n\n\n<li><a href='?page_no=6652'>6652<\/a><\/li>\n\n\n\n<li><a href='?page_no=6653'>6653<\/a><\/li>\n\n\n\n<li class='active'><a>6654<\/a><\/li>\n\n\n\n<li><a href='?page_no=6655'>6655<\/a><\/li>\n\n\n\n<li><a href='?page_no=6656'>6656<\/a><\/li>\n\n\n\n<li><a>...<\/a><\/li>\n\n\n\n<li><a href='?page_no=36999'>36999<\/a><\/li>\n\n\n\n<li><a href='?page_no=37000'>37000<\/a><\/li>\n\n    \n\t\n\n<li >\n\t<a href='?page_no=6655'>Next<\/a>\n\t<\/li>\n\n\n    \n\n<li><a href='?page_no=37000'>Last &rsaquo;&rsaquo;<\/a><\/li>\n\n<\/ul>\n\n\n--><br \/>\n<\/body><\/p>\n","protected":false},"excerpt":{"rendered":"<p>Santo Domingo. ? Representantes de La alcald\u00eda del municipio Santo Domingo Oeste y el regidor de ese municipio, Wascar Rivera, reconocieron la trayectoria y labor social del vicesecretario de la juventud del Partido de la Liberaci\u00f3n Dominicana (PLD) Wandel Cuevas. La distinci\u00f3n fue otorgada en el marco de la conferencia \u00abJuventud, Medio Ambiente y Cambio [&hellip;]<\/p>\n","protected":false},"author":3,"featured_media":0,"comment_status":"open","ping_status":"open","sticky":false,"template":"","format":"standard","meta":{"footnotes":""},"categories":[22],"tags":[],"class_list":["post-171338","post","type-post","status-publish","format-standard","hentry","category-politica"],"_links":{"self":[{"href":"https:\/\/diariodominicano.com\/index.php?rest_route=\/wp\/v2\/posts\/171338","targetHints":{"allow":["GET"]}}],"collection":[{"href":"https:\/\/diariodominicano.com\/index.php?rest_route=\/wp\/v2\/posts"}],"about":[{"href":"https:\/\/diariodominicano.com\/index.php?rest_route=\/wp\/v2\/types\/post"}],"author":[{"embeddable":true,"href":"https:\/\/diariodominicano.com\/index.php?rest_route=\/wp\/v2\/users\/3"}],"replies":[{"embeddable":true,"href":"https:\/\/diariodominicano.com\/index.php?rest_route=%2Fwp%2Fv2%2Fcomments&post=171338"}],"version-history":[{"count":0,"href":"https:\/\/diariodominicano.com\/index.php?rest_route=\/wp\/v2\/posts\/171338\/revisions"}],"wp:attachment":[{"href":"https:\/\/diariodominicano.com\/index.php?rest_route=%2Fwp%2Fv2%2Fmedia&parent=171338"}],"wp:term":[{"taxonomy":"category","embeddable":true,"href":"https:\/\/diariodominicano.com\/index.php?rest_route=%2Fwp%2Fv2%2Fcategories&post=171338"},{"taxonomy":"post_tag","embeddable":true,"href":"https:\/\/diariodominicano.com\/index.php?rest_route=%2Fwp%2Fv2%2Ftags&post=171338"}],"curies":[{"name":"wp","href":"https:\/\/api.w.org\/{rel}","templated":true}]}}