{"id":171337,"date":"2018-02-06T12:20:36","date_gmt":"2018-02-06T12:20:36","guid":{"rendered":"http:\/\/diariodominicano.ddns.net\/?p=171337"},"modified":"2018-02-06T12:20:36","modified_gmt":"2018-02-06T12:20:36","slug":"partido-dxc-inicia-plan-de-renovacion-escoge-directiva","status":"publish","type":"post","link":"https:\/\/diariodominicano.com\/?p=171337","title":{"rendered":"Partido DXC inicia plan de renovaci\u00f3n escoge directiva &#13;&#13;"},"content":{"rendered":"<p><body><\/p>\n<p><img decoding=\"async\" src=\"img3\/estre1.jpg\" \/>  <\/p>\n<p>El Partido Dominicanos por el Cambio (DXC), dentro de su nuevo plan de renovaci\u00f3n de cara a lo que ser\u00e1 su futuro pol\u00edtico, escogi\u00f3 como nuevo presidente de esa organizaci\u00f3n a Manuel Oviedo Estrada, mientras que el  diputado del PARLACEN, Claudio Marte,  fue electo vicepresidente, Juan Carlos Garc\u00eda, secretario general; y H\u00e9ctor Javier Guzm\u00e1n, secretario de organizaci\u00f3n.<\/p>\n<\/p>\n<p>La decisi\u00f3n del m\u00e1ximo organismo de esa organizaci\u00f3n pol\u00edtica fue aprobada en el marco de de su IV Asamblea Extraordinaria y Ordinaria, en la cual se aprob\u00f3 adem\u00e1s demandar del gobierno la detenci\u00f3n de los planes para la explotaci\u00f3n de la miner\u00eda en la provincia de San Juan de la Maguana, debido a los da\u00f1os que esto producir\u00e1 a la agricultura,  el medio ambiente y el ecosistema.<\/p>\n<\/p>\n<p>??Quiero dejar claro, que ni por asomo se interprete, que estoy abandonando la pol\u00edtica o d\u00e1ndole la espalda a nuestro partido, que nos ha costado tanto sudor y l\u00e1grimas, y mucho menos ser indiferente ante las vicisitudes y calamidades que est\u00e1 pasando el pueblo dominicano??, afirm\u00f3 Eduardo Estrella durante el discurso central del evento.<\/p>\n<\/p>\n<p>Afirm\u00f3 que de ahora en adelante se abocar\u00e1, junto a las nuevas autoridades, a fortalecer el partido, a tener mayor contacto con los grupos sociales palpando las necesidades m\u00e1s sentidas  que tienen las diferentes comunidades y a impulsar y promover un verdadero bloque opositor: <\/p>\n<p>??\u00c9tico, coherente y comprometido en base a un programa m\u00ednimo de gobierno, con una clara determinaci\u00f3n: de enfrentar y resolver el caos y el desorden que impera en los estamentos del Estado??, asegur\u00f3 el dirigente pol\u00edtico.<\/p>\n<\/p>\n<p>Precis\u00f3 que trabajar\u00e1 juntos y sin descanso para que en el 2020 se produzca un cambio de rumbo en el pa\u00eds y sacar, de una vez y por todas, al gobierno corrupto del PLD del Palacio Nacional.<\/p>\n<h6> 2018-02-06 12:20:36 <\/h6>\n<p><!--\n<link rel=\"stylesheet\" href=\"css\/bootstrap.min.css\">\n\n\n<ul class=\"pagination\">\n\t    \n\t\n\n<li >\n\t<a href='?page_no=6652'>Previous<\/a>\n\t<\/li>\n\n\n       \n    \n\n<li><a href='?page_no=1'>1<\/a><\/li>\n\n\n\n<li><a href='?page_no=2'>2<\/a><\/li>\n\n\n\n<li><a>...<\/a><\/li>\n\n\n\n<li><a href='?page_no=6651'>6651<\/a><\/li>\n\n\n\n<li><a href='?page_no=6652'>6652<\/a><\/li>\n\n\n\n<li class='active'><a>6653<\/a><\/li>\n\n\n\n<li><a href='?page_no=6654'>6654<\/a><\/li>\n\n\n\n<li><a href='?page_no=6655'>6655<\/a><\/li>\n\n\n\n<li><a>...<\/a><\/li>\n\n\n\n<li><a href='?page_no=36999'>36999<\/a><\/li>\n\n\n\n<li><a href='?page_no=37000'>37000<\/a><\/li>\n\n    \n\t\n\n<li >\n\t<a href='?page_no=6654'>Next<\/a>\n\t<\/li>\n\n\n    \n\n<li><a href='?page_no=37000'>Last &rsaquo;&rsaquo;<\/a><\/li>\n\n<\/ul>\n\n\n--><br \/>\n<\/body><\/p>\n","protected":false},"excerpt":{"rendered":"<p>El Partido Dominicanos por el Cambio (DXC), dentro de su nuevo plan de renovaci\u00f3n de cara a lo que ser\u00e1 su futuro pol\u00edtico, escogi\u00f3 como nuevo presidente de esa organizaci\u00f3n a Manuel Oviedo Estrada, mientras que el diputado del PARLACEN, Claudio Marte, fue electo vicepresidente, Juan Carlos Garc\u00eda, secretario general; y H\u00e9ctor Javier Guzm\u00e1n, secretario [&hellip;]<\/p>\n","protected":false},"author":3,"featured_media":0,"comment_status":"open","ping_status":"open","sticky":false,"template":"","format":"standard","meta":{"footnotes":""},"categories":[22],"tags":[],"class_list":["post-171337","post","type-post","status-publish","format-standard","hentry","category-politica"],"_links":{"self":[{"href":"https:\/\/diariodominicano.com\/index.php?rest_route=\/wp\/v2\/posts\/171337","targetHints":{"allow":["GET"]}}],"collection":[{"href":"https:\/\/diariodominicano.com\/index.php?rest_route=\/wp\/v2\/posts"}],"about":[{"href":"https:\/\/diariodominicano.com\/index.php?rest_route=\/wp\/v2\/types\/post"}],"author":[{"embeddable":true,"href":"https:\/\/diariodominicano.com\/index.php?rest_route=\/wp\/v2\/users\/3"}],"replies":[{"embeddable":true,"href":"https:\/\/diariodominicano.com\/index.php?rest_route=%2Fwp%2Fv2%2Fcomments&post=171337"}],"version-history":[{"count":0,"href":"https:\/\/diariodominicano.com\/index.php?rest_route=\/wp\/v2\/posts\/171337\/revisions"}],"wp:attachment":[{"href":"https:\/\/diariodominicano.com\/index.php?rest_route=%2Fwp%2Fv2%2Fmedia&parent=171337"}],"wp:term":[{"taxonomy":"category","embeddable":true,"href":"https:\/\/diariodominicano.com\/index.php?rest_route=%2Fwp%2Fv2%2Fcategories&post=171337"},{"taxonomy":"post_tag","embeddable":true,"href":"https:\/\/diariodominicano.com\/index.php?rest_route=%2Fwp%2Fv2%2Ftags&post=171337"}],"curies":[{"name":"wp","href":"https:\/\/api.w.org\/{rel}","templated":true}]}}