{"id":171336,"date":"2018-02-06T12:40:44","date_gmt":"2018-02-06T12:40:44","guid":{"rendered":"http:\/\/diariodominicano.ddns.net\/?p=171336"},"modified":"2018-02-06T12:40:44","modified_gmt":"2018-02-06T12:40:44","slug":"adn-pagara-17-4-millones-de-pesos-de-prestaciones-laborales-en-total-suman-201","status":"publish","type":"post","link":"https:\/\/diariodominicano.com\/?p=171336","title":{"rendered":"ADN pagar\u00e1 17.4 millones  de pesos de prestaciones laborales  en total suman 201"},"content":{"rendered":"<p><body><\/p>\n<p>Santo Domingo. La alcald\u00eda del Distrito Nacional   iniciar\u00e1 a partir de ma\u00f1ana el  pago de prestaciones laborales a empleados desvinculados por esta administraci\u00f3n, y en tal sentido est\u00e1 destinando unos 17.4 millones de pesos.<\/p>\n<\/p>\n<p>Con estos suman ya 201 millones de pesos en prestaciones laborales pagadas, explic\u00f3 la alcald\u00eda, instituci\u00f3n que aclar\u00f3 que esos fondos no fueron reservados  por la pasada administraci\u00f3n, tal y como establece la ley.<\/p>\n<\/p>\n<p>\u00abEs la primera vez que un gobierno local paga las prestaciones laborales a los empleados desvinculados, que en la actualidad no pasan del 50 por ciento de la totalidad de los empleados que encontr\u00f3 esta nueva administraci\u00f3n\u00bb, dice en una nota de prensa el cabildo de la ciudad capital. <\/p>\n<\/p>\n<p>La alcald\u00eda seguir\u00e1 publicando las fechas de pagos y asegura cumplir\u00e1 con todos los empleados que salgan de la administraci\u00f3n. <\/p>\n<\/p>\n<p>Hemos marcado una diferencia y  pagado m\u00e1s de 205 millones de pesos en un hecho sin precedente y lo continuaremos haciendo. <\/p>\n<h6> 2018-02-06 12:40:44 <\/h6>\n<p><!--\n<link rel=\"stylesheet\" href=\"css\/bootstrap.min.css\">\n\n\n<ul class=\"pagination\">\n\t    \n\t\n\n<li >\n\t<a href='?page_no=6651'>Previous<\/a>\n\t<\/li>\n\n\n       \n    \n\n<li><a href='?page_no=1'>1<\/a><\/li>\n\n\n\n<li><a href='?page_no=2'>2<\/a><\/li>\n\n\n\n<li><a>...<\/a><\/li>\n\n\n\n<li><a href='?page_no=6650'>6650<\/a><\/li>\n\n\n\n<li><a href='?page_no=6651'>6651<\/a><\/li>\n\n\n\n<li class='active'><a>6652<\/a><\/li>\n\n\n\n<li><a href='?page_no=6653'>6653<\/a><\/li>\n\n\n\n<li><a href='?page_no=6654'>6654<\/a><\/li>\n\n\n\n<li><a>...<\/a><\/li>\n\n\n\n<li><a href='?page_no=36999'>36999<\/a><\/li>\n\n\n\n<li><a href='?page_no=37000'>37000<\/a><\/li>\n\n    \n\t\n\n<li >\n\t<a href='?page_no=6653'>Next<\/a>\n\t<\/li>\n\n\n    \n\n<li><a href='?page_no=37000'>Last &rsaquo;&rsaquo;<\/a><\/li>\n\n<\/ul>\n\n\n--><br \/>\n<\/body><\/p>\n","protected":false},"excerpt":{"rendered":"<p>Santo Domingo. La alcald\u00eda del Distrito Nacional iniciar\u00e1 a partir de ma\u00f1ana el pago de prestaciones laborales a empleados desvinculados por esta administraci\u00f3n, y en tal sentido est\u00e1 destinando unos 17.4 millones de pesos. Con estos suman ya 201 millones de pesos en prestaciones laborales pagadas, explic\u00f3 la alcald\u00eda, instituci\u00f3n que aclar\u00f3 que esos fondos [&hellip;]<\/p>\n","protected":false},"author":3,"featured_media":0,"comment_status":"open","ping_status":"open","sticky":false,"template":"","format":"standard","meta":{"footnotes":""},"categories":[22],"tags":[],"class_list":["post-171336","post","type-post","status-publish","format-standard","hentry","category-politica"],"_links":{"self":[{"href":"https:\/\/diariodominicano.com\/index.php?rest_route=\/wp\/v2\/posts\/171336","targetHints":{"allow":["GET"]}}],"collection":[{"href":"https:\/\/diariodominicano.com\/index.php?rest_route=\/wp\/v2\/posts"}],"about":[{"href":"https:\/\/diariodominicano.com\/index.php?rest_route=\/wp\/v2\/types\/post"}],"author":[{"embeddable":true,"href":"https:\/\/diariodominicano.com\/index.php?rest_route=\/wp\/v2\/users\/3"}],"replies":[{"embeddable":true,"href":"https:\/\/diariodominicano.com\/index.php?rest_route=%2Fwp%2Fv2%2Fcomments&post=171336"}],"version-history":[{"count":0,"href":"https:\/\/diariodominicano.com\/index.php?rest_route=\/wp\/v2\/posts\/171336\/revisions"}],"wp:attachment":[{"href":"https:\/\/diariodominicano.com\/index.php?rest_route=%2Fwp%2Fv2%2Fmedia&parent=171336"}],"wp:term":[{"taxonomy":"category","embeddable":true,"href":"https:\/\/diariodominicano.com\/index.php?rest_route=%2Fwp%2Fv2%2Fcategories&post=171336"},{"taxonomy":"post_tag","embeddable":true,"href":"https:\/\/diariodominicano.com\/index.php?rest_route=%2Fwp%2Fv2%2Ftags&post=171336"}],"curies":[{"name":"wp","href":"https:\/\/api.w.org\/{rel}","templated":true}]}}