{"id":171335,"date":"2018-02-06T12:43:17","date_gmt":"2018-02-06T12:43:17","guid":{"rendered":"http:\/\/diariodominicano.ddns.net\/?p=171335"},"modified":"2018-02-06T12:43:17","modified_gmt":"2018-02-06T12:43:17","slug":"ruben-maldonado-resalta-cordialidad-y-respeto-predominantes-en-el-cp-del-pld","status":"publish","type":"post","link":"https:\/\/diariodominicano.com\/?p=171335","title":{"rendered":"Rub\u00e9n Maldonado resalta cordialidad y respeto predominantes en el CP del PLD"},"content":{"rendered":"<p><body><\/p>\n<p><img decoding=\"async\" src=\"img3\/maldo.jpg\" \/>  <\/p>\n<p>Rub\u00e9n Maldonado, miembro de oficio del Comit\u00e9 Pol\u00edtico del Partido de la Liberaci\u00f3n Dominicana y presidente de la C\u00e1mara de Diputados dijo que ese  organismo de direcci\u00f3n del PLD  entendi\u00f3 que el proyecto de ley de Partidos y Agrupaciones Pol\u00edticas es eminentemente congresual y que por eso decidi\u00f3 que sus legisladores act\u00faen libremente con relaci\u00f3n al punto de la organizaci\u00f3n de las primarias a lo interno de los partidos.<\/p>\n<\/p>\n<p>Maldonado aclar\u00f3 que con esta decisi\u00f3n el Comit\u00e9 Pol\u00edtico no ha renunciado a su responsabilidad de orientar adecuadamente a sus legisladores y trazar la pol\u00edtica congresual como establecen los estatutos del PLD.<\/p>\n<\/p>\n<p>\u00abAcordamos volver a llevar este tema al escenario donde tiene que estar,  que es el Congreso Nacional, \u00faltima instancia donde tendr\u00e1 que decidirse el proyecto de Ley de Partidos y Agrupaciones Pol\u00edticas\u00bb, declar\u00f3 Maldonado, entrevistado en el programa Hoy Mismo en donde destaco la armon\u00eda y esp\u00edritu de distenci\u00f3n dominante en el encuentro efectuado la noche del lunes.<\/p>\n<\/p>\n<p>Expres\u00f3 que los legisladores tienen que trabajar para que el proyecto pueda aprobarse, pero que por si alguna raz\u00f3n no puede sancionarse conjuntamente con el C\u00f3digo Electoral, las elecciones del 2020 no peligran.<\/p>\n<\/p>\n<p>El legislador admiti\u00f3 que desgraciadamente  se  le dio  un mal manejo a tema de la celebraci\u00f3n de las primarias y se vendi\u00f3 la imagen a nivel p\u00fablico de que en el partido hab\u00eda dos posiciones cerradas.<\/p>\n<\/p>\n<p>Cuestionado acerca de rumores de que en centros de c\u00f3mputos de la Junta Central Electoral se estar\u00edan sustituyendo t\u00e9cnicos y nombrando otros de afiliaci\u00f3n pol\u00edtica de la oposici\u00f3n manifest\u00f3 que estos profesionales no deben estar vinculados a ning\u00fan partido pol\u00edtico.<\/p>\n<\/p>\n<p>\u00abComo Partido esperamos que todos los funcionarios que se designen a nivel de la Junta no solo en el aspecto administrativo del proceso electoral, sino tambi\u00e9n en la oficial\u00eda civil est\u00e9n amparado sobre la base del criterio que prim\u00f3 para organizar la misma Junta Central Electoral que fue  que no est\u00e9n vinculados a ning\u00fan parrido pol\u00edtico\u00bb, agreg\u00f3.<\/p>\n<h6> 2018-02-06 12:43:17 <\/h6>\n<p><!--\n<link rel=\"stylesheet\" href=\"css\/bootstrap.min.css\">\n\n\n<ul class=\"pagination\">\n\t    \n\t\n\n<li >\n\t<a href='?page_no=6650'>Previous<\/a>\n\t<\/li>\n\n\n       \n    \n\n<li><a href='?page_no=1'>1<\/a><\/li>\n\n\n\n<li><a href='?page_no=2'>2<\/a><\/li>\n\n\n\n<li><a>...<\/a><\/li>\n\n\n\n<li><a href='?page_no=6649'>6649<\/a><\/li>\n\n\n\n<li><a href='?page_no=6650'>6650<\/a><\/li>\n\n\n\n<li class='active'><a>6651<\/a><\/li>\n\n\n\n<li><a href='?page_no=6652'>6652<\/a><\/li>\n\n\n\n<li><a href='?page_no=6653'>6653<\/a><\/li>\n\n\n\n<li><a>...<\/a><\/li>\n\n\n\n<li><a href='?page_no=36999'>36999<\/a><\/li>\n\n\n\n<li><a href='?page_no=37000'>37000<\/a><\/li>\n\n    \n\t\n\n<li >\n\t<a href='?page_no=6652'>Next<\/a>\n\t<\/li>\n\n\n    \n\n<li><a href='?page_no=37000'>Last &rsaquo;&rsaquo;<\/a><\/li>\n\n<\/ul>\n\n\n--><br \/>\n<\/body><\/p>\n","protected":false},"excerpt":{"rendered":"<p>Rub\u00e9n Maldonado, miembro de oficio del Comit\u00e9 Pol\u00edtico del Partido de la Liberaci\u00f3n Dominicana y presidente de la C\u00e1mara de Diputados dijo que ese organismo de direcci\u00f3n del PLD entendi\u00f3 que el proyecto de ley de Partidos y Agrupaciones Pol\u00edticas es eminentemente congresual y que por eso decidi\u00f3 que sus legisladores act\u00faen libremente con relaci\u00f3n [&hellip;]<\/p>\n","protected":false},"author":3,"featured_media":0,"comment_status":"open","ping_status":"open","sticky":false,"template":"","format":"standard","meta":{"footnotes":""},"categories":[22],"tags":[],"class_list":["post-171335","post","type-post","status-publish","format-standard","hentry","category-politica"],"_links":{"self":[{"href":"https:\/\/diariodominicano.com\/index.php?rest_route=\/wp\/v2\/posts\/171335","targetHints":{"allow":["GET"]}}],"collection":[{"href":"https:\/\/diariodominicano.com\/index.php?rest_route=\/wp\/v2\/posts"}],"about":[{"href":"https:\/\/diariodominicano.com\/index.php?rest_route=\/wp\/v2\/types\/post"}],"author":[{"embeddable":true,"href":"https:\/\/diariodominicano.com\/index.php?rest_route=\/wp\/v2\/users\/3"}],"replies":[{"embeddable":true,"href":"https:\/\/diariodominicano.com\/index.php?rest_route=%2Fwp%2Fv2%2Fcomments&post=171335"}],"version-history":[{"count":0,"href":"https:\/\/diariodominicano.com\/index.php?rest_route=\/wp\/v2\/posts\/171335\/revisions"}],"wp:attachment":[{"href":"https:\/\/diariodominicano.com\/index.php?rest_route=%2Fwp%2Fv2%2Fmedia&parent=171335"}],"wp:term":[{"taxonomy":"category","embeddable":true,"href":"https:\/\/diariodominicano.com\/index.php?rest_route=%2Fwp%2Fv2%2Fcategories&post=171335"},{"taxonomy":"post_tag","embeddable":true,"href":"https:\/\/diariodominicano.com\/index.php?rest_route=%2Fwp%2Fv2%2Ftags&post=171335"}],"curies":[{"name":"wp","href":"https:\/\/api.w.org\/{rel}","templated":true}]}}