{"id":171334,"date":"2018-02-06T14:15:07","date_gmt":"2018-02-06T14:15:07","guid":{"rendered":"http:\/\/diariodominicano.ddns.net\/?p=171334"},"modified":"2018-02-06T14:15:07","modified_gmt":"2018-02-06T14:15:07","slug":"jce-entrega-materiales-para-convencion-prm","status":"publish","type":"post","link":"https:\/\/diariodominicano.com\/?p=171334","title":{"rendered":"&#13;&#13;JCE entrega materiales para Convenci\u00f3n PRM"},"content":{"rendered":"<p><body><\/p>\n<p><img decoding=\"async\" src=\"img3\/05-Feb-2018 009.jpg\" \/><br \/><img decoding=\"async\" src=\"img3\/05-Feb-2018 005.jpg\" \/>  <\/p>\n<p><span class=\"text1noticias\"> <\/span><\/p>\n<p><span class=\"text1noticias\">Santo Domingo, RD, 5 de febrero,- Luego de la decisi\u00f3n adoptada por el Pleno de la Junta Central Electoral, mediante la cual dispuso brindar todas las facilidades que requiriese el Partido Revolucionario Moderno (PRM) a prop\u00f3sito de celebrarse la \u00abXVIII Convenci\u00f3n Nacional Ordinaria Claudio Caama\u00f1o Grull\u00f3n\u00bb para la escogencia de sus autoridades nacionales, pautada para el pr\u00f3ximo domingo 18 de febrero, fueron entregados este lunes 5 de febrero  diversos materiales que ser\u00e1n utilizados por la Comisi\u00f3n Organizadora de la referida convenci\u00f3n.<\/span><\/p>\n<\/p>\n<p><span class=\"text1noticias\">En la actividad, llevada a cabo en los almacenes del \u00f3rgano electoral, la JCE fue representada por la Subdirectora de Elecciones, Dra. Betty Vargas, quien adem\u00e1s estuvo acompa\u00f1ada del Encargado y Sub-encargada del Departamento de Organizaci\u00f3n Electoral. Los funcionarios electorales hicieron entrega de mil quinientas casetas de votaci\u00f3n; cuatro mil l\u00e1minas autoadhesivas para plastificaci\u00f3n de actas; cuatro mil presillas de seguridad para el cierre de las dos mil valijas que fueron facilitadas, estas \u00faltimas en calidad de pr\u00e9stamo, en virtud de la reutilizaci\u00f3n de las mismas por otras organizaciones que lo solicitan. <\/span><\/p>\n<\/p>\n<p><span class=\"text1noticias\">Por las autoridades de la organizaci\u00f3n partidaria estuvieron presentes el Sr. Fernando Dur\u00e1n, en su calidad de Director Ejecutivo de la Comisi\u00f3n Organizadora de la Convenci\u00f3n, y el Sr. Francisco Torres, Supervisor de dicha comisi\u00f3n, quienes recibieron conforme el material facilitado.<\/span><\/p>\n<\/p>\n<p><span class=\"text1noticias\">La disponibilidad de estos materiales se suma a las gestiones que interpuso la instituci\u00f3n oficial de elecciones por ante el Ministerio de Educaci\u00f3n de la Rep\u00fablica Dominicana (MINERD), cuyo titular aprob\u00f3 que fueran puestos a disposici\u00f3n de la entidad pol\u00edtica unos dos mil recintos educativos p\u00fablicos a nivel <\/span><\/p>\n<\/p>\n<p><span class=\"text1noticias\">nacional, seleccionados por los organizadores del proceso interno, donde se concentrar\u00e1 la militancia partidaria para ejercer el sufragio. A tales fines, cada instituci\u00f3n design\u00f3 un representante que se encargar\u00e1 de llevar a cabo las tareas de coordinaci\u00f3n que fueren necesarias para la apertura oportuna el d\u00eda de las votaciones, pautadas para mediados de febrero.<\/span><\/p>\n<\/p>\n<p><span class=\"text1noticias\">En adici\u00f3n a ello, fue sostenida una importante reuni\u00f3n el pasado mi\u00e9rcoles 31 de enero, donde participaron t\u00e9cnicos inform\u00e1ticos del PRM con los directores de Inform\u00e1tica y Elecciones de la JCE, respectivamente. En este encuentro se hizo entrega del \u00faltimo corte del maestro de cedulados, herramienta que permite hacer los an\u00e1lisis correspondientes para la debida depuraci\u00f3n del padr\u00f3n electoral que ser\u00e1 utilizado por la referida organizaci\u00f3n pol\u00edtica. <\/span><\/p>\n<\/p>\n<h6> 2018-02-06 14:15:07 <\/h6>\n<p><!--\n<link rel=\"stylesheet\" href=\"css\/bootstrap.min.css\">\n\n\n<ul class=\"pagination\">\n\t    \n\t\n\n<li >\n\t<a href='?page_no=6649'>Previous<\/a>\n\t<\/li>\n\n\n       \n    \n\n<li><a href='?page_no=1'>1<\/a><\/li>\n\n\n\n<li><a href='?page_no=2'>2<\/a><\/li>\n\n\n\n<li><a>...<\/a><\/li>\n\n\n\n<li><a href='?page_no=6648'>6648<\/a><\/li>\n\n\n\n<li><a href='?page_no=6649'>6649<\/a><\/li>\n\n\n\n<li class='active'><a>6650<\/a><\/li>\n\n\n\n<li><a href='?page_no=6651'>6651<\/a><\/li>\n\n\n\n<li><a href='?page_no=6652'>6652<\/a><\/li>\n\n\n\n<li><a>...<\/a><\/li>\n\n\n\n<li><a href='?page_no=36999'>36999<\/a><\/li>\n\n\n\n<li><a href='?page_no=37000'>37000<\/a><\/li>\n\n    \n\t\n\n<li >\n\t<a href='?page_no=6651'>Next<\/a>\n\t<\/li>\n\n\n    \n\n<li><a href='?page_no=37000'>Last &rsaquo;&rsaquo;<\/a><\/li>\n\n<\/ul>\n\n\n--><br \/>\n<\/body><\/p>\n","protected":false},"excerpt":{"rendered":"<p>Santo Domingo, RD, 5 de febrero,- Luego de la decisi\u00f3n adoptada por el Pleno de la Junta Central Electoral, mediante la cual dispuso brindar todas las facilidades que requiriese el Partido Revolucionario Moderno (PRM) a prop\u00f3sito de celebrarse la \u00abXVIII Convenci\u00f3n Nacional Ordinaria Claudio Caama\u00f1o Grull\u00f3n\u00bb para la escogencia de sus autoridades nacionales, pautada para [&hellip;]<\/p>\n","protected":false},"author":3,"featured_media":0,"comment_status":"open","ping_status":"open","sticky":false,"template":"","format":"standard","meta":{"footnotes":""},"categories":[22],"tags":[],"class_list":["post-171334","post","type-post","status-publish","format-standard","hentry","category-politica"],"_links":{"self":[{"href":"https:\/\/diariodominicano.com\/index.php?rest_route=\/wp\/v2\/posts\/171334","targetHints":{"allow":["GET"]}}],"collection":[{"href":"https:\/\/diariodominicano.com\/index.php?rest_route=\/wp\/v2\/posts"}],"about":[{"href":"https:\/\/diariodominicano.com\/index.php?rest_route=\/wp\/v2\/types\/post"}],"author":[{"embeddable":true,"href":"https:\/\/diariodominicano.com\/index.php?rest_route=\/wp\/v2\/users\/3"}],"replies":[{"embeddable":true,"href":"https:\/\/diariodominicano.com\/index.php?rest_route=%2Fwp%2Fv2%2Fcomments&post=171334"}],"version-history":[{"count":0,"href":"https:\/\/diariodominicano.com\/index.php?rest_route=\/wp\/v2\/posts\/171334\/revisions"}],"wp:attachment":[{"href":"https:\/\/diariodominicano.com\/index.php?rest_route=%2Fwp%2Fv2%2Fmedia&parent=171334"}],"wp:term":[{"taxonomy":"category","embeddable":true,"href":"https:\/\/diariodominicano.com\/index.php?rest_route=%2Fwp%2Fv2%2Fcategories&post=171334"},{"taxonomy":"post_tag","embeddable":true,"href":"https:\/\/diariodominicano.com\/index.php?rest_route=%2Fwp%2Fv2%2Ftags&post=171334"}],"curies":[{"name":"wp","href":"https:\/\/api.w.org\/{rel}","templated":true}]}}