{"id":171331,"date":"2018-02-07T05:16:54","date_gmt":"2018-02-07T05:16:54","guid":{"rendered":"http:\/\/diariodominicano.ddns.net\/?p=171331"},"modified":"2018-02-07T05:16:54","modified_gmt":"2018-02-07T05:16:54","slug":"frente-amplio-tico-llama-a-votar-contra-predicador-evangelico","status":"publish","type":"post","link":"https:\/\/diariodominicano.com\/?p=171331","title":{"rendered":"Frente Amplio tico llama a votar contra predicador evang\u00e9lico&#13;"},"content":{"rendered":"<p><body><\/p>\n<p><img decoding=\"async\" src=\"img3\/Fabricioalvarado7.jpg\" \/>  <\/p>\n<p><span class=\"text1noticias\">San Jos\u00e9, 7 feb (PL) La Comisi\u00f3n Pol\u00edtica del Frente Amplio (FA) de Costa Rica llam\u00f3 hoy a votar en segunda vuelta contra el predicador evang\u00e9lico Fabricio Alvarado, del Partido Restauraci\u00f3n Nacional (PRN), por ser promotor del odio y la discriminaci\u00f3n.<\/span><\/p>\n<p><span class=\"text1noticias\"> <\/span><\/p>\n<p><span class=\"text1noticias\">&#8216;Ante el peligroso escenario que se nos presenta de cara al pr\u00f3ximo 1 de abril, d\u00eda en que se realizar\u00e1 la segunda ronda electoral, llamamos a nuestra militancia y a nuestro electorado a votar contra Fabricio Alvarado de Restauraci\u00f3n Nacional, promotor de un irresponsable discurso de odio, exclusi\u00f3n, discriminaci\u00f3n y de una agenda pol\u00edtica neoliberal y conservadora a nivel social, pol\u00edtico, cultural y econ\u00f3mico&#8217;, apunta el FA.<\/span><\/p>\n<p><span class=\"text1noticias\"> <\/span><\/p>\n<p><span class=\"text1noticias\">En su Declaraci\u00f3n sobre el proceso electoral, la direcci\u00f3n de la mayor agrupaci\u00f3n de izquierda de Costa Rica aclara que no se entienda lo anterior como un cheque en blanco o apoyo incondicional a Carlos Alvarado, del Partido Acci\u00f3n Ciudadana (PAC).<\/span><\/p>\n<p><span class=\"text1noticias\"> <\/span><\/p>\n<p><span class=\"text1noticias\">A esa fuerza pol\u00edtica le exigen su compromiso con una agenda firme en defensa de los derechos humanos, as\u00ed como realizar una gesti\u00f3n tendiente a evitar cualquier retroceso en este sentido, y a nivel social, laboral, econ\u00f3mico, pol\u00edtico y cultural.<\/span><\/p>\n<p><span class=\"text1noticias\"> <\/span><\/p>\n<p><span class=\"text1noticias\">&#8216;Mantenemos las cr\u00edticas y diferencias que en distintos momentos hemos se\u00f1alado hacia la gesti\u00f3n legislativa y presidencial del PAC, no obstante, es momento de poner a Costa Rica primero y de actuar con responsabilidad pol\u00edtica, en defensa de todos los derechos humanos para todas las personas&#8217;, se\u00f1ala la Declaraci\u00f3n.<\/span><\/p>\n<p><span class=\"text1noticias\"> <\/span><\/p>\n<p><span class=\"text1noticias\">Con nuestro voto, debemos impedir que quienes hoy quieren hacer retroceder enormemente a Costa Rica, agrupados alrededor de Fabricio Alvarado, lleguen a controlar el Poder Ejecutivo, as\u00ed como lamentablemente, controlar\u00e1n el Poder Legislativo los pr\u00f3ximos cuatro a\u00f1os.<\/span><\/p>\n<p><span class=\"text1noticias\"> <\/span><\/p>\n<p><span class=\"text1noticias\">Fabricio y Carlos se enfrentar\u00e1n en la segunda vuelta electoral, tras ocupar -en ese orden- los dos primeros lugares en los comicios generales de este domingo, pero el predicador evang\u00e9lico no consigui\u00f3 el 40 por ciento necesario para proclamarse presidente electo y de ah\u00ed el balotaje de abril.<\/span><\/p>\n<p><span class=\"text1noticias\"> <\/span><\/p>\n<p><span class=\"text1noticias\">El FA censura &#8216;cualquier componenda que exista entre el agonizante bipartidismo, el Partido Liberaci\u00f3n Nacional y la Unidad Social Cristiana, ambos grandes perdedores del pasado proceso, con Restauraci\u00f3n Nacional en esta segunda ronda electoral&#8217;.<\/span><\/p>\n<p><span class=\"text1noticias\"> <\/span><\/p>\n<p><span class=\"text1noticias\">Sabemos que esta es una posibilidad real, ya en el pasado estos partidos han negociado puestos y cargos en canje al detrimento de los derechos humanos y del bienestar del pueblo de Costa Rica, afirma la Declaraci\u00f3n.<\/span><\/p>\n<p><span class=\"text1noticias\"> <\/span><\/p>\n<p><span class=\"text1noticias\">Por ello, La Comisi\u00f3n Pol\u00edtica del FA llama a la militancia a prepararse para cuatro a\u00f1os de resistencia ante una Asamblea Legislativa que intentar\u00e1 echar atr\u00e1s muchas de las grandes conquistas sociales y pol\u00edticas de este pa\u00eds.<\/span><\/p>\n<p><span class=\"text1noticias\"> <\/span><\/p>\n<p><span class=\"text1noticias\">En la primera ronda electoral, el FA sufri\u00f3 un duro golpe en las urnas, al obtener un 0,79 por ciento de los votos v\u00e1lidos, cuando cuatro a\u00f1os atr\u00e1s se convirtieron en la tercera fuerza pol\u00edtica de este pa\u00eds, al conseguir 17,14 por ciento de los sufragios v\u00e1lidos, as\u00ed como de nueve diputados en 2014, ahora solo contar\u00e1n con uno.<\/span><\/p>\n<p><span class=\"text1noticias\"> <\/span><\/p>\n<p><span class=\"text1noticias\">Al hacer un balance de ese resultado, la direcci\u00f3n del partido apunta que &#8216;asumimos con responsabilidad y honestidad esta clara derrota electoral, y confiamos en la capacidad del partido y su militancia para sobreponernos a ella.<\/span><\/p>\n<p><span class=\"text1noticias\"> <\/span><\/p>\n<p><span class=\"text1noticias\">Hoy m\u00e1s que nunca necesitamos un partido fuerte y organizado, capaz de acompa\u00f1ar y complementar la excelente labor que con seguridad Jos\u00e9 Mar\u00eda Villalta realizar\u00e1 en estos pr\u00f3ximos cuatro a\u00f1os en la Asamblea Legislativa&#8217;.<\/span><\/p>\n<p><span class=\"text1noticias\"> <\/span><\/p>\n<p><span class=\"text1noticias\">&#8216;\u00c2\u00edA las calles compa\u00f1eros y compa\u00f1eras!, \u00c2\u00edA los barrios y comunidades! No hay tiempo para actitudes derrotistas, es urgente sacar las lecciones necesarias de este duro golpe electoral para seguir trabajando con compromiso y amor por Costa Rica&#8217;, co<\/span>ncluye el FA.<\/p>\n<h6> 2018-02-07 05:16:54 <\/h6>\n<p><!--\n<link rel=\"stylesheet\" href=\"css\/bootstrap.min.css\">\n\n\n<ul class=\"pagination\">\n\t    \n\t\n\n<li >\n\t<a href='?page_no=6647'>Previous<\/a>\n\t<\/li>\n\n\n       \n    \n\n<li><a href='?page_no=1'>1<\/a><\/li>\n\n\n\n<li><a href='?page_no=2'>2<\/a><\/li>\n\n\n\n<li><a>...<\/a><\/li>\n\n\n\n<li><a href='?page_no=6646'>6646<\/a><\/li>\n\n\n\n<li><a href='?page_no=6647'>6647<\/a><\/li>\n\n\n\n<li class='active'><a>6648<\/a><\/li>\n\n\n\n<li><a href='?page_no=6649'>6649<\/a><\/li>\n\n\n\n<li><a href='?page_no=6650'>6650<\/a><\/li>\n\n\n\n<li><a>...<\/a><\/li>\n\n\n\n<li><a href='?page_no=36999'>36999<\/a><\/li>\n\n\n\n<li><a href='?page_no=37000'>37000<\/a><\/li>\n\n    \n\t\n\n<li >\n\t<a href='?page_no=6649'>Next<\/a>\n\t<\/li>\n\n\n    \n\n<li><a href='?page_no=37000'>Last &rsaquo;&rsaquo;<\/a><\/li>\n\n<\/ul>\n\n\n--><br \/>\n<\/body><\/p>\n","protected":false},"excerpt":{"rendered":"<p>San Jos\u00e9, 7 feb (PL) La Comisi\u00f3n Pol\u00edtica del Frente Amplio (FA) de Costa Rica llam\u00f3 hoy a votar en segunda vuelta contra el predicador evang\u00e9lico Fabricio Alvarado, del Partido Restauraci\u00f3n Nacional (PRN), por ser promotor del odio y la discriminaci\u00f3n. &#8216;Ante el peligroso escenario que se nos presenta de cara al pr\u00f3ximo 1 de [&hellip;]<\/p>\n","protected":false},"author":3,"featured_media":0,"comment_status":"open","ping_status":"open","sticky":false,"template":"","format":"standard","meta":{"footnotes":""},"categories":[22],"tags":[],"class_list":["post-171331","post","type-post","status-publish","format-standard","hentry","category-politica"],"_links":{"self":[{"href":"https:\/\/diariodominicano.com\/index.php?rest_route=\/wp\/v2\/posts\/171331","targetHints":{"allow":["GET"]}}],"collection":[{"href":"https:\/\/diariodominicano.com\/index.php?rest_route=\/wp\/v2\/posts"}],"about":[{"href":"https:\/\/diariodominicano.com\/index.php?rest_route=\/wp\/v2\/types\/post"}],"author":[{"embeddable":true,"href":"https:\/\/diariodominicano.com\/index.php?rest_route=\/wp\/v2\/users\/3"}],"replies":[{"embeddable":true,"href":"https:\/\/diariodominicano.com\/index.php?rest_route=%2Fwp%2Fv2%2Fcomments&post=171331"}],"version-history":[{"count":0,"href":"https:\/\/diariodominicano.com\/index.php?rest_route=\/wp\/v2\/posts\/171331\/revisions"}],"wp:attachment":[{"href":"https:\/\/diariodominicano.com\/index.php?rest_route=%2Fwp%2Fv2%2Fmedia&parent=171331"}],"wp:term":[{"taxonomy":"category","embeddable":true,"href":"https:\/\/diariodominicano.com\/index.php?rest_route=%2Fwp%2Fv2%2Fcategories&post=171331"},{"taxonomy":"post_tag","embeddable":true,"href":"https:\/\/diariodominicano.com\/index.php?rest_route=%2Fwp%2Fv2%2Ftags&post=171331"}],"curies":[{"name":"wp","href":"https:\/\/api.w.org\/{rel}","templated":true}]}}