{"id":171330,"date":"2018-02-07T09:41:00","date_gmt":"2018-02-07T09:41:00","guid":{"rendered":"http:\/\/diariodominicano.ddns.net\/?p=171330"},"modified":"2018-02-07T09:41:00","modified_gmt":"2018-02-07T09:41:00","slug":"alexis-joaquin-castillo-proclamara-su-candidatura-presidencial-para-2020","status":"publish","type":"post","link":"https:\/\/diariodominicano.com\/?p=171330","title":{"rendered":"Alexis Joaqu\u00edn Castillo proclamar\u00e1 su candidatura presidencial para 2020"},"content":{"rendered":"<p><body><\/p>\n<p><img decoding=\"async\" src=\"img3\/PartidoANR.jpg\" \/>  <\/p>\n<p><span class=\"text1noticias\">Por Ram\u00f3n Mercedes<\/span><\/p>\n<p><span class=\"text1noticias\"> <\/span><\/p>\n<p><span class=\"text1noticias\">NUEVA YORK, 7 de febrero, 2018.- El vicepresidente para ultramar del Partido Alianza Nueva Rep\u00fablica (ANR), que lidera el doctor Alexis Joaqu\u00edn Castillo, manifest\u00f3 que \u00e9ste presentar\u00e1 su candidatura presidencial para las elecciones de 2020 este mi\u00e9rcoles a trav\u00e9s de algunos medios de comunicaci\u00f3n en la Rep\u00fablica Dominicana. <\/span><\/p>\n<p><span class=\"text1noticias\"> <\/span><\/p>\n<p><span class=\"text1noticias\">V\u00edctor Senise, acompa\u00f1ado de Mario Jim\u00e9nez, secretario general del ANR en el exterior y Damaris Mu\u00f1oz, presidente del Movimiento \u00abMujeres al Poder\u00bb que apoya la misma entidad pol\u00edtica, expres\u00f3 que Joaqu\u00edn Castillo ser\u00e1 el pr\u00f3ximo presidente del pa\u00eds caribe\u00f1o a partir del 2020. <\/span><\/p>\n<p><span class=\"text1noticias\"> <\/span><\/p>\n<p><span class=\"text1noticias\">Y lo ser\u00e1 para rescatar los principios morales que se han perdido, sacar de la pobreza nuestras gentes, combatir la delincuencia, garantizarle una salud real al pueblo y enfrentar la corrupci\u00f3n e impunidad, entre otros males que afectan nuestro pa\u00eds, expres\u00f3 en declaraciones a este reportero. <\/span><\/p>\n<p><span class=\"text1noticias\"> <\/span><\/p>\n<p><span class=\"text1noticias\">Record\u00f3 que el candidato ha manifestado que el ANR nace con el prop\u00f3sito de velar por los m\u00e1s sanos inter\u00e9ses de la naci\u00f3n, momentos en que m\u00e1s se necesita y que el mismo es independiente, formada  por hombres y mujeres libres, que tienen el objetivo de servir a la naci\u00f3n a trav\u00e9s de la pol\u00edtica con dignidad, pulcritud y equidad. <\/span><\/p>\n<p><span class=\"text1noticias\"> <\/span><\/p>\n<p><span class=\"text1noticias\">Senise precis\u00f3 que los males que afectan la naci\u00f3n dominicana no se resuelven por la falta de voluntad pol\u00edtica y personal. <\/span><\/p>\n<p><span class=\"text1noticias\"> <\/span><\/p>\n<p><span class=\"text1noticias\">Sostuvo que vienen creando desde hace alg\u00fan tiempo equipos de trabajos en esta urbe, en Paterson y  Perth Amboy en Nueva Jersey, Connecticut, Pensilvania, Virginia, Lawrence y Orlando, entre otros lugares.   <\/span><\/p>\n<p><span class=\"text1noticias\"> <\/span><\/p>\n<p><span class=\"text1noticias\">A\u00f1adi\u00f3 que el doctor Joaqu\u00edn Castillo visitar\u00e1 en las pr\u00f3ximas semanas los EEUU para tener contacto directo con sus gentes y diferentes sectores de la comunidad <\/span>dominicana. <\/p>\n<h6> 2018-02-07 09:41:00 <\/h6>\n<p><!--\n<link rel=\"stylesheet\" href=\"css\/bootstrap.min.css\">\n\n\n<ul class=\"pagination\">\n\t    \n\t\n\n<li >\n\t<a href='?page_no=6646'>Previous<\/a>\n\t<\/li>\n\n\n       \n    \n\n<li><a href='?page_no=1'>1<\/a><\/li>\n\n\n\n<li><a href='?page_no=2'>2<\/a><\/li>\n\n\n\n<li><a>...<\/a><\/li>\n\n\n\n<li><a href='?page_no=6645'>6645<\/a><\/li>\n\n\n\n<li><a href='?page_no=6646'>6646<\/a><\/li>\n\n\n\n<li class='active'><a>6647<\/a><\/li>\n\n\n\n<li><a href='?page_no=6648'>6648<\/a><\/li>\n\n\n\n<li><a href='?page_no=6649'>6649<\/a><\/li>\n\n\n\n<li><a>...<\/a><\/li>\n\n\n\n<li><a href='?page_no=36999'>36999<\/a><\/li>\n\n\n\n<li><a href='?page_no=37000'>37000<\/a><\/li>\n\n    \n\t\n\n<li >\n\t<a href='?page_no=6648'>Next<\/a>\n\t<\/li>\n\n\n    \n\n<li><a href='?page_no=37000'>Last &rsaquo;&rsaquo;<\/a><\/li>\n\n<\/ul>\n\n\n--><br \/>\n<\/body><\/p>\n","protected":false},"excerpt":{"rendered":"<p>Por Ram\u00f3n Mercedes NUEVA YORK, 7 de febrero, 2018.- El vicepresidente para ultramar del Partido Alianza Nueva Rep\u00fablica (ANR), que lidera el doctor Alexis Joaqu\u00edn Castillo, manifest\u00f3 que \u00e9ste presentar\u00e1 su candidatura presidencial para las elecciones de 2020 este mi\u00e9rcoles a trav\u00e9s de algunos medios de comunicaci\u00f3n en la Rep\u00fablica Dominicana. V\u00edctor Senise, acompa\u00f1ado de [&hellip;]<\/p>\n","protected":false},"author":3,"featured_media":0,"comment_status":"open","ping_status":"open","sticky":false,"template":"","format":"standard","meta":{"footnotes":""},"categories":[22],"tags":[],"class_list":["post-171330","post","type-post","status-publish","format-standard","hentry","category-politica"],"_links":{"self":[{"href":"https:\/\/diariodominicano.com\/index.php?rest_route=\/wp\/v2\/posts\/171330","targetHints":{"allow":["GET"]}}],"collection":[{"href":"https:\/\/diariodominicano.com\/index.php?rest_route=\/wp\/v2\/posts"}],"about":[{"href":"https:\/\/diariodominicano.com\/index.php?rest_route=\/wp\/v2\/types\/post"}],"author":[{"embeddable":true,"href":"https:\/\/diariodominicano.com\/index.php?rest_route=\/wp\/v2\/users\/3"}],"replies":[{"embeddable":true,"href":"https:\/\/diariodominicano.com\/index.php?rest_route=%2Fwp%2Fv2%2Fcomments&post=171330"}],"version-history":[{"count":0,"href":"https:\/\/diariodominicano.com\/index.php?rest_route=\/wp\/v2\/posts\/171330\/revisions"}],"wp:attachment":[{"href":"https:\/\/diariodominicano.com\/index.php?rest_route=%2Fwp%2Fv2%2Fmedia&parent=171330"}],"wp:term":[{"taxonomy":"category","embeddable":true,"href":"https:\/\/diariodominicano.com\/index.php?rest_route=%2Fwp%2Fv2%2Fcategories&post=171330"},{"taxonomy":"post_tag","embeddable":true,"href":"https:\/\/diariodominicano.com\/index.php?rest_route=%2Fwp%2Fv2%2Ftags&post=171330"}],"curies":[{"name":"wp","href":"https:\/\/api.w.org\/{rel}","templated":true}]}}