{"id":171328,"date":"2018-02-07T12:06:27","date_gmt":"2018-02-07T12:06:27","guid":{"rendered":"http:\/\/diariodominicano.ddns.net\/?p=171328"},"modified":"2018-02-07T12:06:27","modified_gmt":"2018-02-07T12:06:27","slug":"leonel-fernandez-y-reinaldo-pared-perez-encabezaran-este-jueves-juramentacion-de-directiva-de-corriente-gremial-de-abogados-as","status":"publish","type":"post","link":"https:\/\/diariodominicano.com\/?p=171328","title":{"rendered":"Leonel Fern\u00e1ndez y Reinaldo Pared P\u00e9rez encabezar\u00e1n este jueves juramentaci\u00f3n de directiva de corriente gremial de abogados (as)"},"content":{"rendered":"<p><body><\/p>\n<p><img decoding=\"async\" src=\"img3\/peled11.jpg\" \/>  <\/p>\n<p>El Partido de la Liberaci\u00f3n Dominicana (PLD) organiza para este jueves 8 de febrero el acto de juramentaci\u00f3n de la nueva directiva de la corriente gremial Dignidad Jur\u00eddica, ahora encabeza por Diego Jos\u00e9 Garc\u00eda ex presidente del Colegio de Abogados de la Republica Dominicana (CARD).<\/p>\n<\/p>\n<p>La juramentaci\u00f3n se realizar\u00e1 en un acto formal a desarrollarse en  el Gran Sal\u00f3n Bienvenido Sandoval de la Casa Nacional del PLD con la presencia del ex Presidente de la Republica, Leonel Fern\u00e1ndez, presidente del PLD y su secretario general, Reinaldo Pared P\u00e9rez, presidente del Senado de la Republica.<\/p>\n<\/p>\n<p>Garc\u00eda fue seleccionado por los afiliados a la corriente gremial, junto con los presidentes provinciales y municipales y el cuerpo  directivo de la corriente gremial que act\u00faa a lo interno de los gremios de abogados y abogadas del pa\u00eds.<\/p>\n<\/p>\n<p>En el acto se confirma tambi\u00e9n la presencia del senador Euclides S\u00e1nchez, Secretario de Asuntos Gremiales y Profesionales del PLD y del actual Presidente del Colegio de Abogados, Miguel Sur\u00fan Hern\u00e1ndez, cuya candidatura en las elecciones del CARD fue sustentada por la corriente gremial que orienta el PLD.<\/p>\n<\/p>\n<p>El acto de juramentaci\u00f3n de la directiva de Dignidad Jur\u00eddica est\u00e1 siendo convocado para las seis de la tarde de este jueves en la Casa Nacional del PLD  Las invitaciones est\u00e1n circulando.<\/p>\n<h6> 2018-02-07 12:06:27 <\/h6>\n<p><!--\n<link rel=\"stylesheet\" href=\"css\/bootstrap.min.css\">\n\n\n<ul class=\"pagination\">\n\t    \n\t\n\n<li >\n\t<a href='?page_no=6644'>Previous<\/a>\n\t<\/li>\n\n\n       \n    \n\n<li><a href='?page_no=1'>1<\/a><\/li>\n\n\n\n<li><a href='?page_no=2'>2<\/a><\/li>\n\n\n\n<li><a>...<\/a><\/li>\n\n\n\n<li><a href='?page_no=6643'>6643<\/a><\/li>\n\n\n\n<li><a href='?page_no=6644'>6644<\/a><\/li>\n\n\n\n<li class='active'><a>6645<\/a><\/li>\n\n\n\n<li><a href='?page_no=6646'>6646<\/a><\/li>\n\n\n\n<li><a href='?page_no=6647'>6647<\/a><\/li>\n\n\n\n<li><a>...<\/a><\/li>\n\n\n\n<li><a href='?page_no=36999'>36999<\/a><\/li>\n\n\n\n<li><a href='?page_no=37000'>37000<\/a><\/li>\n\n    \n\t\n\n<li >\n\t<a href='?page_no=6646'>Next<\/a>\n\t<\/li>\n\n\n    \n\n<li><a href='?page_no=37000'>Last &rsaquo;&rsaquo;<\/a><\/li>\n\n<\/ul>\n\n\n--><br \/>\n<\/body><\/p>\n","protected":false},"excerpt":{"rendered":"<p>El Partido de la Liberaci\u00f3n Dominicana (PLD) organiza para este jueves 8 de febrero el acto de juramentaci\u00f3n de la nueva directiva de la corriente gremial Dignidad Jur\u00eddica, ahora encabeza por Diego Jos\u00e9 Garc\u00eda ex presidente del Colegio de Abogados de la Republica Dominicana (CARD). La juramentaci\u00f3n se realizar\u00e1 en un acto formal a desarrollarse [&hellip;]<\/p>\n","protected":false},"author":3,"featured_media":0,"comment_status":"open","ping_status":"open","sticky":false,"template":"","format":"standard","meta":{"footnotes":""},"categories":[22],"tags":[],"class_list":["post-171328","post","type-post","status-publish","format-standard","hentry","category-politica"],"_links":{"self":[{"href":"https:\/\/diariodominicano.com\/index.php?rest_route=\/wp\/v2\/posts\/171328","targetHints":{"allow":["GET"]}}],"collection":[{"href":"https:\/\/diariodominicano.com\/index.php?rest_route=\/wp\/v2\/posts"}],"about":[{"href":"https:\/\/diariodominicano.com\/index.php?rest_route=\/wp\/v2\/types\/post"}],"author":[{"embeddable":true,"href":"https:\/\/diariodominicano.com\/index.php?rest_route=\/wp\/v2\/users\/3"}],"replies":[{"embeddable":true,"href":"https:\/\/diariodominicano.com\/index.php?rest_route=%2Fwp%2Fv2%2Fcomments&post=171328"}],"version-history":[{"count":0,"href":"https:\/\/diariodominicano.com\/index.php?rest_route=\/wp\/v2\/posts\/171328\/revisions"}],"wp:attachment":[{"href":"https:\/\/diariodominicano.com\/index.php?rest_route=%2Fwp%2Fv2%2Fmedia&parent=171328"}],"wp:term":[{"taxonomy":"category","embeddable":true,"href":"https:\/\/diariodominicano.com\/index.php?rest_route=%2Fwp%2Fv2%2Fcategories&post=171328"},{"taxonomy":"post_tag","embeddable":true,"href":"https:\/\/diariodominicano.com\/index.php?rest_route=%2Fwp%2Fv2%2Ftags&post=171328"}],"curies":[{"name":"wp","href":"https:\/\/api.w.org\/{rel}","templated":true}]}}