{"id":171327,"date":"2018-02-07T12:49:40","date_gmt":"2018-02-07T12:49:40","guid":{"rendered":"http:\/\/diariodominicano.ddns.net\/?p=171327"},"modified":"2018-02-07T12:49:40","modified_gmt":"2018-02-07T12:49:40","slug":"vocero-de-los-diputados-del-pld-valora-de-positiva-reciente-reunion-del-c-p","status":"publish","type":"post","link":"https:\/\/diariodominicano.com\/?p=171327","title":{"rendered":"Vocero de los diputados del PLD valora de positiva reciente reuni\u00f3n del C.P."},"content":{"rendered":"<p><body><\/p>\n<p><img decoding=\"async\" src=\"img3\/pld111.jpg\" \/>  <\/p>\n<p>El vocero de la bancada del Partido de la Liberaci\u00f3n Dominicana y miembro de su Comit\u00e9 Central, Gustavo S\u00e1nchez, lament\u00f3 que la decisi\u00f3n de la convocatoria del Comit\u00e9 Pol\u00edtico estuviera precedida de reclamos por algunos de sus miembros.<\/p>\n<\/p>\n<p>S\u00e1nchez, considera incorrecto que un organismo como el Comit\u00e9 Pol\u00edtico tenga que estar sujeto al requerimiento y criticas  de sus miembros.<\/p>\n<\/p>\n<p>\u00abLos miembros del Comit\u00e9 Pol\u00edtico tienen una vida cercana a cada uno de ellos. No se ve bien que se responda a la presi\u00f3n de algunos de ellos\u00bb, indic\u00f3 Gustavo S\u00e1nchez, entrevistado en el programa Telematutino 11, referido por la Secretaria de Comunicaciones  del PLD.<\/p>\n<\/p>\n<p>El dirigente pelede\u00edsta  y diputado por el Distrito Nacional  critic\u00f3 las publicaciones en las redes sociales de altos dirigentes demandando que el Comit\u00e9 Pol\u00edtico se re\u00fana y justific\u00f3 que ese no es un modelo a seguir pues el PLD, organizaci\u00f3n que tiene sus normas y m\u00e9todos para encausar las inquietudes de sus miembros.<\/p>\n<\/p>\n<p>\u00abSi el presidente del PLD entend\u00eda que no estaban creadas las condiciones, no hab\u00edan los consensos necesarios para una discusi\u00f3n de los temas en agenda entonces hay que esperar a que est\u00e9n dadas las condiciones y eso hay que respetarlo\u00bb, explic\u00f3 Gustavo S\u00e1nchez precisando que esa una posici\u00f3n prudente en pol\u00edtica.<\/p>\n<\/p>\n<p>Manifest\u00f3 que no se puede responder a los reclamos para satisfacer a la prensa, la sociedad y la presi\u00f3n algunos de los miembros de ese alto organismo.<\/p>\n<\/p>\n<p>Consider\u00f3 la reuni\u00f3n del pasado lunes como positiva a pesar de que fue el producto de una discusi\u00f3n que no estaba concebida y que los temas tratados no requirieron de grandes discusiones.<\/p>\n<h6> 2018-02-07 12:49:40 <\/h6>\n<p><!--\n<link rel=\"stylesheet\" href=\"css\/bootstrap.min.css\">\n\n\n<ul class=\"pagination\">\n\t    \n\t\n\n<li >\n\t<a href='?page_no=6643'>Previous<\/a>\n\t<\/li>\n\n\n       \n    \n\n<li><a href='?page_no=1'>1<\/a><\/li>\n\n\n\n<li><a href='?page_no=2'>2<\/a><\/li>\n\n\n\n<li><a>...<\/a><\/li>\n\n\n\n<li><a href='?page_no=6642'>6642<\/a><\/li>\n\n\n\n<li><a href='?page_no=6643'>6643<\/a><\/li>\n\n\n\n<li class='active'><a>6644<\/a><\/li>\n\n\n\n<li><a href='?page_no=6645'>6645<\/a><\/li>\n\n\n\n<li><a href='?page_no=6646'>6646<\/a><\/li>\n\n\n\n<li><a>...<\/a><\/li>\n\n\n\n<li><a href='?page_no=36999'>36999<\/a><\/li>\n\n\n\n<li><a href='?page_no=37000'>37000<\/a><\/li>\n\n    \n\t\n\n<li >\n\t<a href='?page_no=6645'>Next<\/a>\n\t<\/li>\n\n\n    \n\n<li><a href='?page_no=37000'>Last &rsaquo;&rsaquo;<\/a><\/li>\n\n<\/ul>\n\n\n--><br \/>\n<\/body><\/p>\n","protected":false},"excerpt":{"rendered":"<p>El vocero de la bancada del Partido de la Liberaci\u00f3n Dominicana y miembro de su Comit\u00e9 Central, Gustavo S\u00e1nchez, lament\u00f3 que la decisi\u00f3n de la convocatoria del Comit\u00e9 Pol\u00edtico estuviera precedida de reclamos por algunos de sus miembros. S\u00e1nchez, considera incorrecto que un organismo como el Comit\u00e9 Pol\u00edtico tenga que estar sujeto al requerimiento y [&hellip;]<\/p>\n","protected":false},"author":3,"featured_media":0,"comment_status":"open","ping_status":"open","sticky":false,"template":"","format":"standard","meta":{"footnotes":""},"categories":[22],"tags":[],"class_list":["post-171327","post","type-post","status-publish","format-standard","hentry","category-politica"],"_links":{"self":[{"href":"https:\/\/diariodominicano.com\/index.php?rest_route=\/wp\/v2\/posts\/171327","targetHints":{"allow":["GET"]}}],"collection":[{"href":"https:\/\/diariodominicano.com\/index.php?rest_route=\/wp\/v2\/posts"}],"about":[{"href":"https:\/\/diariodominicano.com\/index.php?rest_route=\/wp\/v2\/types\/post"}],"author":[{"embeddable":true,"href":"https:\/\/diariodominicano.com\/index.php?rest_route=\/wp\/v2\/users\/3"}],"replies":[{"embeddable":true,"href":"https:\/\/diariodominicano.com\/index.php?rest_route=%2Fwp%2Fv2%2Fcomments&post=171327"}],"version-history":[{"count":0,"href":"https:\/\/diariodominicano.com\/index.php?rest_route=\/wp\/v2\/posts\/171327\/revisions"}],"wp:attachment":[{"href":"https:\/\/diariodominicano.com\/index.php?rest_route=%2Fwp%2Fv2%2Fmedia&parent=171327"}],"wp:term":[{"taxonomy":"category","embeddable":true,"href":"https:\/\/diariodominicano.com\/index.php?rest_route=%2Fwp%2Fv2%2Fcategories&post=171327"},{"taxonomy":"post_tag","embeddable":true,"href":"https:\/\/diariodominicano.com\/index.php?rest_route=%2Fwp%2Fv2%2Ftags&post=171327"}],"curies":[{"name":"wp","href":"https:\/\/api.w.org\/{rel}","templated":true}]}}