{"id":171326,"date":"2018-02-07T16:03:00","date_gmt":"2018-02-07T16:03:00","guid":{"rendered":"http:\/\/diariodominicano.ddns.net\/?p=171326"},"modified":"2018-02-07T16:03:00","modified_gmt":"2018-02-07T16:03:00","slug":"dialogo-entre-venezolanos-en-receso-indefinido","status":"publish","type":"post","link":"https:\/\/diariodominicano.com\/?p=171326","title":{"rendered":"Di\u00e1logo entre venezolanos en receso indefinido"},"content":{"rendered":"<p><body><\/p>\n<p><img decoding=\"async\" src=\"img3\/Danilo-1024x550 (1).jpeg\" \/>  <\/p>\n<p><strong> <\/strong><\/p>\n<p><strong><span class=\"text1noticias\">SANTO DOMINGO RD, 7 de febrero de 2018. &#8211;<\/span><\/strong><span class=\"text1noticias\"> Di\u00e1logo entre venezolanos en receso indefinido<\/span><\/p>\n<p><span class=\"text1noticias\"> Santo Domingo, 7 feb (PL) El presidente dominicano, Danilo Medina, inform\u00f3 hoy que el di\u00e1logo entre el gobierno y la oposici\u00f3n venezolana entr\u00f3 \u00bben una especie de receso indefinido\u00bb por falta de un acuerdo.<\/span><\/p>\n<\/p>\n<p><span class=\"text1noticias\">En rueda de prensa en la sede de la canciller\u00eda de este pa\u00eds, el jefe de Estado explic\u00f3 que desde ayer era esperada la firma del acuerdo de convivencia y paz para Venezuela pero la oposici\u00f3n de ese pa\u00eds se neg\u00f3 a firmar el documento construido por el equipo de mediaci\u00f3n y con el cual estaba de acuerdo el gobierno.<\/span><\/p>\n<\/p>\n<p><span class=\"text1noticias\">El acuerdo redactado ten\u00eda inclusive resuelto el punto de las elecciones que estaba en litigio y se estableci\u00f3 el 22 de abril como el d\u00eda de las presidenciales luego de lograr las partes cedieran en las fechas propuestas inicialmente, agreg\u00f3.<\/span><\/p>\n<\/p>\n<p><span class=\"text1noticias\">Se\u00f1al\u00f3 que para el gobierno de Venezuela la reuni\u00f3n de ayer era para firmar y vinieron para ello, sin embargo, la oposici\u00f3n entendi\u00f3 no estaba obligada a ello y pidi\u00f3 tiempo para ver el documento el cual en gran medida, estaba contenido en el acta de avance de los acuerdos del 31 de enero.<\/span><\/p>\n<\/p>\n<p><span class=\"text1noticias\">Asimismo, ante esta situaci\u00f3n, dijo, la delegaci\u00f3n venezolana tuvo que partir para su pa\u00eds porque ten\u00edan eventos pol\u00edticos agendados y este mi\u00e9rcoles la oposici\u00f3n nos entreg\u00f3 otro documento.<\/span><\/p>\n<\/p>\n<p><span class=\"text1noticias\">Dicho documento &#8216;se consult\u00f3 al presidente de Venezuela, Nicol\u00e1s Maduro, pero este plante\u00f3 que solo firmar\u00eda el de ayer&#8217;, de todas formas, nosotros se lo enviaremos pero no con la esperanza de recibir respuesta, a\u00f1adi\u00f3.<\/span><\/p>\n<\/p>\n<p><span class=\"text1noticias\">De todas formas, puntualiz\u00f3 el presidente dominicano, Maduro me ha dicho que todos los acuerdos plasmados en el documento, est\u00e1 dispuesto a aplicarlo aunque no lo firme la oposici\u00f3n.<\/span><\/p>\n<\/p>\n<p><span class=\"text1noticias\">Medina manifest\u00f3 que Dominicana junto con los pa\u00edses acompa\u00f1antes siempre han estado y est\u00e1n a favor del di\u00e1logo como \u00fanica forma de resolver las diferencias, &#8216;el resto es aventura&#8217;.<\/span><\/p>\n<\/p>\n<p><span class=\"text1noticias\">Si el rompimiento de este di\u00e1logo no tiene soluci\u00f3n y trae consecuencias imprevisibles, al final tendr\u00e1n que sentarse a dialogar porque no hay otro camino, sentenci\u00f3.<\/span><\/p>\n<\/p>\n<p><span class=\"text1noticias\">Por \u00faltimo, reiter\u00f3 que en cualquier momento en el cual las partes deseen sentarse pueden tocar las puertas de Dominicana, estaremos dispuestos a servir una vez m\u00e1s de anfitriones.<\/span><\/p>\n<\/p>\n<p><span class=\"text1noticias\">Acompa\u00f1aron al mandatario, el expresidente del gobierno espa\u00f1ol, Jos\u00e9 Luis Rodr\u00edguez Zapatero y el canciller dominicano, Miguel Vargas.<\/span><\/p>\n<\/p>\n<p><span class=\"text1noticias\">El di\u00e1logo cont\u00f3 con el acompa\u00f1amiento de Bolivia, Nicaragua, San Vicente y las Granadinas, Chile y M\u00e9xico, aunque los dos \u00faltimos se retiraron en esta etapa que se esperaba fuera la final.<\/span><\/p>\n<\/p>\n<p><span class=\"text1noticias\">lma\/ema<\/span><\/p>\n<h6> 2018-02-07 16:03:00 <\/h6>\n<p><!--\n<link rel=\"stylesheet\" href=\"css\/bootstrap.min.css\">\n\n\n<ul class=\"pagination\">\n\t    \n\t\n\n<li >\n\t<a href='?page_no=6642'>Previous<\/a>\n\t<\/li>\n\n\n       \n    \n\n<li><a href='?page_no=1'>1<\/a><\/li>\n\n\n\n<li><a href='?page_no=2'>2<\/a><\/li>\n\n\n\n<li><a>...<\/a><\/li>\n\n\n\n<li><a href='?page_no=6641'>6641<\/a><\/li>\n\n\n\n<li><a href='?page_no=6642'>6642<\/a><\/li>\n\n\n\n<li class='active'><a>6643<\/a><\/li>\n\n\n\n<li><a href='?page_no=6644'>6644<\/a><\/li>\n\n\n\n<li><a href='?page_no=6645'>6645<\/a><\/li>\n\n\n\n<li><a>...<\/a><\/li>\n\n\n\n<li><a href='?page_no=36999'>36999<\/a><\/li>\n\n\n\n<li><a href='?page_no=37000'>37000<\/a><\/li>\n\n    \n\t\n\n<li >\n\t<a href='?page_no=6644'>Next<\/a>\n\t<\/li>\n\n\n    \n\n<li><a href='?page_no=37000'>Last &rsaquo;&rsaquo;<\/a><\/li>\n\n<\/ul>\n\n\n--><br \/>\n<\/body><\/p>\n","protected":false},"excerpt":{"rendered":"<p>SANTO DOMINGO RD, 7 de febrero de 2018. &#8211; Di\u00e1logo entre venezolanos en receso indefinido Santo Domingo, 7 feb (PL) El presidente dominicano, Danilo Medina, inform\u00f3 hoy que el di\u00e1logo entre el gobierno y la oposici\u00f3n venezolana entr\u00f3 \u00bben una especie de receso indefinido\u00bb por falta de un acuerdo. En rueda de prensa en la [&hellip;]<\/p>\n","protected":false},"author":3,"featured_media":0,"comment_status":"open","ping_status":"open","sticky":false,"template":"","format":"standard","meta":{"footnotes":""},"categories":[22],"tags":[],"class_list":["post-171326","post","type-post","status-publish","format-standard","hentry","category-politica"],"_links":{"self":[{"href":"https:\/\/diariodominicano.com\/index.php?rest_route=\/wp\/v2\/posts\/171326","targetHints":{"allow":["GET"]}}],"collection":[{"href":"https:\/\/diariodominicano.com\/index.php?rest_route=\/wp\/v2\/posts"}],"about":[{"href":"https:\/\/diariodominicano.com\/index.php?rest_route=\/wp\/v2\/types\/post"}],"author":[{"embeddable":true,"href":"https:\/\/diariodominicano.com\/index.php?rest_route=\/wp\/v2\/users\/3"}],"replies":[{"embeddable":true,"href":"https:\/\/diariodominicano.com\/index.php?rest_route=%2Fwp%2Fv2%2Fcomments&post=171326"}],"version-history":[{"count":0,"href":"https:\/\/diariodominicano.com\/index.php?rest_route=\/wp\/v2\/posts\/171326\/revisions"}],"wp:attachment":[{"href":"https:\/\/diariodominicano.com\/index.php?rest_route=%2Fwp%2Fv2%2Fmedia&parent=171326"}],"wp:term":[{"taxonomy":"category","embeddable":true,"href":"https:\/\/diariodominicano.com\/index.php?rest_route=%2Fwp%2Fv2%2Fcategories&post=171326"},{"taxonomy":"post_tag","embeddable":true,"href":"https:\/\/diariodominicano.com\/index.php?rest_route=%2Fwp%2Fv2%2Ftags&post=171326"}],"curies":[{"name":"wp","href":"https:\/\/api.w.org\/{rel}","templated":true}]}}