{"id":171325,"date":"2018-02-07T18:02:20","date_gmt":"2018-02-07T18:02:20","guid":{"rendered":"http:\/\/diariodominicano.ddns.net\/?p=171325"},"modified":"2018-02-07T18:02:20","modified_gmt":"2018-02-07T18:02:20","slug":"agresividad-de-ee-uu-apunta-a-venezuela-y-cuba-denuncia-diputado","status":"publish","type":"post","link":"https:\/\/diariodominicano.com\/?p=171325","title":{"rendered":"Agresividad de EE.UU. apunta a Venezuela y Cuba, denuncia diputado"},"content":{"rendered":"<p><body><\/p>\n<p><img decoding=\"async\" src=\"img3\/lazaro-barredo.jpg\" \/>  <\/p>\n<p><strong> Por Deisy Francis Mexidor<\/strong><\/p>\n<p><strong>La Habana, 7 feb (PL<\/strong>) La nueva escalada agresiva de la administraci\u00f3n del presidente estadounidense, Donald Trump, apunta hoy, sin dudas, hacia Venezuela y Cuba, denunci\u00f3 el diputado L\u00e1zaro Barredo.<\/p>\n<\/p>\n<p>&#8216;Yo dir\u00eda que es el papel carb\u00f3n de una vieja pol\u00edtica lo que se est\u00e1 aplicando otra vez por parte de la Casa Blanca, que vuelve a la ret\u00f3rica de la guerra, la agresi\u00f3n, del incentivo al terrorismo, del fortalecimiento del bloqueo, al aislamiento, a las amenazas&#8217;, advirti\u00f3 el parlamentario en di\u00e1logo con Prensa Latina.<\/p>\n<\/p>\n<p>El tambi\u00e9n analista de temas internacionales y periodista de la revista Bohemia, coment\u00f3 que la gira por algunos pa\u00edses del \u00e1rea del secretario norteamericano de Estado, Rex Tillerson, y el propio Trump en su reciente discurso sobre el Estado de la Uni\u00f3n dejaron clara esas pretensiones.<\/p>\n<\/p>\n<p>Tillerson ha hecho declaraciones muy agresivas, muy belicosas y hasta menciona la posibilidad de intervenir militarmente en Venezuela y con su periplo lo que busca es apoyo, precis\u00f3 Barredo. Dijo que este recorrido del jefe de la diplomacia estadounidense le recuerda el que hiciera otro enviado de Washington en 1960 para aislar a Cuba y luego el bloqueo econ\u00f3mico, financiero y comercial impuesto por el gobierno norteamericano, que entr\u00f3 en vigor justamente hace 56 a\u00f1os, el 7 de febrero de 1962.<\/p>\n<\/p>\n<p>Tillerson busca, en un escenario distinto por supuesto, el aislacionismo con respecto a Venezuela y para ello intentan vincular a algunas naciones latinoamericanas en un contexto opositor a la Revoluci\u00f3n bolivariana, sentenci\u00f3.<\/p>\n<\/p>\n<p>Ahora mismo -apostill\u00f3- acaban de decir que boicotear\u00e1n a Venezuela en la explotaci\u00f3n y exportaci\u00f3n de su petr\u00f3leo, no me explico c\u00f3mo podr\u00e1n hacer algo semejante.<\/p>\n<\/p>\n<p>Anticip\u00f3 que la pr\u00f3xima Cumbre de las Am\u00e9ricas en Per\u00fa &#8216;podr\u00eda servir a los prop\u00f3sitos de Estados Unidos porque se han probado todas las formas pol\u00edticas para tratar de desarticular a la regi\u00f3n&#8217;, se\u00f1al\u00f3.<\/p>\n<\/p>\n<p>Expres\u00f3 que en la cita de Panam\u00e1, 2015 &#8216;se logr\u00f3 el concepto unitario de Am\u00e9rica Latina en medio de las diferencias; se logr\u00f3 una concertaci\u00f3n frente a Estados Unidos de ah\u00ed que Cuba asistiera por primera vez&#8217;.<\/p>\n<\/p>\n<p>Lo que ocurri\u00f3 durante la VII Cumbre -rememor\u00f3- puso de manifiesto un fortalecimiento de la Comunidad de Estados Latinoamericanos y Caribe\u00f1os (Celac), que desempe\u00f1\u00f3 un importante papel sobre todo despu\u00e9s de declarar a la regi\u00f3n como zona de paz.<\/p>\n<\/p>\n<p>Sin embargo, ya amenazan con que Trump no ir\u00e1 a la Cumbre si&#8230;, o sea &#8216;los condicionamientos, un mecanismo de presi\u00f3n que utilizan siempre, es la pol\u00edtica que no ha cambiado&#8217;, insisti\u00f3 el legislador.<\/p>\n<\/p>\n<p>Habr\u00e1 que ver qu\u00e9 pasar\u00e1 con esa reuni\u00f3n, en la cual dem\u00e1s se abordar\u00e1 el interesant\u00edsimo tema de la corrupci\u00f3n en una regi\u00f3n donde hay serios y graves problemas, en particular en las grandes estructuras de poder, indic\u00f3.<\/p>\n<\/p>\n<p>Acerca del accionar del gobierno de Trump, Barredo coincidi\u00f3 en que resulta muy oportuna la reciente declaraci\u00f3n del Ministerio de Relaciones Exteriores de Cuba en la cual se hace un recordatorio sobre la doctrina Monroe (sintetizada en la frase &#8216;Am\u00e9rica para los americanos&#8217;, fue elaborada por John Quincy Adams y atribuida al presidente James Monroe en 1823).<\/p>\n<\/p>\n<p>&#8216;El garrote y la zanahoria, est\u00e1s conmigo o contra m\u00ed son elementos que emplea Estados Unidos&#8217;, recalc\u00f3. Y los ejemplos saltan a la vista, baste mencionar las amenazas de la representante de Estados Unidos en la ONU a los pa\u00edses que se opusieran a la decisi\u00f3n de su gobierno de reconocer a Jerusal\u00e9n como capital de Israel.<\/p>\n<\/p>\n<p>Interrogado sobre la noticia de la nominaci\u00f3n de Trump (por tercera desde 2016) para el Premio Nobel de la Paz, el diputado Barredo afirm\u00f3 que &#8216;nada puede extra\u00f1ar&#8217;.<\/p>\n<\/p>\n<p>Aunque no se revel\u00f3 qui\u00e9n present\u00f3 la candidatura del mandatario, se habla que como argumento para la propuesta se esgrime el usar la fuerza para preservar la paz, &#8216;qu\u00e9 antipol\u00edtica y anti\u00e9tica y falta de respeto a la honradez, al sentido com\u00fan&#8217;, afirm\u00f3.<\/p>\n<\/p>\n<p>Finalmente, ratific\u00f3 que la pol\u00edtica de la Revoluci\u00f3n cubana est\u00e1 plasmada en esa declaraci\u00f3n de la Cumbre de la Celac (La Habana, enero de 2014), sobre Am\u00e9rica Latina y el Caribe como zona de paz.<\/p>\n<\/p>\n<p>&#8216;Es principio de nuestra pol\u00edtica exterior&#8217;, enfatiz\u00f3 el diputado, quien indic\u00f3 que &#8216;hemos tratado de buscar dentro del marco de la diplomacia los senderos que no debiliten la cohesi\u00f3n que Am\u00e9rica Latina necesita para sobrevivir de cara a futuro&#8217;.<\/p>\n<\/p>\n<p>Am\u00e9rica dispersa -alert\u00f3- no podr\u00eda enfrentar los retos del desarrollo sostenible y los problemas que est\u00e1n ah\u00ed como los del agua, el calentamiento global, la supervivencia de los seres humanos&#8230; <\/p>\n<\/p>\n<p>Mucho menos sobrevivir y enfrentar tales desaf\u00edos &#8216;si no tiene una cohesi\u00f3n para buscar soluciones a los problemas de manera regional&#8217;, concluy\u00f3.<\/p>\n<\/p>\n<p>oda\/dfm<\/p>\n<h6> 2018-02-07 18:02:20 <\/h6>\n<p><!--\n<link rel=\"stylesheet\" href=\"css\/bootstrap.min.css\">\n\n\n<ul class=\"pagination\">\n\t    \n\t\n\n<li >\n\t<a href='?page_no=6641'>Previous<\/a>\n\t<\/li>\n\n\n       \n    \n\n<li><a href='?page_no=1'>1<\/a><\/li>\n\n\n\n<li><a href='?page_no=2'>2<\/a><\/li>\n\n\n\n<li><a>...<\/a><\/li>\n\n\n\n<li><a href='?page_no=6640'>6640<\/a><\/li>\n\n\n\n<li><a href='?page_no=6641'>6641<\/a><\/li>\n\n\n\n<li class='active'><a>6642<\/a><\/li>\n\n\n\n<li><a href='?page_no=6643'>6643<\/a><\/li>\n\n\n\n<li><a href='?page_no=6644'>6644<\/a><\/li>\n\n\n\n<li><a>...<\/a><\/li>\n\n\n\n<li><a href='?page_no=36999'>36999<\/a><\/li>\n\n\n\n<li><a href='?page_no=37000'>37000<\/a><\/li>\n\n    \n\t\n\n<li >\n\t<a href='?page_no=6643'>Next<\/a>\n\t<\/li>\n\n\n    \n\n<li><a href='?page_no=37000'>Last &rsaquo;&rsaquo;<\/a><\/li>\n\n<\/ul>\n\n\n--><br \/>\n<\/body><\/p>\n","protected":false},"excerpt":{"rendered":"<p>Por Deisy Francis Mexidor La Habana, 7 feb (PL) La nueva escalada agresiva de la administraci\u00f3n del presidente estadounidense, Donald Trump, apunta hoy, sin dudas, hacia Venezuela y Cuba, denunci\u00f3 el diputado L\u00e1zaro Barredo. &#8216;Yo dir\u00eda que es el papel carb\u00f3n de una vieja pol\u00edtica lo que se est\u00e1 aplicando otra vez por parte de [&hellip;]<\/p>\n","protected":false},"author":3,"featured_media":0,"comment_status":"open","ping_status":"open","sticky":false,"template":"","format":"standard","meta":{"footnotes":""},"categories":[22],"tags":[],"class_list":["post-171325","post","type-post","status-publish","format-standard","hentry","category-politica"],"_links":{"self":[{"href":"https:\/\/diariodominicano.com\/index.php?rest_route=\/wp\/v2\/posts\/171325","targetHints":{"allow":["GET"]}}],"collection":[{"href":"https:\/\/diariodominicano.com\/index.php?rest_route=\/wp\/v2\/posts"}],"about":[{"href":"https:\/\/diariodominicano.com\/index.php?rest_route=\/wp\/v2\/types\/post"}],"author":[{"embeddable":true,"href":"https:\/\/diariodominicano.com\/index.php?rest_route=\/wp\/v2\/users\/3"}],"replies":[{"embeddable":true,"href":"https:\/\/diariodominicano.com\/index.php?rest_route=%2Fwp%2Fv2%2Fcomments&post=171325"}],"version-history":[{"count":0,"href":"https:\/\/diariodominicano.com\/index.php?rest_route=\/wp\/v2\/posts\/171325\/revisions"}],"wp:attachment":[{"href":"https:\/\/diariodominicano.com\/index.php?rest_route=%2Fwp%2Fv2%2Fmedia&parent=171325"}],"wp:term":[{"taxonomy":"category","embeddable":true,"href":"https:\/\/diariodominicano.com\/index.php?rest_route=%2Fwp%2Fv2%2Fcategories&post=171325"},{"taxonomy":"post_tag","embeddable":true,"href":"https:\/\/diariodominicano.com\/index.php?rest_route=%2Fwp%2Fv2%2Ftags&post=171325"}],"curies":[{"name":"wp","href":"https:\/\/api.w.org\/{rel}","templated":true}]}}