{"id":171324,"date":"2018-02-07T18:10:38","date_gmt":"2018-02-07T18:10:38","guid":{"rendered":"http:\/\/diariodominicano.ddns.net\/?p=171324"},"modified":"2018-02-07T18:10:38","modified_gmt":"2018-02-07T18:10:38","slug":"merkel-sienta-las-bases-para-otro-mandato-en-alemania-a-cambio-de-sacrificios","status":"publish","type":"post","link":"https:\/\/diariodominicano.com\/?p=171324","title":{"rendered":"Merkel sienta las bases para otro mandato en Alemania a cambio de sacrificios"},"content":{"rendered":"<p><body><\/p>\n<p><img decoding=\"async\" src=\"img3\/5a56598f2a729800f1e9aba003b75407eb262775.jpg\" \/><br \/><img decoding=\"async\" src=\"img3\/e4a611ef94d912c7ff4d93a0c75df5d37ac4e128.jpg\" \/><br \/><img decoding=\"async\" src=\"img3\/4919d926528afcf7ff5047b6ee9f7be126e28e6d.jpg\" \/>  <\/p>\n<p>AFP \/ Tobias SCHWARZ<\/p>\n<p>La canciller alemana, Angela Merkel, junto al l\u00edder de sus aliados b\u00e1varos de la CSU, Horst Seehofer (I), y el de los socialdem\u00f3cratas, Martin Schulz, tras una rueda de prensa en Berl\u00edn el 7 de febrero de 2018<\/p>\n<p>La canciller Angela Merkel celebr\u00f3 este mi\u00e9rcoles la perspectiva de un gobierno \u00abestable\u00bb en Alemania, tras el acuerdo logrado en unas duras negociaciones con los socialdem\u00f3cratas, que le sali\u00f3 muy caro pero le abre las puertas a un cuarto mandato.<\/p>\n<\/p>\n<p>\u00abEstoy convencida de que este contrato de coalici\u00f3n [&#8230;] es el pilar del gobierno estable que necesita nuestro pa\u00eds y que mucha gente en el mundo espera de nosotros\u00bb, insisti\u00f3 la dirigente conservadora, de la CDU, tras la \u00faltima ronda de negociaciones, de 24 horas seguidas, en Berl\u00edn.<\/p>\n<\/p>\n<p>Ante las reticencias del Partido Socialdem\u00f3crata (SPD) para aliarse de nuevo con los conservadores, estos tuvieron que hacer varias concesiones. El SPD de Martin Schulz obtendr\u00e1 as\u00ed varias carteras clave, como la de Finanzas.<\/p>\n<\/p>\n<p>&#8211; La erosi\u00f3n de Merkel &#8211;<\/p>\n<\/p>\n<p>Esto marca una ruptura con la herencia del ortodoxo Wolfgang Schaeuble, conservador y titular de Finanzas durante ocho a\u00f1os, hasta finales de 2017. Se cree que esta responsabilidad la asumir\u00e1 ahora Olaf Scholz, alcalde de Hamburgo, la segunda ciudad del pa\u00eds, y una figura respetada del SPD.<\/p>\n<\/p>\n<p>\u00abAdmito que la cuesti\u00f3n de qui\u00e9n obtiene qu\u00e9 ministerio no fue sencilla\u00bb, reconoci\u00f3 Merkel.<\/p>\n<\/p>\n<p>AFP \/ smi<\/p>\n<p>El parlamento alem\u00e1n<\/p>\n<p>Martin Schulz, expresidente del Parlamento Europeo, podr\u00eda convertirse en jefe de la diplomacia alemana, un cambio dr\u00e1stico para quien, a\u00fan a finales de 2017, aseguraba que no participar\u00eda en un gobierno de Merkel.<\/p>\n<\/p>\n<p>Este mi\u00e9rcoles de tarde comunic\u00f3 que quiere abandonar pr\u00f3ximamente la presidencia del PSD, tal como anunciaban los medios.<\/p>\n<\/p>\n<p>Schulz, de 62 a\u00f1os, considera no estar en condiciones de garantizar de la mejor manera \u00abel proceso de renovaci\u00f3n\u00bb de su partido, indic\u00f3 en conferencia de prensa en Berl\u00edn. Andrea Nahles, de 47 a\u00f1os, jefa del grupo parlamentario del partido, est\u00e1 llamada a sucederlo, convirti\u00e9ndose en la primera mujer en el cargo.<\/p>\n<\/p>\n<p>La CSU, los aliados b\u00e1varos de Merkel y el ala m\u00e1s a la derecha de su familia pol\u00edtica, controlar\u00e1 un s\u00faperministerio del Interior, la Construcci\u00f3n y la Patria, una garant\u00eda para su electorado m\u00e1s conservador.<\/p>\n<\/p>\n<p>El partido lleva dos a\u00f1os denunciando la generosa pol\u00edtica migratoria de la canciller.<\/p>\n<\/p>\n<p>Seg\u00fan el diario Bild, Merkel cedi\u00f3 demasiado para evitar unas nuevas elecciones.<\/p>\n<\/p>\n<p>\u00ab\u00bfQu\u00e9 preci\u00f3 ha pagado? \u00a1Es casi un sacrificio personal! \u00bfQu\u00e9 queda realmente de ella?\u00bb, insiste el peri\u00f3dico. \u00abQue Merkel ceda de esta manera ilustra la erosi\u00f3n de su poder [&#8230;] en materia de pol\u00edtica europea\u00bb.<\/p>\n<\/p>\n<p>A Angela Merkel no le quedaba margen de error si quer\u00eda permanecer en el poder. Las elecciones legislativas de septiembre, marcadas por el repliegue de los partidos tradicionales y el avance de la extrema derecha, no proporcionaron una mayor\u00eda clara en la c\u00e1mara de diputados.<\/p>\n<\/p>\n<p>Las discusiones se atascaron durante un tiempo en la cuesti\u00f3n del gasto militar y, sobre todo, en el mercado de trabajo y en una reforma de la seguridad social dirigida a reducir las desigualdades entre la sanidad p\u00fablica y privada.<\/p>\n<\/p>\n<p>&#8211; Importante obst\u00e1culo &#8211;<\/p>\n<\/p>\n<p>Para comenzar su nuevo mandato de cuatro a\u00f1os, la canciller, de 63, aun tiene que superar un importante obst\u00e1culo: el del voto de los alrededor de 460.000 militantes del SPD, que se pronunciar\u00e1n en una consulta interna por correo que se llevar\u00e1 a cabo durante varias semanas.<\/p>\n<\/p>\n<p>El partido, creado a finales del siglo XIX, sigue muy dividido sobre la decisi\u00f3n de apoyar un nuevo Ejecutivo liderado por los conservadores del bloque CDU-CSU.<\/p>\n<\/p>\n<p>AFP \/ Tobias SCHWARZ<\/p>\n<p>El l\u00edder de los socialdem\u00f3cratas alemanes, Martin Schulz, el 7 de febrero de 2018 en Berl\u00edn<\/p>\n<p>Para intentar ganarse a los militantes m\u00e1s reticentes, Martin Schulz logr\u00f3 que el acuerdo de gobierno incluya una cl\u00e1usula de reevaluaci\u00f3n de la coalici\u00f3n al cabo de dos a\u00f1os, una forma de poner a Merkel en suspenso desde el inicio de su mandato.<\/p>\n<\/p>\n<p>\u00abAhora vamos a convencer a los militantes de que negociamos un muy buen acuerdo\u00bb, dijo Schulz este mi\u00e9rcoles.<\/p>\n<\/p>\n<p>Si los militantes rechazan el acuerdo de coalici\u00f3n, la canciller se enfrentar\u00e1 a un dif\u00edcil decisi\u00f3n: o formar un gobierno en minor\u00eda o celebrar nuevas elecciones, dos escenarios in\u00e9ditos en la Alemania de la posguerra. La consulta entre 460.000 militantes comenzar\u00e1 el 20 de febrero y el resultado se conocer\u00e1 el 4 de marzo.<\/p>\n<\/p>\n<p>Tanto el SPD como los conservadores temen unos nuevos comicios, de los que se beneficiar\u00eda sobre todo la extrema derecha de Alternativa para Alemania (AfD), como muestran los \u00faltimos sondeos, y complicar\u00edan a\u00fan m\u00e1s la b\u00fasqueda de mayor\u00edas.<\/p>\n<h6> 2018-02-07 18:10:38 <\/h6>\n<p><!--\n<link rel=\"stylesheet\" href=\"css\/bootstrap.min.css\">\n\n\n<ul class=\"pagination\">\n\t    \n\t\n\n<li >\n\t<a href='?page_no=6640'>Previous<\/a>\n\t<\/li>\n\n\n       \n    \n\n<li><a href='?page_no=1'>1<\/a><\/li>\n\n\n\n<li><a href='?page_no=2'>2<\/a><\/li>\n\n\n\n<li><a>...<\/a><\/li>\n\n\n\n<li><a href='?page_no=6639'>6639<\/a><\/li>\n\n\n\n<li><a href='?page_no=6640'>6640<\/a><\/li>\n\n\n\n<li class='active'><a>6641<\/a><\/li>\n\n\n\n<li><a href='?page_no=6642'>6642<\/a><\/li>\n\n\n\n<li><a href='?page_no=6643'>6643<\/a><\/li>\n\n\n\n<li><a>...<\/a><\/li>\n\n\n\n<li><a href='?page_no=36999'>36999<\/a><\/li>\n\n\n\n<li><a href='?page_no=37000'>37000<\/a><\/li>\n\n    \n\t\n\n<li >\n\t<a href='?page_no=6642'>Next<\/a>\n\t<\/li>\n\n\n    \n\n<li><a href='?page_no=37000'>Last &rsaquo;&rsaquo;<\/a><\/li>\n\n<\/ul>\n\n\n--><br \/>\n<\/body><\/p>\n","protected":false},"excerpt":{"rendered":"<p>AFP \/ Tobias SCHWARZ La canciller alemana, Angela Merkel, junto al l\u00edder de sus aliados b\u00e1varos de la CSU, Horst Seehofer (I), y el de los socialdem\u00f3cratas, Martin Schulz, tras una rueda de prensa en Berl\u00edn el 7 de febrero de 2018 La canciller Angela Merkel celebr\u00f3 este mi\u00e9rcoles la perspectiva de un gobierno \u00abestable\u00bb [&hellip;]<\/p>\n","protected":false},"author":3,"featured_media":0,"comment_status":"open","ping_status":"open","sticky":false,"template":"","format":"standard","meta":{"footnotes":""},"categories":[22],"tags":[],"class_list":["post-171324","post","type-post","status-publish","format-standard","hentry","category-politica"],"_links":{"self":[{"href":"https:\/\/diariodominicano.com\/index.php?rest_route=\/wp\/v2\/posts\/171324","targetHints":{"allow":["GET"]}}],"collection":[{"href":"https:\/\/diariodominicano.com\/index.php?rest_route=\/wp\/v2\/posts"}],"about":[{"href":"https:\/\/diariodominicano.com\/index.php?rest_route=\/wp\/v2\/types\/post"}],"author":[{"embeddable":true,"href":"https:\/\/diariodominicano.com\/index.php?rest_route=\/wp\/v2\/users\/3"}],"replies":[{"embeddable":true,"href":"https:\/\/diariodominicano.com\/index.php?rest_route=%2Fwp%2Fv2%2Fcomments&post=171324"}],"version-history":[{"count":0,"href":"https:\/\/diariodominicano.com\/index.php?rest_route=\/wp\/v2\/posts\/171324\/revisions"}],"wp:attachment":[{"href":"https:\/\/diariodominicano.com\/index.php?rest_route=%2Fwp%2Fv2%2Fmedia&parent=171324"}],"wp:term":[{"taxonomy":"category","embeddable":true,"href":"https:\/\/diariodominicano.com\/index.php?rest_route=%2Fwp%2Fv2%2Fcategories&post=171324"},{"taxonomy":"post_tag","embeddable":true,"href":"https:\/\/diariodominicano.com\/index.php?rest_route=%2Fwp%2Fv2%2Ftags&post=171324"}],"curies":[{"name":"wp","href":"https:\/\/api.w.org\/{rel}","templated":true}]}}