{"id":171323,"date":"2018-02-07T18:14:47","date_gmt":"2018-02-07T18:14:47","guid":{"rendered":"http:\/\/diariodominicano.ddns.net\/?p=171323"},"modified":"2018-02-07T18:14:47","modified_gmt":"2018-02-07T18:14:47","slug":"schulz-anuncia-que-abandonara-presidencia-del-partido-socialdemocrata-aleman","status":"publish","type":"post","link":"https:\/\/diariodominicano.com\/?p=171323","title":{"rendered":"Schulz anuncia que abandonar\u00e1 presidencia del Partido Socialdem\u00f3crata alem\u00e1n"},"content":{"rendered":"<p><body><\/p>\n<p><img decoding=\"async\" src=\"img3\/4919d926528afcf7ff5047b6ee9f7be126e28e6d.jpg\" \/>  <\/p>\n<\/p>\n<p>AFP \/ Tobias SCHWARZ<\/p>\n<p>El presidente del Partido Socialdem\u00f3crata de Alemania (SPD), Martin Schulz, en Berl\u00edn, el 7 de febrero de 2018<\/p>\n<p>Martin Schulz anunci\u00f3 este mi\u00e9rcoles de tarde que quiere abandonar pr\u00f3ximamente la presidencia del Partido Socialdem\u00f3crata alem\u00e1n (SPD), tras el acuerdo concluido con los conservadores de la canciller Angela Merkel para formar un futuro gobierno de coalici\u00f3n.<\/p>\n<\/p>\n<p>El expresidente del Parlamento europeo, de 62 a\u00f1os, que aspira al cargo de ministro de Relaciones Exteriores, considera no estar en condiciones de garantizar de la mejor manera \u00abel proceso de renovaci\u00f3n\u00bb de su partido, indic\u00f3 en una conferencia de prensa en Berl\u00edn.<\/p>\n<\/p>\n<p>Andrea Nahles, de 47 a\u00f1os, jefa del grupo parlamentario del partido, est\u00e1 llamada a sucederlo. La exministra de Trabajo, quien rechaz\u00f3 participar en una nueva gran coalici\u00f3n, ser\u00eda la primera mujer en dirigir al m\u00e1s viejo partido de Alemania.<\/p>\n<\/p>\n<p>\u00abEl partido tiene que rejuvenecerse y feminizarse. Despu\u00e9s de 150 a\u00f1os, este partido por fin llega a manos de una mujer\u00bb, declar\u00f3 Schulz.<\/p>\n<\/p>\n<p>Adem\u00e1s precis\u00f3 querer organizar un congreso extraordinarios del SPD para la elecci\u00f3n de Nahles, despu\u00e9s de un votaci\u00f3n prevista de sus militantes sobre el proyecto de coalici\u00f3n con los conservadores. Esta consulta interna se desarrollar\u00e1 a partir del 20 de febrero y podr\u00e1n participar 460.000 afiliados socialdem\u00f3cratas. El resultado se conocer\u00e1 el 4 de marzo.<\/p>\n<\/p>\n<p>Sin su aval, el gobierno de coalici\u00f3n no podr\u00e1 formarse.<\/p>\n<h6> 2018-02-07 18:14:47 <\/h6>\n<p><!--\n<link rel=\"stylesheet\" href=\"css\/bootstrap.min.css\">\n\n\n<ul class=\"pagination\">\n\t    \n\t\n\n<li >\n\t<a href='?page_no=6639'>Previous<\/a>\n\t<\/li>\n\n\n       \n    \n\n<li><a href='?page_no=1'>1<\/a><\/li>\n\n\n\n<li><a href='?page_no=2'>2<\/a><\/li>\n\n\n\n<li><a>...<\/a><\/li>\n\n\n\n<li><a href='?page_no=6638'>6638<\/a><\/li>\n\n\n\n<li><a href='?page_no=6639'>6639<\/a><\/li>\n\n\n\n<li class='active'><a>6640<\/a><\/li>\n\n\n\n<li><a href='?page_no=6641'>6641<\/a><\/li>\n\n\n\n<li><a href='?page_no=6642'>6642<\/a><\/li>\n\n\n\n<li><a>...<\/a><\/li>\n\n\n\n<li><a href='?page_no=36999'>36999<\/a><\/li>\n\n\n\n<li><a href='?page_no=37000'>37000<\/a><\/li>\n\n    \n\t\n\n<li >\n\t<a href='?page_no=6641'>Next<\/a>\n\t<\/li>\n\n\n    \n\n<li><a href='?page_no=37000'>Last &rsaquo;&rsaquo;<\/a><\/li>\n\n<\/ul>\n\n\n--><br \/>\n<\/body><\/p>\n","protected":false},"excerpt":{"rendered":"<p>AFP \/ Tobias SCHWARZ El presidente del Partido Socialdem\u00f3crata de Alemania (SPD), Martin Schulz, en Berl\u00edn, el 7 de febrero de 2018 Martin Schulz anunci\u00f3 este mi\u00e9rcoles de tarde que quiere abandonar pr\u00f3ximamente la presidencia del Partido Socialdem\u00f3crata alem\u00e1n (SPD), tras el acuerdo concluido con los conservadores de la canciller Angela Merkel para formar un [&hellip;]<\/p>\n","protected":false},"author":3,"featured_media":0,"comment_status":"open","ping_status":"open","sticky":false,"template":"","format":"standard","meta":{"footnotes":""},"categories":[22],"tags":[],"class_list":["post-171323","post","type-post","status-publish","format-standard","hentry","category-politica"],"_links":{"self":[{"href":"https:\/\/diariodominicano.com\/index.php?rest_route=\/wp\/v2\/posts\/171323","targetHints":{"allow":["GET"]}}],"collection":[{"href":"https:\/\/diariodominicano.com\/index.php?rest_route=\/wp\/v2\/posts"}],"about":[{"href":"https:\/\/diariodominicano.com\/index.php?rest_route=\/wp\/v2\/types\/post"}],"author":[{"embeddable":true,"href":"https:\/\/diariodominicano.com\/index.php?rest_route=\/wp\/v2\/users\/3"}],"replies":[{"embeddable":true,"href":"https:\/\/diariodominicano.com\/index.php?rest_route=%2Fwp%2Fv2%2Fcomments&post=171323"}],"version-history":[{"count":0,"href":"https:\/\/diariodominicano.com\/index.php?rest_route=\/wp\/v2\/posts\/171323\/revisions"}],"wp:attachment":[{"href":"https:\/\/diariodominicano.com\/index.php?rest_route=%2Fwp%2Fv2%2Fmedia&parent=171323"}],"wp:term":[{"taxonomy":"category","embeddable":true,"href":"https:\/\/diariodominicano.com\/index.php?rest_route=%2Fwp%2Fv2%2Fcategories&post=171323"},{"taxonomy":"post_tag","embeddable":true,"href":"https:\/\/diariodominicano.com\/index.php?rest_route=%2Fwp%2Fv2%2Ftags&post=171323"}],"curies":[{"name":"wp","href":"https:\/\/api.w.org\/{rel}","templated":true}]}}