{"id":171321,"date":"2018-02-07T19:15:36","date_gmt":"2018-02-07T19:15:36","guid":{"rendered":"http:\/\/diariodominicano.ddns.net\/?p=171321"},"modified":"2018-02-07T19:15:36","modified_gmt":"2018-02-07T19:15:36","slug":"presidente-maduro-ratifica-compromiso-con-el-dialogo-en-venezuela","status":"publish","type":"post","link":"https:\/\/diariodominicano.com\/?p=171321","title":{"rendered":"Presidente Maduro ratifica compromiso con el di\u00e1logo en Venezuela"},"content":{"rendered":"<p><body><\/p>\n<p><img decoding=\"async\" src=\"img3\/maduroo.jpg\" \/>  <\/p>\n<p><strong> Caracas, 7 feb (PL)<\/strong> El presidente venezolano, Nicol\u00e1s Maduro, ratific\u00f3 hoy el compromiso de su gobierno con el di\u00e1logo pol\u00edtico, tras la negativa de las facciones opositoras a firmar el acuerdo de convivencia pac\u00edfica resultante de la mesa de negociaci\u00f3n instalada en Rep\u00fablica Dominicana.<\/p>\n<\/p>\n<p>Durante la presentaci\u00f3n del Movimiento Somos Venezuela como partido pol\u00edtico, el mandatario denunci\u00f3 las presiones ejercidas por agentes externos sobre los representantes opositores en las conversaciones, con el fin de malograr la r\u00fabrica del pacto definitivo.<\/p>\n<\/p>\n<p>Madur\u00f3 sell\u00f3 igualmente el acuerdo firmado la v\u00edspera por la delegaci\u00f3n gubernamental en Santo Domingo, y confirm\u00f3 su voluntad de cumplir con los puntos incluidos en el mismo. Instruy\u00f3 adem\u00e1s al ministro para la Comunicaci\u00f3n y la Informaci\u00f3n, Jorge Rodr\u00edguez, jefe de la representaci\u00f3n del Estado venezolano en las conversaciones, para que el contenido del documento se publique de manera inmediata.<\/p>\n<\/p>\n<p>La capital dominicana acogi\u00f3 varios ciclos de di\u00e1logo para concretar un pacto de convivencia democr\u00e1tica entre el gobierno de Venezuela y la oposici\u00f3n, aunque esta \u00faltima se neg\u00f3 la v\u00edspera a firmar el texto conclusivo.<\/p>\n<\/p>\n<p>Maduro reiter\u00f3 su llamado a los partidos opositores a inscribir a sus candidatos de cara a los comicios presidenciales, convocados este mi\u00e9rcoles por el Consejo Nacional Electoral para el pr\u00f3ximo 22 de abril, tras el decreto de la Asamblea Nacional Constituyente de adelantar el proceso para el primer cuatrimestre de 2018.<\/p>\n<\/p>\n<p>Durante el acto celebrado en un complejo deportivo del estado Miranda, el Movimiento Somos Venezuela ratific\u00f3 su apoyo a la candidatura de Maduro como representante de las fuerzas revolucionarias en las elecciones de finales de abril.<\/p>\n<\/p>\n<p>Con anterioridad, la secretaria general de la organizaci\u00f3n, Delcy Rodr\u00edguez, present\u00f3 ante el Consejo Nacional Electoral los estatutos del nuevo partido pol\u00edtico, que participar\u00e1 con tarjeta propia en el proceso eleccionario.<\/p>\n<\/p>\n<p>agp\/wup<\/p>\n<h6> 2018-02-07 19:15:36 <\/h6>\n<p><!--\n<link rel=\"stylesheet\" href=\"css\/bootstrap.min.css\">\n\n\n<ul class=\"pagination\">\n\t    \n\t\n\n<li >\n\t<a href='?page_no=6638'>Previous<\/a>\n\t<\/li>\n\n\n       \n    \n\n<li><a href='?page_no=1'>1<\/a><\/li>\n\n\n\n<li><a href='?page_no=2'>2<\/a><\/li>\n\n\n\n<li><a>...<\/a><\/li>\n\n\n\n<li><a href='?page_no=6637'>6637<\/a><\/li>\n\n\n\n<li><a href='?page_no=6638'>6638<\/a><\/li>\n\n\n\n<li class='active'><a>6639<\/a><\/li>\n\n\n\n<li><a href='?page_no=6640'>6640<\/a><\/li>\n\n\n\n<li><a href='?page_no=6641'>6641<\/a><\/li>\n\n\n\n<li><a>...<\/a><\/li>\n\n\n\n<li><a href='?page_no=36999'>36999<\/a><\/li>\n\n\n\n<li><a href='?page_no=37000'>37000<\/a><\/li>\n\n    \n\t\n\n<li >\n\t<a href='?page_no=6640'>Next<\/a>\n\t<\/li>\n\n\n    \n\n<li><a href='?page_no=37000'>Last &rsaquo;&rsaquo;<\/a><\/li>\n\n<\/ul>\n\n\n--><br \/>\n<\/body><\/p>\n","protected":false},"excerpt":{"rendered":"<p>Caracas, 7 feb (PL) El presidente venezolano, Nicol\u00e1s Maduro, ratific\u00f3 hoy el compromiso de su gobierno con el di\u00e1logo pol\u00edtico, tras la negativa de las facciones opositoras a firmar el acuerdo de convivencia pac\u00edfica resultante de la mesa de negociaci\u00f3n instalada en Rep\u00fablica Dominicana. Durante la presentaci\u00f3n del Movimiento Somos Venezuela como partido pol\u00edtico, el [&hellip;]<\/p>\n","protected":false},"author":3,"featured_media":0,"comment_status":"open","ping_status":"open","sticky":false,"template":"","format":"standard","meta":{"footnotes":""},"categories":[22],"tags":[],"class_list":["post-171321","post","type-post","status-publish","format-standard","hentry","category-politica"],"_links":{"self":[{"href":"https:\/\/diariodominicano.com\/index.php?rest_route=\/wp\/v2\/posts\/171321","targetHints":{"allow":["GET"]}}],"collection":[{"href":"https:\/\/diariodominicano.com\/index.php?rest_route=\/wp\/v2\/posts"}],"about":[{"href":"https:\/\/diariodominicano.com\/index.php?rest_route=\/wp\/v2\/types\/post"}],"author":[{"embeddable":true,"href":"https:\/\/diariodominicano.com\/index.php?rest_route=\/wp\/v2\/users\/3"}],"replies":[{"embeddable":true,"href":"https:\/\/diariodominicano.com\/index.php?rest_route=%2Fwp%2Fv2%2Fcomments&post=171321"}],"version-history":[{"count":0,"href":"https:\/\/diariodominicano.com\/index.php?rest_route=\/wp\/v2\/posts\/171321\/revisions"}],"wp:attachment":[{"href":"https:\/\/diariodominicano.com\/index.php?rest_route=%2Fwp%2Fv2%2Fmedia&parent=171321"}],"wp:term":[{"taxonomy":"category","embeddable":true,"href":"https:\/\/diariodominicano.com\/index.php?rest_route=%2Fwp%2Fv2%2Fcategories&post=171321"},{"taxonomy":"post_tag","embeddable":true,"href":"https:\/\/diariodominicano.com\/index.php?rest_route=%2Fwp%2Fv2%2Ftags&post=171321"}],"curies":[{"name":"wp","href":"https:\/\/api.w.org\/{rel}","templated":true}]}}