{"id":171320,"date":"2018-02-07T19:43:44","date_gmt":"2018-02-07T19:43:44","guid":{"rendered":"http:\/\/diariodominicano.ddns.net\/?p=171320"},"modified":"2018-02-07T19:43:44","modified_gmt":"2018-02-07T19:43:44","slug":"dialogo-de-venezuela-entra-en-receso-indefinido-afirma-presidente-de-republica-dominicana","status":"publish","type":"post","link":"https:\/\/diariodominicano.com\/?p=171320","title":{"rendered":"Di\u00e1logo de Venezuela entra en \u00abreceso indefinido\u00bb, afirma presidente de Rep\u00fablica Dominicana&#13;"},"content":{"rendered":"<p><body><\/p>\n<p><img decoding=\"async\" src=\"img3\/Danilo-1024x550 (1).jpg\" \/>  <\/p>\n<p><strong>   CARACAS, 7 feb (Xinhua) &#8212;<\/strong> El presidente de Rep\u00fablica Dominicana, Danilo Medina, inform\u00f3 hoy mi\u00e9rcoles que el proceso de di\u00e1logo entre el gobierno y la oposici\u00f3n de Venezuela entr\u00f3 en un \u00abreceso indefinido\u00bb, tras la imposibilidad de las partes de firmar un acuerdo definitivo.<\/p>\n<\/p>\n<p>   Tras mencionar las diferencias que existen entre las partes negociadoras, Medina consider\u00f3 en rueda de prensa en Santo Domingo que \u00abel di\u00e1logo entra aqu\u00ed en una especie de receso indefinido\u00bb.<\/p>\n<\/p>\n<p>   El mandatario dijo que mientras la oposici\u00f3n tiene otra propuesta de documento para acordar, el gobierno del presidente venezolano, Nicol\u00e1s Maduro, sostiene \u00abque s\u00f3lo firmar\u00e1 el documento\u00bb discutido el martes.<\/p>\n<\/p>\n<p>   No obstante, aclar\u00f3 que \u00able enviaremos (a la administraci\u00f3n venezolana), de todas maneras, el documento que nos ha entregado la oposici\u00f3n\u00bb para que lo tenga, \u00abm\u00e1s no con la esperanza de que lo van a responder\u00bb.<\/p>\n<\/p>\n<p>   Medina indic\u00f3 que Maduro expres\u00f3 su disposici\u00f3n de aplicar \u00abtodos los acuerdos que est\u00e1n contenidos en el documento que el gobierno firm\u00f3 el d\u00eda de ayer (martes)\u00bb, a\u00fan \u00abfuera del acuerdo de la firma con la oposici\u00f3n\u00bb.<\/p>\n<\/p>\n<p>   Agreg\u00f3 que, por su parte, la delegaci\u00f3n negociadora de la alianza opositora Mesa de la Unidad Democr\u00e1tica (MUD) \u00abnos ha pedido que las puertas del di\u00e1logo no se cierren, que dejen abierta una ventana para seguir trabajando\u00bb.<\/p>\n<\/p>\n<p>   \u00abAl final, tendr\u00e1n que volver a sentarse en la mesa a dialogar, porque no hay otro camino para el entendimiento que no sea a trav\u00e9s del di\u00e1logo\u00bb, subray\u00f3 Medina.<\/p>\n<\/p>\n<p>   Tras afirmar que Rep\u00fablica Dominicana y los dem\u00e1s pa\u00edses acompa\u00f1antes son \u00absiempre partidarios del di\u00e1logo\u00bb, manifest\u00f3 su \u00abesperanza de que las partes puedan reencontrarse en Caracas y puedan conducir a un nuevo acercamiento que permita sentarse y lograr un acuerdo definitivo\u00bb.<\/p>\n<\/p>\n<p>   Al ser consultado sobre la posible fecha para las elecciones presidenciales de Venezuela, uno de los puntos discutidos el martes en Santo Domingo, Medina dijo que la oposici\u00f3n ped\u00eda que se celebraran en junio pr\u00f3ximo, pero el gobierno solicitaba el mes de marzo.<\/p>\n<\/p>\n<p>   \u00abEl gobierno quer\u00eda que las elecciones fueran el 8 de marzo, luego la subieron al 15, luego al 18 y, finalmente (&#8230;), llegamos (en acuerdo) al 22 (de marzo)\u00bb, mencion\u00f3, al tiempo que aclar\u00f3 que se desconoce la fecha para esos comicios, tras la imposibilidad de firmar el documento.<\/p>\n<\/p>\n<p>   Tras un encuentro de varias horas el martes en la naci\u00f3n isle\u00f1a, el gobierno de Venezuela y la oposici\u00f3n local no lograron la firma de un documento que recog\u00eda, seg\u00fan dijo Medina, \u00abtodas las discusiones que se dieron, tendentes a llegar a un acuerdo\u00bb.<\/p>\n<\/p>\n<p>   La ronda de conversaciones entre las partes, que entra hoy en un \u00abreceso indefinido\u00bb, inici\u00f3 el pasado mes de septiembre en Rep\u00fablica Dominicana con la finalidad de proponer soluciones a la crisis que atraviesa la naci\u00f3n suramericana.<\/p>\n<\/p>\n<p>   Una de las exigencias de la administraci\u00f3n venezolana es que la oposici\u00f3n medie para que Estados Unidos levante las sanciones jur\u00eddicas y econ\u00f3micas impuestas en agosto del 2017, para alcanzar \u00abgarant\u00edas econ\u00f3micas\u00bb de cara a los comicios presidenciales.<\/p>\n<\/p>\n<p>   En tanto, los opositores piden \u00abgarant\u00edas electorales\u00bb y la reestructuraci\u00f3n del Consejo Nacional Electoral (CNE) para los pr\u00f3ximos comicios, la liberaci\u00f3n de los denominados \u00abpresos pol\u00edticos\u00bb y la apertura de un canal humanitario para el ingreso de alimentos y medicinas al pa\u00eds. Fin<\/p>\n<\/p>\n<h6> 2018-02-07 19:43:44 <\/h6>\n<p><!--\n<link rel=\"stylesheet\" href=\"css\/bootstrap.min.css\">\n\n\n<ul class=\"pagination\">\n\t    \n\t\n\n<li >\n\t<a href='?page_no=6637'>Previous<\/a>\n\t<\/li>\n\n\n       \n    \n\n<li><a href='?page_no=1'>1<\/a><\/li>\n\n\n\n<li><a href='?page_no=2'>2<\/a><\/li>\n\n\n\n<li><a>...<\/a><\/li>\n\n\n\n<li><a href='?page_no=6636'>6636<\/a><\/li>\n\n\n\n<li><a href='?page_no=6637'>6637<\/a><\/li>\n\n\n\n<li class='active'><a>6638<\/a><\/li>\n\n\n\n<li><a href='?page_no=6639'>6639<\/a><\/li>\n\n\n\n<li><a href='?page_no=6640'>6640<\/a><\/li>\n\n\n\n<li><a>...<\/a><\/li>\n\n\n\n<li><a href='?page_no=36999'>36999<\/a><\/li>\n\n\n\n<li><a href='?page_no=37000'>37000<\/a><\/li>\n\n    \n\t\n\n<li >\n\t<a href='?page_no=6639'>Next<\/a>\n\t<\/li>\n\n\n    \n\n<li><a href='?page_no=37000'>Last &rsaquo;&rsaquo;<\/a><\/li>\n\n<\/ul>\n\n\n--><br \/>\n<\/body><\/p>\n","protected":false},"excerpt":{"rendered":"<p>CARACAS, 7 feb (Xinhua) &#8212; El presidente de Rep\u00fablica Dominicana, Danilo Medina, inform\u00f3 hoy mi\u00e9rcoles que el proceso de di\u00e1logo entre el gobierno y la oposici\u00f3n de Venezuela entr\u00f3 en un \u00abreceso indefinido\u00bb, tras la imposibilidad de las partes de firmar un acuerdo definitivo. Tras mencionar las diferencias que existen entre las partes negociadoras, Medina [&hellip;]<\/p>\n","protected":false},"author":3,"featured_media":0,"comment_status":"open","ping_status":"open","sticky":false,"template":"","format":"standard","meta":{"footnotes":""},"categories":[22],"tags":[],"class_list":["post-171320","post","type-post","status-publish","format-standard","hentry","category-politica"],"_links":{"self":[{"href":"https:\/\/diariodominicano.com\/index.php?rest_route=\/wp\/v2\/posts\/171320","targetHints":{"allow":["GET"]}}],"collection":[{"href":"https:\/\/diariodominicano.com\/index.php?rest_route=\/wp\/v2\/posts"}],"about":[{"href":"https:\/\/diariodominicano.com\/index.php?rest_route=\/wp\/v2\/types\/post"}],"author":[{"embeddable":true,"href":"https:\/\/diariodominicano.com\/index.php?rest_route=\/wp\/v2\/users\/3"}],"replies":[{"embeddable":true,"href":"https:\/\/diariodominicano.com\/index.php?rest_route=%2Fwp%2Fv2%2Fcomments&post=171320"}],"version-history":[{"count":0,"href":"https:\/\/diariodominicano.com\/index.php?rest_route=\/wp\/v2\/posts\/171320\/revisions"}],"wp:attachment":[{"href":"https:\/\/diariodominicano.com\/index.php?rest_route=%2Fwp%2Fv2%2Fmedia&parent=171320"}],"wp:term":[{"taxonomy":"category","embeddable":true,"href":"https:\/\/diariodominicano.com\/index.php?rest_route=%2Fwp%2Fv2%2Fcategories&post=171320"},{"taxonomy":"post_tag","embeddable":true,"href":"https:\/\/diariodominicano.com\/index.php?rest_route=%2Fwp%2Fv2%2Ftags&post=171320"}],"curies":[{"name":"wp","href":"https:\/\/api.w.org\/{rel}","templated":true}]}}