{"id":171319,"date":"2018-02-07T19:47:42","date_gmt":"2018-02-07T19:47:42","guid":{"rendered":"http:\/\/diariodominicano.ddns.net\/?p=171319"},"modified":"2018-02-07T19:47:42","modified_gmt":"2018-02-07T19:47:42","slug":"oposicion-venezolana-pide-a-gobierno-no-convocar-a-elecciones-presidenciales-de-forma-unilateral","status":"publish","type":"post","link":"https:\/\/diariodominicano.com\/?p=171319","title":{"rendered":"Oposici\u00f3n venezolana pide a gobierno no convocar a elecciones presidenciales de forma \u00abunilateral\u00bb"},"content":{"rendered":"<p><body><\/p>\n<\/p>\n<p><strong>   CARACAS, 7 feb (Xinhua) &#8211;<\/strong>&#8211; El delegado de la oposici\u00f3n para el di\u00e1logo con el gobierno de Venezuela, Julio Borges, emplaz\u00f3 hoy a la administraci\u00f3n del presidente Nicol\u00e1s Maduro a no cometer el \u00ababsurdo error\u00bb de convocar elecciones presidenciales \u00abde forma unilateral\u00bb. <\/p>\n<\/p>\n<p>   \u00abEmplazamos al gobierno a que no cometa el absurdo error de convocar unas elecciones de forma unilateral\u00bb, manifest\u00f3 Borges en su cuenta de la red social Twitter.<\/p>\n<\/p>\n<p>   Los comicios presidenciales de Venezuela, correspondientes a 2018 y que tradicionalmente se celebran en diciembre, fueron adelantados en enero pasado, para antes del 30 de abril, por decisi\u00f3n de la Asamblea Nacional Constituyente (ANC).<\/p>\n<\/p>\n<p>   La decisi\u00f3n de la ANC fue rechazada por algunos sectores de la oposici\u00f3n venezolana, los cuales pidieron \u00abgarant\u00edas electorales\u00bb en el proceso de di\u00e1logo que entr\u00f3 hoy en \u00abreceso\u00bb en Rep\u00fablica Dominicana.<\/p>\n<\/p>\n<p>   De acuerdo con Borges, en Venezuela \u00abhemos visto a un gobierno queriendo quitar derechos a los venezolanos\u00bb, los cuales, dijo, \u00abnosotros peleamos por resguardarlos\u00bb.<\/p>\n<\/p>\n<p>   \u00abEstamos y estaremos aqu\u00ed buscando una soluci\u00f3n de paz para Venezuela. El gobierno debe quitarse el miedo a perder y permitir unas elecciones libres\u00bb, agreg\u00f3 el legislador opositor en otro mensaje.<\/p>\n<\/p>\n<p>   Sostuvo que \u00abno aceptaremos ning\u00fan acuerdo que claudique la democracia en Venezuela\u00bb.<\/p>\n<\/p>\n<p>   La delegaci\u00f3n opositora entreg\u00f3 hoy al presidente dominicano, Danilo Medina, un documento alterno al discutido el martes en la naci\u00f3n isle\u00f1a, que fue firmado por el gobierno pero rechazado por la oposici\u00f3n.<\/p>\n<\/p>\n<p>   \u00abEn las pr\u00f3ximas horas haremos p\u00fablicos todos los documentos que presentamos, donde quedan muy claras nuestras exigencias\u00bb, subray\u00f3 Borges. <\/p>\n<\/p>\n<p>   El pronunciamiento del diputado, quien encabeza la comisi\u00f3n opositora para el di\u00e1logo, se produjo minutos despu\u00e9s de que el mandatario dominicano inform\u00f3 que la negociaci\u00f3n entre las partes entr\u00f3 en una \u00abespecie de receso indefinido\u00bb.<\/p>\n<\/p>\n<p>   Los opositores, quienes rechazan la convocatoria de elecciones presidenciales adelantadas de la ANC, exigen que para ese proceso se generen las \u00abgarant\u00edas electorales\u00bb y se reestructure el Consejo Nacional Electoral (CNE), al cual acusan de favorecer al gobierno.<\/p>\n<\/p>\n<p>   Por su parte, el gobierno pide que cese la \u00abguerra econ\u00f3mica\u00bb y las sanciones econ\u00f3micas y jur\u00eddicas que Estados Unidos impuso a Venezuela en agosto de 2017. Fin<\/p>\n<h6> 2018-02-07 19:47:42 <\/h6>\n<p><!--\n<link rel=\"stylesheet\" href=\"css\/bootstrap.min.css\">\n\n\n<ul class=\"pagination\">\n\t    \n\t\n\n<li >\n\t<a href='?page_no=6636'>Previous<\/a>\n\t<\/li>\n\n\n       \n    \n\n<li><a href='?page_no=1'>1<\/a><\/li>\n\n\n\n<li><a href='?page_no=2'>2<\/a><\/li>\n\n\n\n<li><a>...<\/a><\/li>\n\n\n\n<li><a href='?page_no=6635'>6635<\/a><\/li>\n\n\n\n<li><a href='?page_no=6636'>6636<\/a><\/li>\n\n\n\n<li class='active'><a>6637<\/a><\/li>\n\n\n\n<li><a href='?page_no=6638'>6638<\/a><\/li>\n\n\n\n<li><a href='?page_no=6639'>6639<\/a><\/li>\n\n\n\n<li><a>...<\/a><\/li>\n\n\n\n<li><a href='?page_no=36999'>36999<\/a><\/li>\n\n\n\n<li><a href='?page_no=37000'>37000<\/a><\/li>\n\n    \n\t\n\n<li >\n\t<a href='?page_no=6638'>Next<\/a>\n\t<\/li>\n\n\n    \n\n<li><a href='?page_no=37000'>Last &rsaquo;&rsaquo;<\/a><\/li>\n\n<\/ul>\n\n\n--><br \/>\n<\/body><\/p>\n","protected":false},"excerpt":{"rendered":"<p>CARACAS, 7 feb (Xinhua) &#8211;&#8211; El delegado de la oposici\u00f3n para el di\u00e1logo con el gobierno de Venezuela, Julio Borges, emplaz\u00f3 hoy a la administraci\u00f3n del presidente Nicol\u00e1s Maduro a no cometer el \u00ababsurdo error\u00bb de convocar elecciones presidenciales \u00abde forma unilateral\u00bb. \u00abEmplazamos al gobierno a que no cometa el absurdo error de convocar unas [&hellip;]<\/p>\n","protected":false},"author":3,"featured_media":0,"comment_status":"open","ping_status":"open","sticky":false,"template":"","format":"standard","meta":{"footnotes":""},"categories":[22],"tags":[],"class_list":["post-171319","post","type-post","status-publish","format-standard","hentry","category-politica"],"_links":{"self":[{"href":"https:\/\/diariodominicano.com\/index.php?rest_route=\/wp\/v2\/posts\/171319","targetHints":{"allow":["GET"]}}],"collection":[{"href":"https:\/\/diariodominicano.com\/index.php?rest_route=\/wp\/v2\/posts"}],"about":[{"href":"https:\/\/diariodominicano.com\/index.php?rest_route=\/wp\/v2\/types\/post"}],"author":[{"embeddable":true,"href":"https:\/\/diariodominicano.com\/index.php?rest_route=\/wp\/v2\/users\/3"}],"replies":[{"embeddable":true,"href":"https:\/\/diariodominicano.com\/index.php?rest_route=%2Fwp%2Fv2%2Fcomments&post=171319"}],"version-history":[{"count":0,"href":"https:\/\/diariodominicano.com\/index.php?rest_route=\/wp\/v2\/posts\/171319\/revisions"}],"wp:attachment":[{"href":"https:\/\/diariodominicano.com\/index.php?rest_route=%2Fwp%2Fv2%2Fmedia&parent=171319"}],"wp:term":[{"taxonomy":"category","embeddable":true,"href":"https:\/\/diariodominicano.com\/index.php?rest_route=%2Fwp%2Fv2%2Fcategories&post=171319"},{"taxonomy":"post_tag","embeddable":true,"href":"https:\/\/diariodominicano.com\/index.php?rest_route=%2Fwp%2Fv2%2Ftags&post=171319"}],"curies":[{"name":"wp","href":"https:\/\/api.w.org\/{rel}","templated":true}]}}