{"id":171318,"date":"2018-02-07T23:42:03","date_gmt":"2018-02-07T23:42:03","guid":{"rendered":"http:\/\/diariodominicano.ddns.net\/?p=171318"},"modified":"2018-02-07T23:42:03","modified_gmt":"2018-02-07T23:42:03","slug":"partidos-alemanes-llegan-a-acuerdo-para-formar-gran-coalicion","status":"publish","type":"post","link":"https:\/\/diariodominicano.com\/?p=171318","title":{"rendered":"&#13;&#13;Partidos alemanes llegan a acuerdo para formar \u00abgran coalici\u00f3n\u00bb"},"content":{"rendered":"<p><body><\/p>\n<p><img decoding=\"async\" src=\"img3\/136957359_1518046962455_title0h.jpg\" \/><br \/><img decoding=\"async\" src=\"img3\/136957359_15180469225661n.jpg\" \/>  <\/p>\n<\/p>\n<p><strong>   BERLIN, 7 feb (Xinhua) <\/strong>&#8212; La Uni\u00f3n Dem\u00f3crata Cristiana (CDU), la Uni\u00f3n Social Cristiana (CSU) y los Socialdem\u00f3cratas alemanes (SPD) alcanzaron hoy un acuerdo preliminar para forma una nueva \u00abgran coalici\u00f3n\u00bb.<\/p>\n<\/p>\n<p>   Despu\u00e9s de las prolongadas negociaciones, los visiblemente agotados negociadores del SPD confirmaron hoy que finalmente alcanzaron un acuerdo.<\/p>\n<\/p>\n<p>   Alexander Dobrindt, l\u00edder del CSU y alto negociador, elogi\u00f3 el resultado de las negociaciones y dijo que resolvieron de forma eficaz las disputas entre los socios de la coalici\u00f3n.<\/p>\n<\/p>\n<p>   \u00abEs tiempo de que Alemania tenga la posibilidad de un gobierno. En ese sentido, fue una buena ma\u00f1ana\u00bb, dijo Dobrindt.<\/p>\n<\/p>\n<p>   Los partidos incumplieron el plazo del domingo, por lo que continuaron con las conversaciones todo el lunes y todo el martes.<\/p>\n<\/p>\n<p>   M\u00e1s de cinco meses despu\u00e9s de las elecciones nacionales de septiembre de 2017, ahora el \u00fanico obst\u00e1culo pendiente para la formaci\u00f3n de un gobierno federal en Alemania es un referendo entre miembros del SPD sobre unirse o no a la \u00abgran coalici\u00f3n\u00bb.<\/p>\n<\/p>\n<p>   Como se esperaba, Angela Merkel volver\u00e1 a dirigir el nuevo gobierno como canciller, puesto que ha ocupado durante m\u00e1s de 11 a\u00f1os. El CDU tambi\u00e9n se ocupar\u00e1 de los ministerios federales de Econom\u00eda, Defensa, Agricultura y Educaci\u00f3n.<\/p>\n<\/p>\n<p>   A su vez, el SPD asegur\u00f3 el derecho a nombrar ministros federales en prestigiosos departamentos como pol\u00edtica exterior, finanzas y trabajo, as\u00ed como en los \u00e1mbitos de familia, justicia y medio ambiente.<\/p>\n<\/p>\n<p>   El diario Sueddeutsche Zeitung inform\u00f3 que Martin Schulz del SPD asumir\u00e1 el cargo de ministro de Relaciones Exteriores y ceder\u00e1 el liderazgo del partido a la l\u00edder de la facci\u00f3n parlamentaria, Andrea Nahles.<\/p>\n<\/p>\n<p>   El influyente alcalde de Hamburgo, Olaf Scholz, podr\u00eda convertirse en el pr\u00f3ximo ministro de Finanzas de Alemania.<\/p>\n<\/p>\n<p>   Horst Seehofer, l\u00edder del CSU, podr\u00eda estar al frente de un Ministerio del Interior expandido en la \u00abgran coalici\u00f3n\u00bb, incluyendo responsabilidades adicionales de seguridad nacional. Pol\u00edticos del CSU tambi\u00e9n estar\u00e1n al frente de los departamentos de Transporte, Asuntos Digitales y Ayuda para el Desarrollo.<\/p>\n<\/p>\n<p>   A pesar del alivio expresado hoy por los negociadores, persiste el temor de que el referendo sobre el acuerdo de coalici\u00f3n final prometido a los m\u00e1s de 400.000 miembros del SPD pueda frustrar la formaci\u00f3n del gobierno.<\/p>\n<\/p>\n<p>   Schulz enfrenta una fuerte resistencia dentro de su partido, incluyendo del ala juvenil Juso, contra su plan de apoyar otro gabinete de Merkel. Las cr\u00edticas internas se han transformado en una campa\u00f1a de \u00abno a la gran coalici\u00f3n\u00bb e invitan al p\u00fablico a unirse temporalmente al partido en un esfuerzo por revertir el acuerdo entre el CDU, el CSU y el SPD en el referendo.<\/p>\n<\/p>\n<p>   En las elecciones de septiembre, el SPD registr\u00f3 su peor resultado (20,5 por ciento de los votos) desde la Segunda Guerra Mundial, lo que ha generado especulaciones sobre el futuro pol\u00edtico de Schulz.<\/p>\n<\/p>\n<p>   Aunque no se han presentado propuestas pol\u00edticas concretas para reducir la desigualdad entre los sistemas de salud p\u00fablicos y privados de Alemania, como lo exigi\u00f3 el SPD, el nuevo gobierno anunci\u00f3 el nombramiento de una comisi\u00f3n de expertos para evaluar las posibilidades de reforma.<\/p>\n<\/p>\n<p>   De forma decisiva, el cap\u00edtulo inaugural del acuerdo de coalici\u00f3n para el cuarto gabinete de Merkel se dirige a Europa. Los partidos se comprometieron a cambios significativos en la gobernanza de la moneda \u00fanica, incluyendo aceptar el principio de una uni\u00f3n fiscal para la estabilizaci\u00f3n macroecon\u00f3mica y transformar el Mecanismo de Estabilidad Europeo en un fondo de rescate institucionalizado.<\/p>\n<\/p>\n<p>   El cambio del tono de Berl\u00edn hacia una visi\u00f3n m\u00e1s federalista de la eurozona abre potencialmente el paso a ambiciosas reformas del bloque como las defendidas por el presidente de Francia, Emmanuel Macron.<\/p>\n<\/p>\n<p>   Los representantes empresariales alemanes criticaron hoy los resultados de las negociaciones. La Confederaci\u00f3n de Industrias Alemanas critic\u00f3 el acuerdo de coalici\u00f3n por no mostrar una verdadera intenci\u00f3n de reducir la carga fiscal sobre las compa\u00f1\u00edas.<\/p>\n<\/p>\n<p>   La C\u00e1mara de Industria y Comercio de Alemania tambi\u00e9n expres\u00f3 su decepci\u00f3n de la \u00abgran coalici\u00f3n\u00bb por no responder a la reciente reforma fiscal de Estados Unidos con el correspondiente recorte de impuestos para las empresas alemanas. Fin<\/p>\n<h6> 2018-02-07 23:42:03 <\/h6>\n<p><!--\n<link rel=\"stylesheet\" href=\"css\/bootstrap.min.css\">\n\n\n<ul class=\"pagination\">\n\t    \n\t\n\n<li >\n\t<a href='?page_no=6635'>Previous<\/a>\n\t<\/li>\n\n\n       \n    \n\n<li><a href='?page_no=1'>1<\/a><\/li>\n\n\n\n<li><a href='?page_no=2'>2<\/a><\/li>\n\n\n\n<li><a>...<\/a><\/li>\n\n\n\n<li><a href='?page_no=6634'>6634<\/a><\/li>\n\n\n\n<li><a href='?page_no=6635'>6635<\/a><\/li>\n\n\n\n<li class='active'><a>6636<\/a><\/li>\n\n\n\n<li><a href='?page_no=6637'>6637<\/a><\/li>\n\n\n\n<li><a href='?page_no=6638'>6638<\/a><\/li>\n\n\n\n<li><a>...<\/a><\/li>\n\n\n\n<li><a href='?page_no=36999'>36999<\/a><\/li>\n\n\n\n<li><a href='?page_no=37000'>37000<\/a><\/li>\n\n    \n\t\n\n<li >\n\t<a href='?page_no=6637'>Next<\/a>\n\t<\/li>\n\n\n    \n\n<li><a href='?page_no=37000'>Last &rsaquo;&rsaquo;<\/a><\/li>\n\n<\/ul>\n\n\n--><br \/>\n<\/body><\/p>\n","protected":false},"excerpt":{"rendered":"<p>BERLIN, 7 feb (Xinhua) &#8212; La Uni\u00f3n Dem\u00f3crata Cristiana (CDU), la Uni\u00f3n Social Cristiana (CSU) y los Socialdem\u00f3cratas alemanes (SPD) alcanzaron hoy un acuerdo preliminar para forma una nueva \u00abgran coalici\u00f3n\u00bb. Despu\u00e9s de las prolongadas negociaciones, los visiblemente agotados negociadores del SPD confirmaron hoy que finalmente alcanzaron un acuerdo. Alexander Dobrindt, l\u00edder del CSU y [&hellip;]<\/p>\n","protected":false},"author":3,"featured_media":0,"comment_status":"open","ping_status":"open","sticky":false,"template":"","format":"standard","meta":{"footnotes":""},"categories":[22],"tags":[],"class_list":["post-171318","post","type-post","status-publish","format-standard","hentry","category-politica"],"_links":{"self":[{"href":"https:\/\/diariodominicano.com\/index.php?rest_route=\/wp\/v2\/posts\/171318","targetHints":{"allow":["GET"]}}],"collection":[{"href":"https:\/\/diariodominicano.com\/index.php?rest_route=\/wp\/v2\/posts"}],"about":[{"href":"https:\/\/diariodominicano.com\/index.php?rest_route=\/wp\/v2\/types\/post"}],"author":[{"embeddable":true,"href":"https:\/\/diariodominicano.com\/index.php?rest_route=\/wp\/v2\/users\/3"}],"replies":[{"embeddable":true,"href":"https:\/\/diariodominicano.com\/index.php?rest_route=%2Fwp%2Fv2%2Fcomments&post=171318"}],"version-history":[{"count":0,"href":"https:\/\/diariodominicano.com\/index.php?rest_route=\/wp\/v2\/posts\/171318\/revisions"}],"wp:attachment":[{"href":"https:\/\/diariodominicano.com\/index.php?rest_route=%2Fwp%2Fv2%2Fmedia&parent=171318"}],"wp:term":[{"taxonomy":"category","embeddable":true,"href":"https:\/\/diariodominicano.com\/index.php?rest_route=%2Fwp%2Fv2%2Fcategories&post=171318"},{"taxonomy":"post_tag","embeddable":true,"href":"https:\/\/diariodominicano.com\/index.php?rest_route=%2Fwp%2Fv2%2Ftags&post=171318"}],"curies":[{"name":"wp","href":"https:\/\/api.w.org\/{rel}","templated":true}]}}