{"id":171317,"date":"2018-02-08T01:13:32","date_gmt":"2018-02-08T01:13:32","guid":{"rendered":"http:\/\/diariodominicano.ddns.net\/?p=171317"},"modified":"2018-02-08T01:13:32","modified_gmt":"2018-02-08T01:13:32","slug":"venezuela-celebrara-elecciones-presidenciales-el-22-de-abril","status":"publish","type":"post","link":"https:\/\/diariodominicano.com\/?p=171317","title":{"rendered":"Venezuela celebrar\u00e1 elecciones presidenciales el 22 de abril"},"content":{"rendered":"<p><body><\/p>\n<p><img decoding=\"async\" src=\"img3\/136957712_15180597316311n.jpg\" \/>  <\/p>\n<p><strong>CARACAS, febrero 7, 2018 (Xinhua) &#8212; El presidente venezolano, Nicol\u00e1s Maduro, pronuncia un discurso durante el lanzamiento del Movimiento Somos Venezuela, movimiento socio-cultural que convoca a paticipar en las elecciones presidenciales, en el Parque Miranda, en Caracas, Venezuela, el 7 de febrero de 2018. La presidenta del Consejo Nacional Electoral de Venezuela, Tibisay Lucena, anunci\u00f3 el mi\u00e9rcoles que las elecciones presidenciales se celebrar\u00e1n el pr\u00f3ximo 22 de abril. La jefa del poder electoral hizo el anuncio tras permanecer varios d\u00edas en sesi\u00f3n permanente evaluando posibles fechas para la realizaci\u00f3n de los comicios convocados por la Asamblea Nacional Constituyente (ANC) de ese pa\u00eds. (Xinhua\/Str)<\/strong><\/p>\n<p><strong>CARACAS, 7 feb (Xinhua) &#8212;<\/strong> La presidenta del Consejo Nacional Electoral de Venezuela, Tibisay Lucena, anunci\u00f3 hoy que las elecciones presidenciales se celebrar\u00e1n el pr\u00f3ximo 22 de abril.<\/p>\n<\/p>\n<p>La jefa del poder electoral hizo el anuncio tras permanecer varios d\u00edas en sesi\u00f3n permanente evaluando posibles fechas para la realizaci\u00f3n de los comicios convocados por la Asamblea Nacional Constituyente (ANC) de ese pa\u00eds.<\/p>\n<\/p>\n<p>El anuncio fue ofrecido por el poder electoral venezolano horas despu\u00e9s de que las principales fuerzas pol\u00edticas de la naci\u00f3n latinoamericana no lograran firmar un acuerdo definitivo que contemplaba, entre otras cosas, una fecha para las elecciones.<\/p>\n<\/p>\n<p>En nombre del Consejo Nacional Electoral, la rectora Tibisay Lucena hizo un reconocimiento al presidente de Rep\u00fablica Dominicana, Danilo Medida, \u00abpor el empe\u00f1o, la sinceridad y la transparencia de su labro como mediador del di\u00e1logo\u00bb .<\/p>\n<\/p>\n<p>Agradeci\u00f3 tambi\u00e9n \u00abal expresidente Jos\u00e9 Luis Rodr\u00ecguez Zapatero y a los gobiernos de San Vicente y las Granadinas, Nicaragua, Bolivia, Chile y M\u00e9xico que a trav\u00e9s de sus cancilleres\u00bb han estado presentes en la jornada de di\u00e1logo entre gobierno y oposici\u00f3n.<\/p>\n<\/p>\n<p>Lucena reiter\u00f3 que necesario es \u00abencontrar rutas para que el pueblo soberano de Venezuela decida su destino libremente, sin injerencias ni agresiones\u00bb que, a su juicio, \u00abirrespetan el gentilicio venezolano y son un anacronismo hist\u00f3rico en pleno siglo XXI\u00bb .<\/p>\n<\/p>\n<p>Detall\u00f3 que la publicaci\u00f3n del registro electoral preliminar ser\u00e1 el 25 de febrero, habr\u00e1 una jornada especial de inscripci\u00f3n en el registro que ser\u00e1 del 10 al 20 de febrero, la auditor\u00eda del registro electoral ser\u00e1 el 26 de febrero y el registro electoral definitivo ser\u00e1 presentado el 5 de marzo.<\/p>\n<\/p>\n<p>A\u00f1adi\u00f3 que las postulaciones ser\u00e1n as\u00ed: inscripci\u00f3n por internet del 24 al 26 de febrero, la presentaci\u00f3n de las postulaciones ante la Junta Nacional ser\u00e1 del 26 al 27 de febrero, la admisi\u00f3n y rechazo de las postulaciones del 26 de febrero al 1ero de marzo.<\/p>\n<\/p>\n<p>Tambi\u00e9n inform\u00f3 que la impugnaci\u00f3n de las postulaciones ser\u00e1 el 3 de marzo y que la campa\u00f1a electoral ser\u00e1 del 2 de abril al 19 de abril; expres\u00f3 que habr\u00e1n 15 auditor\u00edas y \u00abtodas las garant\u00edas para una elecci\u00f3n transparente y confiable\u00bb  <\/p>\n<h6> 2018-02-08 01:13:32 <\/h6>\n<p><!--\n<link rel=\"stylesheet\" href=\"css\/bootstrap.min.css\">\n\n\n<ul class=\"pagination\">\n\t    \n\t\n\n<li >\n\t<a href='?page_no=6634'>Previous<\/a>\n\t<\/li>\n\n\n       \n    \n\n<li><a href='?page_no=1'>1<\/a><\/li>\n\n\n\n<li><a href='?page_no=2'>2<\/a><\/li>\n\n\n\n<li><a>...<\/a><\/li>\n\n\n\n<li><a href='?page_no=6633'>6633<\/a><\/li>\n\n\n\n<li><a href='?page_no=6634'>6634<\/a><\/li>\n\n\n\n<li class='active'><a>6635<\/a><\/li>\n\n\n\n<li><a href='?page_no=6636'>6636<\/a><\/li>\n\n\n\n<li><a href='?page_no=6637'>6637<\/a><\/li>\n\n\n\n<li><a>...<\/a><\/li>\n\n\n\n<li><a href='?page_no=36999'>36999<\/a><\/li>\n\n\n\n<li><a href='?page_no=37000'>37000<\/a><\/li>\n\n    \n\t\n\n<li >\n\t<a href='?page_no=6636'>Next<\/a>\n\t<\/li>\n\n\n    \n\n<li><a href='?page_no=37000'>Last &rsaquo;&rsaquo;<\/a><\/li>\n\n<\/ul>\n\n\n--><br \/>\n<\/body><\/p>\n","protected":false},"excerpt":{"rendered":"<p>CARACAS, febrero 7, 2018 (Xinhua) &#8212; El presidente venezolano, Nicol\u00e1s Maduro, pronuncia un discurso durante el lanzamiento del Movimiento Somos Venezuela, movimiento socio-cultural que convoca a paticipar en las elecciones presidenciales, en el Parque Miranda, en Caracas, Venezuela, el 7 de febrero de 2018. La presidenta del Consejo Nacional Electoral de Venezuela, Tibisay Lucena, anunci\u00f3 [&hellip;]<\/p>\n","protected":false},"author":3,"featured_media":0,"comment_status":"open","ping_status":"open","sticky":false,"template":"","format":"standard","meta":{"footnotes":""},"categories":[22],"tags":[],"class_list":["post-171317","post","type-post","status-publish","format-standard","hentry","category-politica"],"_links":{"self":[{"href":"https:\/\/diariodominicano.com\/index.php?rest_route=\/wp\/v2\/posts\/171317","targetHints":{"allow":["GET"]}}],"collection":[{"href":"https:\/\/diariodominicano.com\/index.php?rest_route=\/wp\/v2\/posts"}],"about":[{"href":"https:\/\/diariodominicano.com\/index.php?rest_route=\/wp\/v2\/types\/post"}],"author":[{"embeddable":true,"href":"https:\/\/diariodominicano.com\/index.php?rest_route=\/wp\/v2\/users\/3"}],"replies":[{"embeddable":true,"href":"https:\/\/diariodominicano.com\/index.php?rest_route=%2Fwp%2Fv2%2Fcomments&post=171317"}],"version-history":[{"count":0,"href":"https:\/\/diariodominicano.com\/index.php?rest_route=\/wp\/v2\/posts\/171317\/revisions"}],"wp:attachment":[{"href":"https:\/\/diariodominicano.com\/index.php?rest_route=%2Fwp%2Fv2%2Fmedia&parent=171317"}],"wp:term":[{"taxonomy":"category","embeddable":true,"href":"https:\/\/diariodominicano.com\/index.php?rest_route=%2Fwp%2Fv2%2Fcategories&post=171317"},{"taxonomy":"post_tag","embeddable":true,"href":"https:\/\/diariodominicano.com\/index.php?rest_route=%2Fwp%2Fv2%2Ftags&post=171317"}],"curies":[{"name":"wp","href":"https:\/\/api.w.org\/{rel}","templated":true}]}}