{"id":171316,"date":"2018-02-08T10:59:53","date_gmt":"2018-02-08T10:59:53","guid":{"rendered":"http:\/\/diariodominicano.ddns.net\/?p=171316"},"modified":"2018-02-08T10:59:53","modified_gmt":"2018-02-08T10:59:53","slug":"concurrida-conferencia-ny-del-movimiento-jovenes-lideres-con-leonel-2020","status":"publish","type":"post","link":"https:\/\/diariodominicano.com\/?p=171316","title":{"rendered":"Concurrida conferencia NY del movimiento \u00abJ\u00f3venes L\u00edderes con Leonel 2020\u00bb"},"content":{"rendered":"<p><body><\/p>\n<p><img decoding=\"async\" src=\"img3\/leo20.jpg\" \/>  <\/p>\n<p>Por Ram\u00f3n Mercedes<\/p>\n<\/p>\n<p>NUEVA YORK.- M\u00e1s de un centenar de j\u00f3venes pertenecientes al movimiento \u00abJ\u00f3venes L\u00edderes con Leonel 2020\u00bb asisti\u00f3 a la conferencia patrocinada por Carlos F\u00e9lix, presidente del Partido de la Liberaci\u00f3n Dominicana (PLD) en Manhattan y uno de los principales seguidores del ex presidente en la urbe.<\/p>\n<\/p>\n<p>Carlos Garc\u00eda, coordinador general del movimiento, manifest\u00f3 que \u00abJ\u00f3venes L\u00edderes con Leonel 2020\u00bb surgi\u00f3 inspirado en el liderazgo del ex mandatario y a la vez para promover sus aspiraciones a la presidencia de la Rep\u00fablica en el 2020.<\/p>\n<\/p>\n<p>A\u00f1adi\u00f3: \u00abNo solo ingresamos a la pol\u00edtica temporalmente, ingresamos al PLD para fortalecer la organizaci\u00f3n junto a esos viejos robles que lo han dado todo por el partido\u00bb, sostuvo el activo dirigente pol\u00edtico.<\/p>\n<\/p>\n<p>El conferencista Yonleiby Disney Feliz, con el tema  \u00abLa Juventud en el Siglo XXI \/ Los Ninis, Sin Sin y Millenials\u00bb desglos\u00f3 los mismos de manera amplia y con lujos de detalles el origen y papel que juegan las redes sociales en la sociedad de hoy en d\u00eda.<\/p>\n<\/p>\n<p>Mientras que Jorge F\u00e9lix Pacheco expuso \u00abMarca Personal en Marketing Digital\u00bb tambi\u00e9n detall\u00f3 el rol de decisi\u00f3n de la juventud criolla en los diferentes procesos pol\u00edticos, sociales, econ\u00f3micos del pa\u00eds caribe\u00f1o y el resto del universo.<\/p>\n<\/p>\n<p>El evento se efectu\u00f3 la noche del pasado s\u00e1bado en uno de los amplios salones de la iglesia Scientology de la calle 125 con la segunda avenida en el sector de Harlem.<\/p>\n<\/p>\n<p>Entre los que asistieron, aparte de Feliz, se pudo observar a Gregorio Morrobel, el diputado Alfredo Rodr\u00edguez, Gustavo Rodr\u00edguez, Marciano Garc\u00eda, Jos\u00e9 Bodr\u00e9, Jacqueline Guilamo, Hilario Taveras, Jos\u00e9 Fern\u00e1ndez, Liliana Saneaux, Fausto de la Rosa, Johnny Ure\u00f1a, Patria Pichardo, Alexander Ram\u00edrez y Silvano Peralta.<\/p>\n<\/p>\n<p>Asimismo el ex c\u00f3nsul en Nueva York y Taiwan, M\u00e1ximo Corcino, quien se hizo acompa\u00f1ar de una delegaci\u00f3n de Nueva Jersey integrada por Juan Dom\u00ednguez, Tony de Le\u00f3n, Winston Mej\u00eda y Juan Familia.<\/p>\n<\/p>\n<p>Tambi\u00e9n miembros del movimiento \u00ab300 con Leonel\u00bb, representados por sus coordinadores generales Geraldo Rosario y Joseph Quezada. <\/p>\n<\/p>\n<p>El locutor Germ\u00e1n Batista dio la bienvenida y el empresario Randy Ramos estuvo al frente de la log\u00edstica.<\/p>\n<\/p>\n<p>La ceremonia fue bendecida por el pastor Peter Guerrero y estuvo a cargo de los j\u00f3venes Elizabeth Paredes, Freddy Vladimir Reyes y Lenin Campos. Pablo Iv\u00e1n Rosado interpret\u00f3 el tema \u00ab\u00c9xito\u00bb de Luisito Rey, acompa\u00f1ado del maestro Solano.<\/p>\n<h6> 2018-02-08 10:59:53 <\/h6>\n<p><!--\n<link rel=\"stylesheet\" href=\"css\/bootstrap.min.css\">\n\n\n<ul class=\"pagination\">\n\t    \n\t\n\n<li >\n\t<a href='?page_no=6633'>Previous<\/a>\n\t<\/li>\n\n\n       \n    \n\n<li><a href='?page_no=1'>1<\/a><\/li>\n\n\n\n<li><a href='?page_no=2'>2<\/a><\/li>\n\n\n\n<li><a>...<\/a><\/li>\n\n\n\n<li><a href='?page_no=6632'>6632<\/a><\/li>\n\n\n\n<li><a href='?page_no=6633'>6633<\/a><\/li>\n\n\n\n<li class='active'><a>6634<\/a><\/li>\n\n\n\n<li><a href='?page_no=6635'>6635<\/a><\/li>\n\n\n\n<li><a href='?page_no=6636'>6636<\/a><\/li>\n\n\n\n<li><a>...<\/a><\/li>\n\n\n\n<li><a href='?page_no=36999'>36999<\/a><\/li>\n\n\n\n<li><a href='?page_no=37000'>37000<\/a><\/li>\n\n    \n\t\n\n<li >\n\t<a href='?page_no=6635'>Next<\/a>\n\t<\/li>\n\n\n    \n\n<li><a href='?page_no=37000'>Last &rsaquo;&rsaquo;<\/a><\/li>\n\n<\/ul>\n\n\n--><br \/>\n<\/body><\/p>\n","protected":false},"excerpt":{"rendered":"<p>Por Ram\u00f3n Mercedes NUEVA YORK.- M\u00e1s de un centenar de j\u00f3venes pertenecientes al movimiento \u00abJ\u00f3venes L\u00edderes con Leonel 2020\u00bb asisti\u00f3 a la conferencia patrocinada por Carlos F\u00e9lix, presidente del Partido de la Liberaci\u00f3n Dominicana (PLD) en Manhattan y uno de los principales seguidores del ex presidente en la urbe. Carlos Garc\u00eda, coordinador general del movimiento, [&hellip;]<\/p>\n","protected":false},"author":3,"featured_media":0,"comment_status":"open","ping_status":"open","sticky":false,"template":"","format":"standard","meta":{"footnotes":""},"categories":[22],"tags":[],"class_list":["post-171316","post","type-post","status-publish","format-standard","hentry","category-politica"],"_links":{"self":[{"href":"https:\/\/diariodominicano.com\/index.php?rest_route=\/wp\/v2\/posts\/171316","targetHints":{"allow":["GET"]}}],"collection":[{"href":"https:\/\/diariodominicano.com\/index.php?rest_route=\/wp\/v2\/posts"}],"about":[{"href":"https:\/\/diariodominicano.com\/index.php?rest_route=\/wp\/v2\/types\/post"}],"author":[{"embeddable":true,"href":"https:\/\/diariodominicano.com\/index.php?rest_route=\/wp\/v2\/users\/3"}],"replies":[{"embeddable":true,"href":"https:\/\/diariodominicano.com\/index.php?rest_route=%2Fwp%2Fv2%2Fcomments&post=171316"}],"version-history":[{"count":0,"href":"https:\/\/diariodominicano.com\/index.php?rest_route=\/wp\/v2\/posts\/171316\/revisions"}],"wp:attachment":[{"href":"https:\/\/diariodominicano.com\/index.php?rest_route=%2Fwp%2Fv2%2Fmedia&parent=171316"}],"wp:term":[{"taxonomy":"category","embeddable":true,"href":"https:\/\/diariodominicano.com\/index.php?rest_route=%2Fwp%2Fv2%2Fcategories&post=171316"},{"taxonomy":"post_tag","embeddable":true,"href":"https:\/\/diariodominicano.com\/index.php?rest_route=%2Fwp%2Fv2%2Ftags&post=171316"}],"curies":[{"name":"wp","href":"https:\/\/api.w.org\/{rel}","templated":true}]}}