{"id":171315,"date":"2018-02-08T11:03:07","date_gmt":"2018-02-08T11:03:07","guid":{"rendered":"http:\/\/diariodominicano.ddns.net\/?p=171315"},"modified":"2018-02-08T11:03:07","modified_gmt":"2018-02-08T11:03:07","slug":"asamblea-ny-aprueba-ley-dream-act-de-legisladora-criolla","status":"publish","type":"post","link":"https:\/\/diariodominicano.com\/?p=171315","title":{"rendered":"Asamblea NY aprueba ley \u00abDream Act\u00bb de legisladora criolla"},"content":{"rendered":"<p><body><\/p>\n<p><img decoding=\"async\" src=\"img3\/criolla.jpg\" \/>  <\/p>\n<p>Por Ram\u00f3n Mercedes<\/p>\n<\/p>\n<p>NUEVA YORK.- La Asamblea del estado aprob\u00f3 el proyecto de ley \u00abNYS Dream Act\u00bb sometida por la asamble\u00edsta dominicana por el Alto Manhattan, Carmen de la Rosa.<\/p>\n<\/p>\n<p>Esta ley  ayudar\u00e1 a mejorar las oportunidades educativas de los hijos de inmigrantes, al reconocer que son un hilo vital en el tejido social y econ\u00f3mico del estado, eliminar\u00eda posibles obst\u00e1culos financieros para obtener ayuda estatal a estudiantes indocumentados que buscan asistir a una instituci\u00f3n de educaci\u00f3n superior.<\/p>\n<\/p>\n<p>Asimismo, a las familias inmigrantes a prepararse para los costos de la educaci\u00f3n superior al permitir que una persona con un n\u00famero de identificaci\u00f3n fiscal pueda abrir una cuenta de matr\u00edcula familiar 529 del estado bajo el \u00abPrograma de Ahorros Universitarios\u00bb.<\/p>\n<\/p>\n<p>El proyecto considera que es fundamentalmente y econ\u00f3micamente equivocado negar a los estudiantes que fueron educados en el sistema de escuelas p\u00fablicas del estado las herramientas que necesitan para alcanzar su potencial acad\u00e9mico y contribuir plenamente a la econom\u00eda del mismo.<\/p>\n<\/p>\n<p>\u00abCuando la educaci\u00f3n de un estudiante se trunca, cada neoyorquino sufre\u00bb, sostuvieron los asamble\u00edstas durante el debate.<\/p>\n<\/p>\n<p>Seg\u00fan la ley, estos estudiantes ser\u00edan elegibles para premios generales, premios basados en el rendimiento o fondos del Programa de Asistencia para matr\u00edculas del estado.<\/p>\n<\/p>\n<p>Aunque la ley federal exige que todos los estados brinden educaci\u00f3n primaria y secundaria a todos los ni\u00f1os, independientemente de su residencia o estado migratorio, la ley actual de NY proh\u00edbe que estos estudiantes reciban ayuda financiera estatal para la educaci\u00f3n superior.<\/p>\n<\/p>\n<p>\u00abNegar la ayuda financiera a los estudiantes les niega una educaci\u00f3n universitaria, que para muchos les obliga a vivir una vida de pobreza en la sombra; creo que la educaci\u00f3n es un derecho humano y estos estudiantes merecen la oportunidad de alcanzar su m\u00e1ximo potencial a trav\u00e9s de la educaci\u00f3n\u00bb, expres\u00f3 De la Rosa.<\/p>\n<h6> 2018-02-08 11:03:07 <\/h6>\n<p><!--\n<link rel=\"stylesheet\" href=\"css\/bootstrap.min.css\">\n\n\n<ul class=\"pagination\">\n\t    \n\t\n\n<li >\n\t<a href='?page_no=6632'>Previous<\/a>\n\t<\/li>\n\n\n       \n    \n\n<li><a href='?page_no=1'>1<\/a><\/li>\n\n\n\n<li><a href='?page_no=2'>2<\/a><\/li>\n\n\n\n<li><a>...<\/a><\/li>\n\n\n\n<li><a href='?page_no=6631'>6631<\/a><\/li>\n\n\n\n<li><a href='?page_no=6632'>6632<\/a><\/li>\n\n\n\n<li class='active'><a>6633<\/a><\/li>\n\n\n\n<li><a href='?page_no=6634'>6634<\/a><\/li>\n\n\n\n<li><a href='?page_no=6635'>6635<\/a><\/li>\n\n\n\n<li><a>...<\/a><\/li>\n\n\n\n<li><a href='?page_no=36999'>36999<\/a><\/li>\n\n\n\n<li><a href='?page_no=37000'>37000<\/a><\/li>\n\n    \n\t\n\n<li >\n\t<a href='?page_no=6634'>Next<\/a>\n\t<\/li>\n\n\n    \n\n<li><a href='?page_no=37000'>Last &rsaquo;&rsaquo;<\/a><\/li>\n\n<\/ul>\n\n\n--><br \/>\n<\/body><\/p>\n","protected":false},"excerpt":{"rendered":"<p>Por Ram\u00f3n Mercedes NUEVA YORK.- La Asamblea del estado aprob\u00f3 el proyecto de ley \u00abNYS Dream Act\u00bb sometida por la asamble\u00edsta dominicana por el Alto Manhattan, Carmen de la Rosa. Esta ley ayudar\u00e1 a mejorar las oportunidades educativas de los hijos de inmigrantes, al reconocer que son un hilo vital en el tejido social y [&hellip;]<\/p>\n","protected":false},"author":3,"featured_media":0,"comment_status":"open","ping_status":"open","sticky":false,"template":"","format":"standard","meta":{"footnotes":""},"categories":[22],"tags":[],"class_list":["post-171315","post","type-post","status-publish","format-standard","hentry","category-politica"],"_links":{"self":[{"href":"https:\/\/diariodominicano.com\/index.php?rest_route=\/wp\/v2\/posts\/171315","targetHints":{"allow":["GET"]}}],"collection":[{"href":"https:\/\/diariodominicano.com\/index.php?rest_route=\/wp\/v2\/posts"}],"about":[{"href":"https:\/\/diariodominicano.com\/index.php?rest_route=\/wp\/v2\/types\/post"}],"author":[{"embeddable":true,"href":"https:\/\/diariodominicano.com\/index.php?rest_route=\/wp\/v2\/users\/3"}],"replies":[{"embeddable":true,"href":"https:\/\/diariodominicano.com\/index.php?rest_route=%2Fwp%2Fv2%2Fcomments&post=171315"}],"version-history":[{"count":0,"href":"https:\/\/diariodominicano.com\/index.php?rest_route=\/wp\/v2\/posts\/171315\/revisions"}],"wp:attachment":[{"href":"https:\/\/diariodominicano.com\/index.php?rest_route=%2Fwp%2Fv2%2Fmedia&parent=171315"}],"wp:term":[{"taxonomy":"category","embeddable":true,"href":"https:\/\/diariodominicano.com\/index.php?rest_route=%2Fwp%2Fv2%2Fcategories&post=171315"},{"taxonomy":"post_tag","embeddable":true,"href":"https:\/\/diariodominicano.com\/index.php?rest_route=%2Fwp%2Fv2%2Ftags&post=171315"}],"curies":[{"name":"wp","href":"https:\/\/api.w.org\/{rel}","templated":true}]}}