{"id":171313,"date":"2018-02-08T11:35:30","date_gmt":"2018-02-08T11:35:30","guid":{"rendered":"http:\/\/diariodominicano.ddns.net\/?p=171313"},"modified":"2018-02-08T11:35:30","modified_gmt":"2018-02-08T11:35:30","slug":"jesus-vasquez-afirma-expresion-libre-de-la-base-garantiza-unidad-prm","status":"publish","type":"post","link":"https:\/\/diariodominicano.com\/?p=171313","title":{"rendered":"Jes\u00fas V\u00e1squez afirma expresi\u00f3n libre de la base garantiza unidad PRM"},"content":{"rendered":"<p><body><\/p>\n<p><img decoding=\"async\" src=\"img3\/chus11.jpg\" \/>  <\/p>\n<p>El secretario general del PRM y candidato a esa posici\u00f3n Jes\u00fas V\u00e1squez  Mart\u00ednez  (CHU), afirm\u00f3 que la unidad de esa organizaci\u00f3n pol\u00edtica la garantiza la libre expresi\u00f3n de cada uno de los miembros de la base con derecho a voto, los cuales deber\u00e1n escoger el candidato de su preferencia.<\/p>\n<\/p>\n<p>Sobre ese particular salud\u00f3 la postura del excandidato presidencial de esa organizaci\u00f3n Luis Abinader, quien afirm\u00f3 que en el proceso venidero las bases son las que van a decidir, y que en muchos casos esa misma base vota contrario a lo que deciden los lideres.<\/p>\n<\/p>\n<p>Luego de recibir el apoyo de cientos de dirigentes de la provincia de El\u00edas Pi\u00f1a, a quienes explic\u00f3 los planes que tiene en carpeta para continuar consolidando el PRM, V\u00e1squez Mart\u00ednez, dijo que nunca ser\u00e1 un ente de divisi\u00f3n en su partido, porque como parte de los miembros fundadores le ha costado mucho esfuerzo y sacrificio.<\/p>\n<\/p>\n<p>Manifest\u00f3 que solo el PRM est\u00e1 en condiciones de garantizar los cambios que necesita la sociedad dominicana de hoy en d\u00eda, por lo que debe respetarse el sentir de la base, de votar libremente en la pr\u00f3xima convenci\u00f3n.<\/p>\n<\/p>\n<p>??Cuando llegamos al PRM, a dar los primeros pasos para su formaci\u00f3n fue un solar vac\u00edo lo que encontramos, ahora hemos construido una casa de varios niveles, pero hace falta el techo m\u00e1s importante, terminar de construir ese partido que necesitamos para ganar en el 2020, pero resulta que no hay tiempo para esperar que gente nueva aprenda, de c\u00f3mo deben hacerse las cosas para ganar?? precis\u00f3 Chu V\u00e1squez.<\/p>\n<\/p>\n<p>Dijo que si hoy el PRM es la segunda fuerza pol\u00edtica del pa\u00eds, y principal partido opositor se debe al trabajo realizado por hombres y mujeres que han confiado en su gesti\u00f3n, y en todo lo que se ha hecho para llegar al punto donde est\u00e1n.<\/p>\n<\/p>\n<p>Indic\u00f3 que el PRM debe seguir dando pasos seguros en la consolidaci\u00f3n de ese partido de cara al 2020, porque cualquier error le puede salir caro.<\/p>\n<\/p>\n<p>MAS APOYO.<\/p>\n<\/p>\n<p>Adem\u00e1s de El\u00edas Pi\u00f1a V\u00e1squez Mart\u00ednez  recibi\u00f3 el apoyo de dirigentes de San Juan de la Maguana y Ban\u00ed, quienes tambi\u00e9n se comprometieron a trabajar arduamente a favor de su candidatura.<\/p>\n<h6> 2018-02-08 11:35:30 <\/h6>\n<p><!--\n<link rel=\"stylesheet\" href=\"css\/bootstrap.min.css\">\n\n\n<ul class=\"pagination\">\n\t    \n\t\n\n<li >\n\t<a href='?page_no=6630'>Previous<\/a>\n\t<\/li>\n\n\n       \n    \n\n<li><a href='?page_no=1'>1<\/a><\/li>\n\n\n\n<li><a href='?page_no=2'>2<\/a><\/li>\n\n\n\n<li><a>...<\/a><\/li>\n\n\n\n<li><a href='?page_no=6629'>6629<\/a><\/li>\n\n\n\n<li><a href='?page_no=6630'>6630<\/a><\/li>\n\n\n\n<li class='active'><a>6631<\/a><\/li>\n\n\n\n<li><a href='?page_no=6632'>6632<\/a><\/li>\n\n\n\n<li><a href='?page_no=6633'>6633<\/a><\/li>\n\n\n\n<li><a>...<\/a><\/li>\n\n\n\n<li><a href='?page_no=36999'>36999<\/a><\/li>\n\n\n\n<li><a href='?page_no=37000'>37000<\/a><\/li>\n\n    \n\t\n\n<li >\n\t<a href='?page_no=6632'>Next<\/a>\n\t<\/li>\n\n\n    \n\n<li><a href='?page_no=37000'>Last &rsaquo;&rsaquo;<\/a><\/li>\n\n<\/ul>\n\n\n--><br \/>\n<\/body><\/p>\n","protected":false},"excerpt":{"rendered":"<p>El secretario general del PRM y candidato a esa posici\u00f3n Jes\u00fas V\u00e1squez Mart\u00ednez (CHU), afirm\u00f3 que la unidad de esa organizaci\u00f3n pol\u00edtica la garantiza la libre expresi\u00f3n de cada uno de los miembros de la base con derecho a voto, los cuales deber\u00e1n escoger el candidato de su preferencia. Sobre ese particular salud\u00f3 la postura [&hellip;]<\/p>\n","protected":false},"author":3,"featured_media":0,"comment_status":"open","ping_status":"open","sticky":false,"template":"","format":"standard","meta":{"footnotes":""},"categories":[22],"tags":[],"class_list":["post-171313","post","type-post","status-publish","format-standard","hentry","category-politica"],"_links":{"self":[{"href":"https:\/\/diariodominicano.com\/index.php?rest_route=\/wp\/v2\/posts\/171313","targetHints":{"allow":["GET"]}}],"collection":[{"href":"https:\/\/diariodominicano.com\/index.php?rest_route=\/wp\/v2\/posts"}],"about":[{"href":"https:\/\/diariodominicano.com\/index.php?rest_route=\/wp\/v2\/types\/post"}],"author":[{"embeddable":true,"href":"https:\/\/diariodominicano.com\/index.php?rest_route=\/wp\/v2\/users\/3"}],"replies":[{"embeddable":true,"href":"https:\/\/diariodominicano.com\/index.php?rest_route=%2Fwp%2Fv2%2Fcomments&post=171313"}],"version-history":[{"count":0,"href":"https:\/\/diariodominicano.com\/index.php?rest_route=\/wp\/v2\/posts\/171313\/revisions"}],"wp:attachment":[{"href":"https:\/\/diariodominicano.com\/index.php?rest_route=%2Fwp%2Fv2%2Fmedia&parent=171313"}],"wp:term":[{"taxonomy":"category","embeddable":true,"href":"https:\/\/diariodominicano.com\/index.php?rest_route=%2Fwp%2Fv2%2Fcategories&post=171313"},{"taxonomy":"post_tag","embeddable":true,"href":"https:\/\/diariodominicano.com\/index.php?rest_route=%2Fwp%2Fv2%2Ftags&post=171313"}],"curies":[{"name":"wp","href":"https:\/\/api.w.org\/{rel}","templated":true}]}}