{"id":171312,"date":"2018-02-08T12:37:07","date_gmt":"2018-02-08T12:37:07","guid":{"rendered":"http:\/\/diariodominicano.ddns.net\/?p=171312"},"modified":"2018-02-08T12:37:07","modified_gmt":"2018-02-08T12:37:07","slug":"aplazan-para-una-fecha-proxima-acto-de-juramentacion-de-equipo-directivo-de-dignidad-juridica","status":"publish","type":"post","link":"https:\/\/diariodominicano.com\/?p=171312","title":{"rendered":"Aplazan para una fecha pr\u00f3xima acto de juramentaci\u00f3n de equipo directivo de Dignidad Jur\u00eddica"},"content":{"rendered":"<p><body><\/p>\n<p>El Partido de la Liberaci\u00f3n Dominicana (PLD) aplaz\u00f3 para una fecha pr\u00f3xima el    acto de juramentaci\u00f3n de la nueva directiva de la corriente gremial Dignidad Jur\u00eddica programado en principio para la tarde de este  jueves.<\/p>\n<\/p>\n<p>Las razones para posponer este evento de los abogados y abogadas del PLD se debe al sentido fallecimiento del Doctor Ram\u00f3n Pina Acevedo, ex procurador general de la Republica, doctrinario del Derecho  y padre de Cesar Pina Toribio, miembro del Comit\u00e9 Pol\u00edtico del PLD y miembro fundador de la corriente gremial.<\/p>\n<\/p>\n<p>Con la juramentaci\u00f3n quedar\u00e1 instalado  Diego Jos\u00e9 Garc\u00eda,  ex presidente del Colegio de Abogados de la Republica Dominicana (CARD)  en la coordinador general de Dignidad Jur\u00eddica junto a un equipo directivo y los presidente provinciales y municipales de dicha corriente.<\/p>\n<\/p>\n<p>\u00abOportunamente informaremos de la reprogramaci\u00f3n de esta actividad para la debido cobertura period\u00edstica\u00bb se explica en un despacho de la Secretar\u00eda de Comunicaciones del PLD.<\/p>\n<\/p>\n<p>El deceso del jurista Ram\u00f3n Pina Acevedo se produjo en horas de la tarde del mi\u00e9rcoles y se confirm\u00f3 que a partir del mediod\u00eda de este jueves su cuerpo se expone en la Funeraria Blandino del Distrito Nacional y el viernes ser\u00e1 sepultado en el Cementerio Nacional de la Avenida M\u00e1ximo G\u00f3mez.  <\/p>\n<h6> 2018-02-08 12:37:07 <\/h6>\n<p><!--\n<link rel=\"stylesheet\" href=\"css\/bootstrap.min.css\">\n\n\n<ul class=\"pagination\">\n\t    \n\t\n\n<li >\n\t<a href='?page_no=6629'>Previous<\/a>\n\t<\/li>\n\n\n       \n    \n\n<li><a href='?page_no=1'>1<\/a><\/li>\n\n\n\n<li><a href='?page_no=2'>2<\/a><\/li>\n\n\n\n<li><a>...<\/a><\/li>\n\n\n\n<li><a href='?page_no=6628'>6628<\/a><\/li>\n\n\n\n<li><a href='?page_no=6629'>6629<\/a><\/li>\n\n\n\n<li class='active'><a>6630<\/a><\/li>\n\n\n\n<li><a href='?page_no=6631'>6631<\/a><\/li>\n\n\n\n<li><a href='?page_no=6632'>6632<\/a><\/li>\n\n\n\n<li><a>...<\/a><\/li>\n\n\n\n<li><a href='?page_no=36999'>36999<\/a><\/li>\n\n\n\n<li><a href='?page_no=37000'>37000<\/a><\/li>\n\n    \n\t\n\n<li >\n\t<a href='?page_no=6631'>Next<\/a>\n\t<\/li>\n\n\n    \n\n<li><a href='?page_no=37000'>Last &rsaquo;&rsaquo;<\/a><\/li>\n\n<\/ul>\n\n\n--><br \/>\n<\/body><\/p>\n","protected":false},"excerpt":{"rendered":"<p>El Partido de la Liberaci\u00f3n Dominicana (PLD) aplaz\u00f3 para una fecha pr\u00f3xima el acto de juramentaci\u00f3n de la nueva directiva de la corriente gremial Dignidad Jur\u00eddica programado en principio para la tarde de este jueves. Las razones para posponer este evento de los abogados y abogadas del PLD se debe al sentido fallecimiento del Doctor [&hellip;]<\/p>\n","protected":false},"author":3,"featured_media":0,"comment_status":"open","ping_status":"open","sticky":false,"template":"","format":"standard","meta":{"footnotes":""},"categories":[22],"tags":[],"class_list":["post-171312","post","type-post","status-publish","format-standard","hentry","category-politica"],"_links":{"self":[{"href":"https:\/\/diariodominicano.com\/index.php?rest_route=\/wp\/v2\/posts\/171312","targetHints":{"allow":["GET"]}}],"collection":[{"href":"https:\/\/diariodominicano.com\/index.php?rest_route=\/wp\/v2\/posts"}],"about":[{"href":"https:\/\/diariodominicano.com\/index.php?rest_route=\/wp\/v2\/types\/post"}],"author":[{"embeddable":true,"href":"https:\/\/diariodominicano.com\/index.php?rest_route=\/wp\/v2\/users\/3"}],"replies":[{"embeddable":true,"href":"https:\/\/diariodominicano.com\/index.php?rest_route=%2Fwp%2Fv2%2Fcomments&post=171312"}],"version-history":[{"count":0,"href":"https:\/\/diariodominicano.com\/index.php?rest_route=\/wp\/v2\/posts\/171312\/revisions"}],"wp:attachment":[{"href":"https:\/\/diariodominicano.com\/index.php?rest_route=%2Fwp%2Fv2%2Fmedia&parent=171312"}],"wp:term":[{"taxonomy":"category","embeddable":true,"href":"https:\/\/diariodominicano.com\/index.php?rest_route=%2Fwp%2Fv2%2Fcategories&post=171312"},{"taxonomy":"post_tag","embeddable":true,"href":"https:\/\/diariodominicano.com\/index.php?rest_route=%2Fwp%2Fv2%2Ftags&post=171312"}],"curies":[{"name":"wp","href":"https:\/\/api.w.org\/{rel}","templated":true}]}}