{"id":171310,"date":"2018-02-08T15:35:22","date_gmt":"2018-02-08T15:35:22","guid":{"rendered":"http:\/\/diariodominicano.ddns.net\/?p=171310"},"modified":"2018-02-08T15:35:22","modified_gmt":"2018-02-08T15:35:22","slug":"pld-presenta-nuevos-delegados-ante-la-jce","status":"publish","type":"post","link":"https:\/\/diariodominicano.com\/?p=171310","title":{"rendered":"PLD Presenta Nuevos Delegados ante la JCE"},"content":{"rendered":"<p><body><\/p>\n<p><img decoding=\"async\" src=\"img3\/08-Feb-2018 093 (1).jpg\" \/>  <\/p>\n<p><span class=\"text1noticias\"> <\/span><\/p>\n<p><span class=\"text1noticias\"> <\/span><\/p>\n<p><span class=\"text1noticias\">Jos\u00e9 Ram\u00f3n Fadul ser\u00e1 el nuevo delegado del PLD ante la JCE, en sustituci\u00f3n de C\u00e9sar Pina Toribio<\/span><\/p>\n<p><span class=\"text1noticias\">Pared P\u00e9rez favoreci\u00f3 no incluir el voto preferencial en el nivel municipal y pidi\u00f3 a legisladores privilegiar el proyecto de Ley de Partidos Pol\u00edticos y del R\u00e9gimen Electoral. Entiende ser\u00e1 aprobada en nueva legislatura.<\/span><\/p>\n<\/p>\n<p><span class=\"text1noticias\">Santo Domingo, RD, 8 de febrero, -Los miembros del Pleno de la Junta Central Electoral (JCE), encabezados por el Presidente del organismo, magistrado Julio C\u00e9sar Casta\u00f1os Guzm\u00e1n, recibi\u00f3 una comisi\u00f3n del Partido de la Liberaci\u00f3n Dominicana (PLD), presidida por el doctor Reinaldo Pared P\u00e9rez, con el prop\u00f3sito de presentar las credenciales del nuevo delegado pol\u00edtico ante la Junta, el doctor Jos\u00e9 Ram\u00f3n Fadul, y el delegado t\u00e9cnico ante la Direcci\u00f3n General de Elecciones, el doctor Jos\u00e9 Manuel Hern\u00e1ndez Peguero.<\/span><\/p>\n<\/p>\n<p><span class=\"text1noticias\">Durante el encuentro con la prensa, el Secretario General del PLD Pared P\u00e9rez favoreci\u00f3 que no se aplique el voto preferencial en el nivel municipal, al tiempo que entiende que en la nueva legislatura en el Congreso se aprobar\u00e1n los proyectos de ley de partidos pol\u00edticos y de reforma al r\u00e9gimen electoral.<\/span><\/p>\n<\/p>\n<p><span class=\"text1noticias\">\u00abCreo que es pertinente y le hago un llamado a los legisladores a que privilegiemos la iniciativa depositada por la Junta Central Electoral; yo entiendo que debe ser el marco de referencia porque la Comisi\u00f3n Bicameral que tuvo el estudio de esta pieza avanz\u00f3 mucho en los trabajos y yo creo que al iniciarse la legislatura el pr\u00f3ximo 27 de febrero, al ser el inter\u00e9s nuestro despu\u00e9s de la decisi\u00f3n tomada por el Comit\u00e9 Pol\u00edtico, en esta legislatura habr\u00e1 Ley de Partidos Pol\u00edticos\u00bb, precis\u00f3 Pared P\u00e9rez.<\/span><\/p>\n<\/p>\n<p><span class=\"text1noticias\">De su parte, el Presidente de la JCE afirm\u00f3 tener \u00abfe en que ser\u00e1 aprobada en esta legislatura el proyecto de Ley de Partidos Pol\u00edticos y el de R\u00e9gimen Electoral\u00bb.<\/span><\/p>\n<\/p>\n<p><span class=\"text1noticias\">Adem\u00e1s de Fadul y de Hern\u00e1ndez Peguero, se confirm\u00f3 a Danilo D\u00edaz como suplente de delegado pol\u00edtico y a Braulio Fr\u00edas como suplente ante la Direcci\u00f3n General de Elecciones. Igualmente, se mantiene Bienvenido Casado como delegado ante la Direcci\u00f3n de Inform\u00e1tica de la JCE.  Tambi\u00e9n formaron parte de la comisi\u00f3n del PLD Radham\u00e9s Jim\u00e9nez y H\u00e9ctor Olivo. <\/span><\/p>\n<p><span class=\"text1noticias\"> <\/span><\/p>\n<p><span class=\"text1noticias\">Junto al magistrado Casta\u00f1os Guzm\u00e1n, recibieron la comisi\u00f3n del PLD los miembros titulares Roberto Salad\u00edn Selin, Carmen Imbert Brugal, Rosario Graciano De los Santos y Henry Mej\u00eda Oviedo.  <\/span><\/p>\n<\/p>\n<h6> 2018-02-08 15:35:22 <\/h6>\n<p><!--\n<link rel=\"stylesheet\" href=\"css\/bootstrap.min.css\">\n\n\n<ul class=\"pagination\">\n\t    \n\t\n\n<li >\n\t<a href='?page_no=6628'>Previous<\/a>\n\t<\/li>\n\n\n       \n    \n\n<li><a href='?page_no=1'>1<\/a><\/li>\n\n\n\n<li><a href='?page_no=2'>2<\/a><\/li>\n\n\n\n<li><a>...<\/a><\/li>\n\n\n\n<li><a href='?page_no=6627'>6627<\/a><\/li>\n\n\n\n<li><a href='?page_no=6628'>6628<\/a><\/li>\n\n\n\n<li class='active'><a>6629<\/a><\/li>\n\n\n\n<li><a href='?page_no=6630'>6630<\/a><\/li>\n\n\n\n<li><a href='?page_no=6631'>6631<\/a><\/li>\n\n\n\n<li><a>...<\/a><\/li>\n\n\n\n<li><a href='?page_no=36999'>36999<\/a><\/li>\n\n\n\n<li><a href='?page_no=37000'>37000<\/a><\/li>\n\n    \n\t\n\n<li >\n\t<a href='?page_no=6630'>Next<\/a>\n\t<\/li>\n\n\n    \n\n<li><a href='?page_no=37000'>Last &rsaquo;&rsaquo;<\/a><\/li>\n\n<\/ul>\n\n\n--><br \/>\n<\/body><\/p>\n","protected":false},"excerpt":{"rendered":"<p>Jos\u00e9 Ram\u00f3n Fadul ser\u00e1 el nuevo delegado del PLD ante la JCE, en sustituci\u00f3n de C\u00e9sar Pina Toribio Pared P\u00e9rez favoreci\u00f3 no incluir el voto preferencial en el nivel municipal y pidi\u00f3 a legisladores privilegiar el proyecto de Ley de Partidos Pol\u00edticos y del R\u00e9gimen Electoral. Entiende ser\u00e1 aprobada en nueva legislatura. Santo Domingo, RD, [&hellip;]<\/p>\n","protected":false},"author":3,"featured_media":0,"comment_status":"open","ping_status":"open","sticky":false,"template":"","format":"standard","meta":{"footnotes":""},"categories":[22],"tags":[],"class_list":["post-171310","post","type-post","status-publish","format-standard","hentry","category-politica"],"_links":{"self":[{"href":"https:\/\/diariodominicano.com\/index.php?rest_route=\/wp\/v2\/posts\/171310","targetHints":{"allow":["GET"]}}],"collection":[{"href":"https:\/\/diariodominicano.com\/index.php?rest_route=\/wp\/v2\/posts"}],"about":[{"href":"https:\/\/diariodominicano.com\/index.php?rest_route=\/wp\/v2\/types\/post"}],"author":[{"embeddable":true,"href":"https:\/\/diariodominicano.com\/index.php?rest_route=\/wp\/v2\/users\/3"}],"replies":[{"embeddable":true,"href":"https:\/\/diariodominicano.com\/index.php?rest_route=%2Fwp%2Fv2%2Fcomments&post=171310"}],"version-history":[{"count":0,"href":"https:\/\/diariodominicano.com\/index.php?rest_route=\/wp\/v2\/posts\/171310\/revisions"}],"wp:attachment":[{"href":"https:\/\/diariodominicano.com\/index.php?rest_route=%2Fwp%2Fv2%2Fmedia&parent=171310"}],"wp:term":[{"taxonomy":"category","embeddable":true,"href":"https:\/\/diariodominicano.com\/index.php?rest_route=%2Fwp%2Fv2%2Fcategories&post=171310"},{"taxonomy":"post_tag","embeddable":true,"href":"https:\/\/diariodominicano.com\/index.php?rest_route=%2Fwp%2Fv2%2Ftags&post=171310"}],"curies":[{"name":"wp","href":"https:\/\/api.w.org\/{rel}","templated":true}]}}