{"id":171307,"date":"2018-02-08T19:49:11","date_gmt":"2018-02-08T19:49:11","guid":{"rendered":"http:\/\/diariodominicano.ddns.net\/?p=171307"},"modified":"2018-02-08T19:49:11","modified_gmt":"2018-02-08T19:49:11","slug":"resultados-de-elecciones-en-colombia-son-impredecibles-por-ahora-segun-analista","status":"publish","type":"post","link":"https:\/\/diariodominicano.com\/?p=171307","title":{"rendered":"Resultados de elecciones en Colombia son impredecibles por ahora, seg\u00fan analista"},"content":{"rendered":"<p><body><\/p>\n<\/p>\n<p><strong>   Por Sylvia B. Z\u00e1rate<\/strong><\/p>\n<p><strong>   BOGOTA 8 feb (Xinhua) &#8212;<\/strong> Los ex alcaldes de Bogot\u00e1, Gustavo Petro, y de Medell\u00edn, Sergio Fajardo, lideran la lista de candidatos con mayores opciones de ganar las elecciones presidenciales de Colombia este 2018, seg\u00fan la medici\u00f3n del mes de enero de La Gran Encuesta, financiada por la alianza de medios nacionales y otras tres encuestas realizadas la semana anterior.<\/p>\n<\/p>\n<p>   Sin embargo, algunos analistas pol\u00edticos consideran que es todav\u00eda muy temprano para predecir los resultados de los comicios que se realizar\u00e1n entre mayo y junio, y que revelar\u00e1n al hombre o mujer que suceder\u00e1 al presidente Juan Manuel Santos, quien ejerce este cargo desde 2010.<\/p>\n<\/p>\n<p>   En entrevista con Xinhua, la directora del departamento de Ciencia Pol\u00edtica y Relaciones Internacionales de la Universidad Jorge Tadeo Lozano, Ang\u00e9lica Bernal, se\u00f1al\u00f3 que si bien las encuestas son un reflejo del momento pol\u00edtico que vive el pa\u00eds, este clima puede cambiar en Colombia en cualquier momento durante los pr\u00f3ximos meses.<\/p>\n<\/p>\n<p>   \u00abEs muy dif\u00edcil hacer un vaticinio sobre las elecciones presidenciales en Colombia porque hay muchas variables en juego, estamos hoy con una coyuntura muy compleja en donde est\u00e1n en riesgo cosas tan importantes como la implementaci\u00f3n de los acuerdos de paz con las FARC, de hecho ahora se est\u00e1n poniendo en cuesti\u00f3n los mismos acuerdos\u00bb, record\u00f3.<\/p>\n<\/p>\n<p>   Para Bernal, aunque todav\u00eda es prematuro pronosticar ganadores o perdedores en la contienda electoral, se puede decir que quienes tienen menos oportunidades de ganar son quienes no definan claramente en el espectro ideol\u00f3gico su posici\u00f3n entre izquierda y derecha.<\/p>\n<\/p>\n<p>   De acuerdo con la especialista, para los candidatos de derecha, como Germ\u00e1n Vargas Lleras, el ex procurador Alejandro Ordo\u00f1ez, la ex ministra Martha Luc\u00eda Ram\u00edrez y el ex senador Iv\u00e1n Duque, son favorables ciertos aspectos y ciertos hechos relacionados con la seguridad y la econom\u00eda que se vislumbran en los pr\u00f3ximos meses.<\/p>\n<\/p>\n<p>   \u00abHay factores econ\u00f3micos que hacen pensar que el pa\u00eds va a sufrir fen\u00f3menos como el desempleo, la desaceleraci\u00f3n, falta de crecimiento, y en ese sentido las opciones est\u00e1n abiertas, por un lado porque hay un fuerte posicionamiento de los sectores m\u00e1s a la derecha en t\u00e9rminos de una soluci\u00f3n de orden de tipo \u00aburibista\u00bb (influenciado por el pensamiento del ex presidente Alvaro Uribe)\u00bb, explic\u00f3.<\/p>\n<\/p>\n<p>   Adem\u00e1s, record\u00f3 que el pr\u00f3ximo 11 de marzo, d\u00eda en el cual se adelantar\u00e1n las elecciones del Congreso, se realizar\u00e1 la elecci\u00f3n de un candidato \u00fanico de la derecha y que este hecho puede cambiar de forma importante los resultados de las encuestas en ese momento.<\/p>\n<\/p>\n<p>   \u00abYo pienso que en este momento pol\u00edtico puede ser que lo que reflejan las encuestas sea un posicionamiento de Petro y de Fajardo como opciones, digamos, con un arraigo electoral importante, pero eso pienso que no se va a mantener pues hasta ahora empezamos campa\u00f1as, las fuerzas de la derecha cuando hagan su consulta el 11 de marzo, donde van a definir un candidato \u00fanico, van a empezar a mejorar ese reflejo que tienen en las encuestas\u00bb, precis\u00f3.<\/p>\n<\/p>\n<p>   Sin embargo, entre las comunidades m\u00e1s vulnerables los temas sociales, como la pobreza y la desigualdad, le dar\u00edan oportunidades a candidatos de izquierda, entre los cuales se encuentran Gustavo Petro, Piedad C\u00f3rdoba y Rodrigo Londo\u00f1o, ex jefe de la guerrilla de las FARC y actual representante del partido que surgi\u00f3 tras la disoluci\u00f3n del grupo armado, opin\u00f3.<\/p>\n<\/p>\n<p>   \u00abPor el otro lado, hay un conflicto social muy fuerte, una desigualdad muy marcada, los \u00edndices de desigualdad cada vez est\u00e1n peor en Colombia, lo que nos lleva a situarnos entre los pa\u00edses m\u00e1s desiguales del mundo, lo cual abre una gran posibilidad para la izquierda\u00bb, explic\u00f3.<\/p>\n<\/p>\n<p>   Ni el candidato del partido Liberal, Humberto de la Calle, quien fuera negociador de paz con las FARC por parte del Gobierno,  ni el matem\u00e1tico Sergio Fajardo, quien resulta favorecido en varias de las primeras encuestas del pa\u00eds, se han ubicado oficialmente en una ideolog\u00eda de izquierda o derecha.<\/p>\n<\/p>\n<p>   Pero en los pr\u00f3ximos tres meses, dice la polit\u00f3loga, en Colombia podr\u00e1n suceder diversos hechos en todos los \u00e1mbitos que sean aprovechados por los candidatos en sus campa\u00f1as pol\u00edticas y que giren en una direcci\u00f3n inesperada los resultados de los comicios.<\/p>\n<\/p>\n<p>   \u00abLas campa\u00f1as son largas y son terriblemente influenciables por hechos que suceden digamos de manera imprevista (&#8230;) al estar sujetos a tantas variables, a tantos cambios y en un pa\u00eds tan complejo como este, puede suceder un hecho que haga cambiar diametralmente la intenci\u00f3n de voto\u00bb, afirm\u00f3 Bernal.<\/p>\n<\/p>\n<p>   \u00abEste es un panorama muy cambiante, muy susceptible a hechos de coyuntura y en ese sentido creo que no podemos pensar que lo que nos dicen las encuestas hoy ser\u00e1 lo m\u00e1s cercano a los resultados electorales, porque estos depender\u00e1n de demasiados factores e incluso la intenci\u00f3n de un votante puede cambiar frente al tarjet\u00f3n (boleta electoral)\u00bb, reiter\u00f3.<\/p>\n<\/p>\n<p>   Uno de los temas m\u00e1s relevantes y determinantes en el desarrollo de las elecciones, seg\u00fan la especialista, ser\u00e1 la evoluci\u00f3n del actual proceso de paz con la guerrilla del Ej\u00e9rcito de Liberaci\u00f3n Nacional (ELN) que en este momento se encuentra amenazado tras las recientes acciones violentas del grupo rebelde luego de la suspensi\u00f3n del cese al fuego bilateral que se mantuvo hasta el pasado 9 de enero.<\/p>\n<\/p>\n<p>   Cabe recordar que el proceso de paz con el ELN fue suspendido por orden del presidente Juan Manuel Santos el pasado 29 de enero luego de los atentados que el grupo rebelde cometi\u00f3 en el norte del pa\u00eds en contra de la Fuerza P\u00fablica y que dejaron siete polic\u00edas muertos y m\u00e1s de 40 heridos.<\/p>\n<\/p>\n<p>   \u00abLo que pasa con el ELN es grave, que se hayan levantado de la mesa, que no se haya continuado con el cese al fuego, es muy grave para el pa\u00eds porque como vimos, una vez se levant\u00f3 el cese al fuego el ELN comenz\u00f3 a incrementar sus acciones violentas, adem\u00e1s es preocupante porque en \u00e9poca electoral cualquiera de estas tensiones va a ser aprovechada por cualquiera de los candidatos dentro de sus campa\u00f1as electorales\u00bb, advirti\u00f3.<\/p>\n<\/p>\n<p>   Para Bernal, es responsabilidad de la sociedad civil exigirle tanto al Gobierno como al ELN que cesen las acciones armadas que est\u00e1n afectando a todos los colombianos y que regresen a la mesa de conversaciones establecida en Quito, Ecuador, para seguir con los di\u00e1logos de paz que iniciaron en febrero de 2017 con el fin de firmar un acuerdo similar al alcanzado con la guerrilla de las FARC.<\/p>\n<\/p>\n<p>   \u00abLo que ocurra con ese proceso de paz con esta guerrilla seguramente va a influenciar lo que suceda en esas elecciones\u00bb, dijo. <\/p>\n<\/p>\n<p>   Este mi\u00e9rcoles, el grupo subversivo difundi\u00f3 un comunicado en el que anuncia un paro armado en el territorio colombiano en los pr\u00f3ximos d\u00edas, a lo que el ministro de Defensa, Luis Carlos Villegas, respondi\u00f3 advirtiendo que las Fuerzas Armadas est\u00e1n listas para responder y garantizar la tranquilidad de los colombianos. <\/p>\n<\/p>\n<p>   Por \u00faltimo, Bernal vio con preocupaci\u00f3n que ninguno de los candidatos a la presidencia de Colombia, ni de derecha ni de izquierda, se haya referido hasta ahora a alguna iniciativa seria en materia de relaciones exteriores, siendo este un tema que consider\u00f3 fundamental para el desarrollo y el crecimiento del pa\u00eds suramericano.<\/p>\n<\/p>\n<p>   \u00abEste tema es preocupante, que ning\u00fan candidato haya planteado alguna propuesta concreta en pol\u00edtica exterior, hasta ahora es un tema menor en sus campa\u00f1as y eso nos preocupa ya que es un asunto estrat\u00e9gico en t\u00e9rminos pol\u00edticos, econ\u00f3micos y sociales (&#8230;) parece que se resisten todos a hablar de ese tema y que estamos, una vez m\u00e1s, imbuidos en temas de pol\u00edtica local\u00bb, opin\u00f3.<\/p>\n<\/p>\n<p>   La analista colombiana confi\u00f3 en que a lo largo de las campa\u00f1as pol\u00edticas los candidatos le den m\u00e1s importancia a este aspecto y comiencen a hacer propuestas y a establecer sus posiciones frente a las relaciones internacionales tanto con pa\u00edses de la regi\u00f3n como con potencias como Estados Unidos y China.<\/p>\n<\/p>\n<p>   La primera vuelta de las elecciones presidenciales en Colombia, que determinar\u00e1 el Gobierno que manejar\u00e1 al pa\u00eds hasta el a\u00f1o 2022, se realizar\u00e1 el 27 de mayo y de haber segunda vuelta, esta se realizar\u00e1 el 17 de junio de 2018. Fin<\/p>\n<\/p>\n<h6> 2018-02-08 19:49:11 <\/h6>\n<p><!--\n<link rel=\"stylesheet\" href=\"css\/bootstrap.min.css\">\n\n\n<ul class=\"pagination\">\n\t    \n\t\n\n<li >\n\t<a href='?page_no=6625'>Previous<\/a>\n\t<\/li>\n\n\n       \n    \n\n<li><a href='?page_no=1'>1<\/a><\/li>\n\n\n\n<li><a href='?page_no=2'>2<\/a><\/li>\n\n\n\n<li><a>...<\/a><\/li>\n\n\n\n<li><a href='?page_no=6624'>6624<\/a><\/li>\n\n\n\n<li><a href='?page_no=6625'>6625<\/a><\/li>\n\n\n\n<li class='active'><a>6626<\/a><\/li>\n\n\n\n<li><a href='?page_no=6627'>6627<\/a><\/li>\n\n\n\n<li><a href='?page_no=6628'>6628<\/a><\/li>\n\n\n\n<li><a>...<\/a><\/li>\n\n\n\n<li><a href='?page_no=36999'>36999<\/a><\/li>\n\n\n\n<li><a href='?page_no=37000'>37000<\/a><\/li>\n\n    \n\t\n\n<li >\n\t<a href='?page_no=6627'>Next<\/a>\n\t<\/li>\n\n\n    \n\n<li><a href='?page_no=37000'>Last &rsaquo;&rsaquo;<\/a><\/li>\n\n<\/ul>\n\n\n--><br \/>\n<\/body><\/p>\n","protected":false},"excerpt":{"rendered":"<p>Por Sylvia B. Z\u00e1rate BOGOTA 8 feb (Xinhua) &#8212; Los ex alcaldes de Bogot\u00e1, Gustavo Petro, y de Medell\u00edn, Sergio Fajardo, lideran la lista de candidatos con mayores opciones de ganar las elecciones presidenciales de Colombia este 2018, seg\u00fan la medici\u00f3n del mes de enero de La Gran Encuesta, financiada por la alianza de medios [&hellip;]<\/p>\n","protected":false},"author":3,"featured_media":0,"comment_status":"open","ping_status":"open","sticky":false,"template":"","format":"standard","meta":{"footnotes":""},"categories":[22],"tags":[],"class_list":["post-171307","post","type-post","status-publish","format-standard","hentry","category-politica"],"_links":{"self":[{"href":"https:\/\/diariodominicano.com\/index.php?rest_route=\/wp\/v2\/posts\/171307","targetHints":{"allow":["GET"]}}],"collection":[{"href":"https:\/\/diariodominicano.com\/index.php?rest_route=\/wp\/v2\/posts"}],"about":[{"href":"https:\/\/diariodominicano.com\/index.php?rest_route=\/wp\/v2\/types\/post"}],"author":[{"embeddable":true,"href":"https:\/\/diariodominicano.com\/index.php?rest_route=\/wp\/v2\/users\/3"}],"replies":[{"embeddable":true,"href":"https:\/\/diariodominicano.com\/index.php?rest_route=%2Fwp%2Fv2%2Fcomments&post=171307"}],"version-history":[{"count":0,"href":"https:\/\/diariodominicano.com\/index.php?rest_route=\/wp\/v2\/posts\/171307\/revisions"}],"wp:attachment":[{"href":"https:\/\/diariodominicano.com\/index.php?rest_route=%2Fwp%2Fv2%2Fmedia&parent=171307"}],"wp:term":[{"taxonomy":"category","embeddable":true,"href":"https:\/\/diariodominicano.com\/index.php?rest_route=%2Fwp%2Fv2%2Fcategories&post=171307"},{"taxonomy":"post_tag","embeddable":true,"href":"https:\/\/diariodominicano.com\/index.php?rest_route=%2Fwp%2Fv2%2Ftags&post=171307"}],"curies":[{"name":"wp","href":"https:\/\/api.w.org\/{rel}","templated":true}]}}