{"id":171305,"date":"2018-02-08T20:30:04","date_gmt":"2018-02-08T20:30:04","guid":{"rendered":"http:\/\/diariodominicano.ddns.net\/?p=171305"},"modified":"2018-02-08T20:30:04","modified_gmt":"2018-02-08T20:30:04","slug":"maduro-convoca-al-pueblo-venezolano-a-firmar-acuerdo-de-convivencia","status":"publish","type":"post","link":"https:\/\/diariodominicano.com\/?p=171305","title":{"rendered":"Maduro convoca al pueblo venezolano a firmar acuerdo de convivencia"},"content":{"rendered":"<p><body><\/p>\n<p><img decoding=\"async\" src=\"img3\/Maduro va00.jpg\" \/>  <\/p>\n<p><strong>Caracas, 8 feb (PL) <\/strong>El presidente, Nicol\u00e1s Maduro, convoc\u00f3 hoy al pueblo de Venezuela a participar entre el 17 y el 18 de febrero en una masiva jornada de firma del acuerdo de convivencia democr\u00e1tica emanado de la mesa de di\u00e1logo entre el gobierno y la oposici\u00f3n en Rep\u00fablica Dominicana.<\/p>\n<\/p>\n<p>Durante una sesi\u00f3n de trabajo desde el Palacio de Miraflores (sede del Ejecutivo), transmitida por Venezolana de Televisi\u00f3n, Maduro exhort\u00f3 a la poblaci\u00f3n a refrendar el documento suscrito por la delegaci\u00f3n gubernamental y por el jefe de Estado, pero que los representantes opositores se negaron a sellar.<\/p>\n<\/p>\n<p>El mandatario reiter\u00f3 su llamado a la derecha a firmar lo acordado en Santo Domingo, y record\u00f3 que las puertas del di\u00e1logo siempre estar\u00e1n abiertas para los partidos de la oposici\u00f3n, aun si es necesario debatir m\u00e1s temas, con el objetivo de consolidar la paz y brindar estabilidad al pueblo.<\/p>\n<\/p>\n<p>En los pr\u00f3ximos comicios presidenciales a desarrollarse el 22 de abril, el pueblo venezolano saldr\u00e1 a votar y dar\u00e1 una lecci\u00f3n de participaci\u00f3n y soberan\u00eda, precis\u00f3 el presidente de la Rep\u00fablica, quien inst\u00f3 a la oposici\u00f3n a reincorporarse al sistema pol\u00edtico electoral del pa\u00eds.<\/p>\n<\/p>\n<p>Asimismo, en la jornada de este jueves el jefe de Estado supervis\u00f3 el comienzo del cronograma establecido para la celebraci\u00f3n de los carnavales en todo el territorio nacional, as\u00ed como la activaci\u00f3n del dispositivo de seguridad para garantizar la protecci\u00f3n de la sociedad en los d\u00edas de asueto.<\/p>\n<\/p>\n<p>Indic\u00f3 el mandatario que durante las fiestas estar\u00e1n disponibles m\u00e1s de tres mil 800 espacios para la realizaci\u00f3n de diversas actividades recreativas, en tanto se habilitaron un total de 127 enclaves para el disfrute de la poblaci\u00f3n en playas, r\u00edos, balnearios y parques nacionales.<\/p>\n<\/p>\n<p>Desde este jueves y hasta el pr\u00f3ximo 14 de febrero, m\u00e1s de 184 mil efectivos de los distintos organismos de seguridad del Estado prestar\u00e1n sus servicios en el Dispositivo Carnavales Seguros 2018.<\/p>\n<\/p>\n<p>agp\/wup<\/p>\n<h6> 2018-02-08 20:30:04 <\/h6>\n<p><!--\n<link rel=\"stylesheet\" href=\"css\/bootstrap.min.css\">\n\n\n<ul class=\"pagination\">\n\t    \n\t\n\n<li >\n\t<a href='?page_no=6623'>Previous<\/a>\n\t<\/li>\n\n\n       \n    \n\n<li><a href='?page_no=1'>1<\/a><\/li>\n\n\n\n<li><a href='?page_no=2'>2<\/a><\/li>\n\n\n\n<li><a>...<\/a><\/li>\n\n\n\n<li><a href='?page_no=6622'>6622<\/a><\/li>\n\n\n\n<li><a href='?page_no=6623'>6623<\/a><\/li>\n\n\n\n<li class='active'><a>6624<\/a><\/li>\n\n\n\n<li><a href='?page_no=6625'>6625<\/a><\/li>\n\n\n\n<li><a href='?page_no=6626'>6626<\/a><\/li>\n\n\n\n<li><a>...<\/a><\/li>\n\n\n\n<li><a href='?page_no=36999'>36999<\/a><\/li>\n\n\n\n<li><a href='?page_no=37000'>37000<\/a><\/li>\n\n    \n\t\n\n<li >\n\t<a href='?page_no=6625'>Next<\/a>\n\t<\/li>\n\n\n    \n\n<li><a href='?page_no=37000'>Last &rsaquo;&rsaquo;<\/a><\/li>\n\n<\/ul>\n\n\n--><br \/>\n<\/body><\/p>\n","protected":false},"excerpt":{"rendered":"<p>Caracas, 8 feb (PL) El presidente, Nicol\u00e1s Maduro, convoc\u00f3 hoy al pueblo de Venezuela a participar entre el 17 y el 18 de febrero en una masiva jornada de firma del acuerdo de convivencia democr\u00e1tica emanado de la mesa de di\u00e1logo entre el gobierno y la oposici\u00f3n en Rep\u00fablica Dominicana. Durante una sesi\u00f3n de trabajo [&hellip;]<\/p>\n","protected":false},"author":3,"featured_media":0,"comment_status":"open","ping_status":"open","sticky":false,"template":"","format":"standard","meta":{"footnotes":""},"categories":[22],"tags":[],"class_list":["post-171305","post","type-post","status-publish","format-standard","hentry","category-politica"],"_links":{"self":[{"href":"https:\/\/diariodominicano.com\/index.php?rest_route=\/wp\/v2\/posts\/171305","targetHints":{"allow":["GET"]}}],"collection":[{"href":"https:\/\/diariodominicano.com\/index.php?rest_route=\/wp\/v2\/posts"}],"about":[{"href":"https:\/\/diariodominicano.com\/index.php?rest_route=\/wp\/v2\/types\/post"}],"author":[{"embeddable":true,"href":"https:\/\/diariodominicano.com\/index.php?rest_route=\/wp\/v2\/users\/3"}],"replies":[{"embeddable":true,"href":"https:\/\/diariodominicano.com\/index.php?rest_route=%2Fwp%2Fv2%2Fcomments&post=171305"}],"version-history":[{"count":0,"href":"https:\/\/diariodominicano.com\/index.php?rest_route=\/wp\/v2\/posts\/171305\/revisions"}],"wp:attachment":[{"href":"https:\/\/diariodominicano.com\/index.php?rest_route=%2Fwp%2Fv2%2Fmedia&parent=171305"}],"wp:term":[{"taxonomy":"category","embeddable":true,"href":"https:\/\/diariodominicano.com\/index.php?rest_route=%2Fwp%2Fv2%2Fcategories&post=171305"},{"taxonomy":"post_tag","embeddable":true,"href":"https:\/\/diariodominicano.com\/index.php?rest_route=%2Fwp%2Fv2%2Ftags&post=171305"}],"curies":[{"name":"wp","href":"https:\/\/api.w.org\/{rel}","templated":true}]}}