{"id":171304,"date":"2018-02-08T20:33:37","date_gmt":"2018-02-08T20:33:37","guid":{"rendered":"http:\/\/diariodominicano.ddns.net\/?p=171304"},"modified":"2018-02-08T20:33:37","modified_gmt":"2018-02-08T20:33:37","slug":"encuentro-con-mujica-pondra-en-marcha-nueva-caravana-lula-por-brasil","status":"publish","type":"post","link":"https:\/\/diariodominicano.com\/?p=171304","title":{"rendered":"Encuentro con Mujica pondr\u00e1 en marcha nueva caravana Lula por Brasil"},"content":{"rendered":"<p><body><\/p>\n<p><img decoding=\"async\" src=\"img3\/mujica-lula.jpg\" \/>  <\/p>\n<p><strong> Brasilia, 8 feb (PL)<\/strong> Un encuentro con el exmandatario uruguayo Jos\u00e9 Mujica en la localidad fronteriza de Santana do Livramento pondr\u00e1 en marcha a fines de febrero la cuarta etapa de la caravana Lula por Brasil, anticiparon hoy los organizadores.<\/p>\n<\/p>\n<p>Lula y Mujica conversar\u00e1n sobre la situaci\u00f3n en Am\u00e9rica del Sur, coment\u00f3 en declaraciones a medios de prensa el vicepresidente nacional del Partido de los Trabajadores (PT) y coordinador de estos recorridos, M\u00e1rcio Macedo.<\/p>\n<\/p>\n<p>El alto dirigente petista confirm\u00f3 que la caravana arrancar\u00e1 el 27 de febrero, recorrer\u00e1 tres Estados: R\u00edo Grande del Sur, Santa Catarina y Paran\u00e1, y culminar\u00e1 el 7 de marzo en Curitiba, donde en julio pasado Lula fue condenado por el juez federal Sergio Moro sin que \u00e9ste \u00faltimo lograra mostrar alguna prueba de su presunta culpabilidad.<\/p>\n<\/p>\n<p>Por su parte, el Instituto Lula detall\u00f3 que todo el trayecto ser\u00e1 hecho en \u00f3mnibus y abarcar\u00e1 por lo menos 14 ciudades.<\/p>\n<\/p>\n<p>El expresidente Luiz In\u00e1cio Lula da Silva cumpli\u00f3 la primera etapa de la tambi\u00e9n llamada Caravana de la Esperanza entre agosto y septiembre \u00faltimos, cuando recorri\u00f3 los nueve estados del Nordeste del pa\u00eds y visit\u00f3 58 ciudades.<\/p>\n<\/p>\n<p>En la segunda fase, del 23 al 30 de octubre, anduvo unos mil 500 kil\u00f3metros por siete regiones y 21 ciudades del estado de Minas Gerais, el cuarto mayor de la federaci\u00f3n en extensi\u00f3n territorial y el segundo m\u00e1s poblado de la naci\u00f3n.<\/p>\n<\/p>\n<p>La tercera etapa transcurri\u00f3 entre el 4 y el 8 de diciembre pasado en el Estado de R\u00edo de Janeiro y durante la misma el mayor l\u00edder popular brasile\u00f1o asegur\u00f3 que si volviera a ganar la Presidencia de la Rep\u00fablica muchas cosas cambiar\u00e1n en Brasil.<\/p>\n<\/p>\n<p>En primer lugar, vamos a convocar un referendo revocatorio para invalidar todos los desmanes del gobierno golpista de Michel Temer; vamos a deshacer la poca verg\u00fcenza de desmantelar y privatizar la Petrobras; a acometer la democratizaci\u00f3n de los medios de comunicaci\u00f3n y a invertir m\u00e1s en educaci\u00f3n, enumer\u00f3. Lula admiti\u00f3 estar indignado con la situaci\u00f3n por la que atraviesa el pa\u00eds y se refiri\u00f3 en particular al caso de R\u00edo de Janeiro, se\u00f1alando que nunca lo vio &#8216;tan pobre, infeliz y entristecido&#8217;.<\/p>\n<\/p>\n<p>Critic\u00f3 las consecuencias que para la industria nacional ha tenido la operaci\u00f3n anticorrupci\u00f3n Lava Jato e insisti\u00f3 en la necesidad de que castiguen a los ladrones y corruptos, pero no a las empresas, porque eso solo perjudica a los trabajadores.<\/p>\n<\/p>\n<p>Todo lo que yo quiero en la vida &#8211; dijo- es enfrentar (en las urnas) a un candidato con el logotipo de la red Globo en la frente, y advirti\u00f3 que &#8216;si quieren derrotarme van a tener que luchar duro&#8217;.<\/p>\n<\/p>\n<p>Condenado en segunda instancia a 12 a\u00f1os y un mes de prisi\u00f3n, Lula se mantiene como favorito para ganar la primera vuelta de los comicios presidenciales de octubre pr\u00f3ximo con una ventaja de por lo menos 15 por ciento sobre cualquiera de sus rivales en cualquier escenario, de acuerdo con todas las encuestas de intenci\u00f3n de voto.<\/p>\n<\/p>\n<p>lma\/mpm<\/p>\n<h6> 2018-02-08 20:33:37 <\/h6>\n<p><!--\n<link rel=\"stylesheet\" href=\"css\/bootstrap.min.css\">\n\n\n<ul class=\"pagination\">\n\t    \n\t\n\n<li >\n\t<a href='?page_no=6622'>Previous<\/a>\n\t<\/li>\n\n\n       \n    \n\n<li><a href='?page_no=1'>1<\/a><\/li>\n\n\n\n<li><a href='?page_no=2'>2<\/a><\/li>\n\n\n\n<li><a>...<\/a><\/li>\n\n\n\n<li><a href='?page_no=6621'>6621<\/a><\/li>\n\n\n\n<li><a href='?page_no=6622'>6622<\/a><\/li>\n\n\n\n<li class='active'><a>6623<\/a><\/li>\n\n\n\n<li><a href='?page_no=6624'>6624<\/a><\/li>\n\n\n\n<li><a href='?page_no=6625'>6625<\/a><\/li>\n\n\n\n<li><a>...<\/a><\/li>\n\n\n\n<li><a href='?page_no=36999'>36999<\/a><\/li>\n\n\n\n<li><a href='?page_no=37000'>37000<\/a><\/li>\n\n    \n\t\n\n<li >\n\t<a href='?page_no=6624'>Next<\/a>\n\t<\/li>\n\n\n    \n\n<li><a href='?page_no=37000'>Last &rsaquo;&rsaquo;<\/a><\/li>\n\n<\/ul>\n\n\n--><br \/>\n<\/body><\/p>\n","protected":false},"excerpt":{"rendered":"<p>Brasilia, 8 feb (PL) Un encuentro con el exmandatario uruguayo Jos\u00e9 Mujica en la localidad fronteriza de Santana do Livramento pondr\u00e1 en marcha a fines de febrero la cuarta etapa de la caravana Lula por Brasil, anticiparon hoy los organizadores. Lula y Mujica conversar\u00e1n sobre la situaci\u00f3n en Am\u00e9rica del Sur, coment\u00f3 en declaraciones a [&hellip;]<\/p>\n","protected":false},"author":3,"featured_media":0,"comment_status":"open","ping_status":"open","sticky":false,"template":"","format":"standard","meta":{"footnotes":""},"categories":[22],"tags":[],"class_list":["post-171304","post","type-post","status-publish","format-standard","hentry","category-politica"],"_links":{"self":[{"href":"https:\/\/diariodominicano.com\/index.php?rest_route=\/wp\/v2\/posts\/171304","targetHints":{"allow":["GET"]}}],"collection":[{"href":"https:\/\/diariodominicano.com\/index.php?rest_route=\/wp\/v2\/posts"}],"about":[{"href":"https:\/\/diariodominicano.com\/index.php?rest_route=\/wp\/v2\/types\/post"}],"author":[{"embeddable":true,"href":"https:\/\/diariodominicano.com\/index.php?rest_route=\/wp\/v2\/users\/3"}],"replies":[{"embeddable":true,"href":"https:\/\/diariodominicano.com\/index.php?rest_route=%2Fwp%2Fv2%2Fcomments&post=171304"}],"version-history":[{"count":0,"href":"https:\/\/diariodominicano.com\/index.php?rest_route=\/wp\/v2\/posts\/171304\/revisions"}],"wp:attachment":[{"href":"https:\/\/diariodominicano.com\/index.php?rest_route=%2Fwp%2Fv2%2Fmedia&parent=171304"}],"wp:term":[{"taxonomy":"category","embeddable":true,"href":"https:\/\/diariodominicano.com\/index.php?rest_route=%2Fwp%2Fv2%2Fcategories&post=171304"},{"taxonomy":"post_tag","embeddable":true,"href":"https:\/\/diariodominicano.com\/index.php?rest_route=%2Fwp%2Fv2%2Ftags&post=171304"}],"curies":[{"name":"wp","href":"https:\/\/api.w.org\/{rel}","templated":true}]}}