{"id":171303,"date":"2018-02-08T23:10:01","date_gmt":"2018-02-08T23:10:01","guid":{"rendered":"http:\/\/diariodominicano.ddns.net\/?p=171303"},"modified":"2018-02-08T23:10:01","modified_gmt":"2018-02-08T23:10:01","slug":"prm-pospone-para-el-18-de-marzo-su-votacion-universal-del-proceso-de-convencion","status":"publish","type":"post","link":"https:\/\/diariodominicano.com\/?p=171303","title":{"rendered":"&#13;PRM pospone para el 18 de marzo su votaci\u00f3n universal del proceso de convenci\u00f3n"},"content":{"rendered":"<p><body><\/p>\n<p><img decoding=\"async\" src=\"img3\/prmnuevo.jpg\" \/>  <\/p>\n<p><strong><span class=\"text1noticias\">SANTO DOMINGO, RD, 2 de febrero de 2018.<\/span><\/strong><span class=\"text1noticias\">-El Partido Revolucionario Moderno (PRM) pospuso para el 18 de marzo la votaci\u00f3n universal de su primera  convenci\u00f3n ordinaria, que elegir\u00e1 la presidencia, Vicepresidentes, Secretarios y subsecretarios generales.<\/span><\/p>\n<\/p>\n<p><span class=\"text1noticias\">La segunda fase de las votaciones ser\u00e1 el 8 de abril en las convenciones locales de delegados y el 18 de abril celebrar\u00e1n la Convenci\u00f3n Nacional de Delegados, inform\u00f3 la Direcci\u00f3n de Comunicaciones del PRM.<\/span><\/p>\n<\/p>\n<p><span class=\"text1noticias\">El anuncio lo hizo la noche de este jueves, Sonia Guzm\u00e1n, Presidenta en Funciones del PRM, quien dijo que la decisi\u00f3n fue tomada acogiendo un informe de la Comisi\u00f3n Organizadora de la Convenci\u00f3n.<\/span><\/p>\n<\/p>\n<p><span class=\"text1noticias\">La decisi\u00f3n fue anunciada luego de que  fuera consensuada con los candidatos a los cargos de presidentes y Secretarios generales, en una reuni\u00f3n celebrada la ma\u00f1ana de este jueves en la Casa Nacional del PRM<\/span><\/p>\n<\/p>\n<p><span class=\"text1noticias\">La raz\u00f3n de este aplazamiento es la falta de tiempo para la digitalizaci\u00f3n de las verificaciones que se realizan al padr\u00f3n, compuesto por 523 mil electores y el hecho de que febrero es un mes en el cual, las distintas provincias del pa\u00eds est\u00e1n celebrando sus Carnavales, cada domingo.<\/span><\/p>\n<\/p>\n<p><span class=\"text1noticias\">Guzm\u00e1n dijo que los Programas de Registro de Militantes (PREMIL) y Programa de Fortalecimiento Institucional (PRECOT) \u00absobrepasaron las expectativas del partido\u00bb. <\/span><\/p>\n<\/p>\n<p><span class=\"text1noticias\">Dijo que tomaron la decisi\u00f3n con el objetivo de colaborar para que el evento \u00abresulte bien organizado y con incuestionable transparencia\u00bb.<\/span><\/p>\n<\/p>\n<\/p>\n<\/p>\n<h6> 2018-02-08 23:10:01 <\/h6>\n<p><!--\n<link rel=\"stylesheet\" href=\"css\/bootstrap.min.css\">\n\n\n<ul class=\"pagination\">\n\t    \n\t\n\n<li >\n\t<a href='?page_no=6621'>Previous<\/a>\n\t<\/li>\n\n\n       \n    \n\n<li><a href='?page_no=1'>1<\/a><\/li>\n\n\n\n<li><a href='?page_no=2'>2<\/a><\/li>\n\n\n\n<li><a>...<\/a><\/li>\n\n\n\n<li><a href='?page_no=6620'>6620<\/a><\/li>\n\n\n\n<li><a href='?page_no=6621'>6621<\/a><\/li>\n\n\n\n<li class='active'><a>6622<\/a><\/li>\n\n\n\n<li><a href='?page_no=6623'>6623<\/a><\/li>\n\n\n\n<li><a href='?page_no=6624'>6624<\/a><\/li>\n\n\n\n<li><a>...<\/a><\/li>\n\n\n\n<li><a href='?page_no=36999'>36999<\/a><\/li>\n\n\n\n<li><a href='?page_no=37000'>37000<\/a><\/li>\n\n    \n\t\n\n<li >\n\t<a href='?page_no=6623'>Next<\/a>\n\t<\/li>\n\n\n    \n\n<li><a href='?page_no=37000'>Last &rsaquo;&rsaquo;<\/a><\/li>\n\n<\/ul>\n\n\n--><br \/>\n<\/body><\/p>\n","protected":false},"excerpt":{"rendered":"<p>SANTO DOMINGO, RD, 2 de febrero de 2018.-El Partido Revolucionario Moderno (PRM) pospuso para el 18 de marzo la votaci\u00f3n universal de su primera convenci\u00f3n ordinaria, que elegir\u00e1 la presidencia, Vicepresidentes, Secretarios y subsecretarios generales. La segunda fase de las votaciones ser\u00e1 el 8 de abril en las convenciones locales de delegados y el 18 [&hellip;]<\/p>\n","protected":false},"author":3,"featured_media":0,"comment_status":"open","ping_status":"open","sticky":false,"template":"","format":"standard","meta":{"footnotes":""},"categories":[22],"tags":[],"class_list":["post-171303","post","type-post","status-publish","format-standard","hentry","category-politica"],"_links":{"self":[{"href":"https:\/\/diariodominicano.com\/index.php?rest_route=\/wp\/v2\/posts\/171303","targetHints":{"allow":["GET"]}}],"collection":[{"href":"https:\/\/diariodominicano.com\/index.php?rest_route=\/wp\/v2\/posts"}],"about":[{"href":"https:\/\/diariodominicano.com\/index.php?rest_route=\/wp\/v2\/types\/post"}],"author":[{"embeddable":true,"href":"https:\/\/diariodominicano.com\/index.php?rest_route=\/wp\/v2\/users\/3"}],"replies":[{"embeddable":true,"href":"https:\/\/diariodominicano.com\/index.php?rest_route=%2Fwp%2Fv2%2Fcomments&post=171303"}],"version-history":[{"count":0,"href":"https:\/\/diariodominicano.com\/index.php?rest_route=\/wp\/v2\/posts\/171303\/revisions"}],"wp:attachment":[{"href":"https:\/\/diariodominicano.com\/index.php?rest_route=%2Fwp%2Fv2%2Fmedia&parent=171303"}],"wp:term":[{"taxonomy":"category","embeddable":true,"href":"https:\/\/diariodominicano.com\/index.php?rest_route=%2Fwp%2Fv2%2Fcategories&post=171303"},{"taxonomy":"post_tag","embeddable":true,"href":"https:\/\/diariodominicano.com\/index.php?rest_route=%2Fwp%2Fv2%2Ftags&post=171303"}],"curies":[{"name":"wp","href":"https:\/\/api.w.org\/{rel}","templated":true}]}}