{"id":171302,"date":"2018-02-09T08:15:38","date_gmt":"2018-02-09T08:15:38","guid":{"rendered":"http:\/\/diariodominicano.ddns.net\/?p=171302"},"modified":"2018-02-09T08:15:38","modified_gmt":"2018-02-09T08:15:38","slug":"dice-ley-de-partidos-va-a-su-espacio-natural-el-congreso-de-la-republica","status":"publish","type":"post","link":"https:\/\/diariodominicano.com\/?p=171302","title":{"rendered":"Dice Ley de Partidos va a su espacio natural, el Congreso de la Republica"},"content":{"rendered":"<p><body><\/p>\n<p><img decoding=\"async\" src=\"img3\/Elpbez9.JPG\" \/>  <\/p>\n<p><span class=\"text1noticias\">Santo Domingo, R. D., 9 de febrero, 2018.-  Elpidio B\u00e1ez, diputado del Partido de la Liberaci\u00f3n Dominicana (PLD) declar\u00f3  que con la decisi\u00f3n de la direcci\u00f3n pol\u00edtica  de esa  organizaci\u00f3n de dejar en mano del congreso la aprobaci\u00f3n del Proyecto de Ley de Partidos,  deja de ser blanco de cr\u00edticas de la oposici\u00f3n y permite que sea un tema que se trate en su espacio natural, que es el Congreso de la Republica. <\/span><\/p>\n<p><span class=\"text1noticias\"> <\/span><\/p>\n<p><span class=\"text1noticias\">\u00abEl Comit\u00e9 Pol\u00edtico se hab\u00eda convertido en el blanco de las cr\u00edticas porque la mayor\u00eda de la persona, sobre todos los opositores ,  dec\u00edan que este proyecto no hab\u00eda avanzado porque este organismo lo ten\u00eda estancado\u00bb, sostuvo el miembro del Comit\u00e9 Central en nota divulgada por su partido a trav\u00e9s de la Secretar\u00eda de Comunicaciones.<\/span><\/p>\n<\/p>\n<p><span class=\"text1noticias\">El legislador calific\u00f3 la decisi\u00f3n de prudente, inteligente y madura por remitir el tema a la ponderaci\u00f3n de los congresistas quienes  representan en las dos c\u00e1maras  todas las fuerzas pol\u00edticas del pa\u00eds. <\/span><\/p>\n<p><span class=\"text1noticias\"> <\/span><\/p>\n<p><span class=\"text1noticias\">\u00abPero no s\u00f3lo el tema de las primarias es piedra angular en dicho  proyecto sino lo que tiene que ver con financiamiento, el tema de los topes y la conciliaci\u00f3n entre financiamientos p\u00fablicos y privados\u00bb, apunt\u00f3 B\u00e1ez al considerar que  el tema de las primarias con el padr\u00f3n abierto o cerrado no es el m\u00e1s trascendente:\u00bbEl tema m\u00e1s importante es la transparencia, el tema del manejo p\u00fablico\u00bb sostuvo. <\/span><\/p>\n<p><span class=\"text1noticias\"> <\/span><\/p>\n<p><span class=\"text1noticias\">Record\u00f3 que  la ley por ser org\u00e1nica requiere de la aprobaci\u00f3n de las dos terceras partes de los congresistas en la sesi\u00f3n en la que se conozca su aprobaci\u00f3n o modificaci\u00f3n. <\/span><\/p>\n<p><span class=\"text1noticias\"> <\/span><\/p>\n<p><span class=\"text1noticias\">Record\u00f3 que  el PLD tiene 106 diputados  y 127 votos son necesarios para aprobar una ley org\u00e1nica, como es la ley electoral.<\/span><\/p>\n<p><span class=\"text1noticias\"> <\/span><\/p>\n<p><span class=\"text1noticias\">Fuente: SECRETAR\u00cdA DE COMUNICACIONES <\/span><\/p>\n<p><span class=\"text1noticias\">9 <\/span>DE FEBRERO DE 2018.<\/p>\n<h6> 2018-02-09 08:15:38 <\/h6>\n<p><!--\n<link rel=\"stylesheet\" href=\"css\/bootstrap.min.css\">\n\n\n<ul class=\"pagination\">\n\t    \n\t\n\n<li >\n\t<a href='?page_no=6620'>Previous<\/a>\n\t<\/li>\n\n\n       \n    \n\n<li><a href='?page_no=1'>1<\/a><\/li>\n\n\n\n<li><a href='?page_no=2'>2<\/a><\/li>\n\n\n\n<li><a>...<\/a><\/li>\n\n\n\n<li><a href='?page_no=6619'>6619<\/a><\/li>\n\n\n\n<li><a href='?page_no=6620'>6620<\/a><\/li>\n\n\n\n<li class='active'><a>6621<\/a><\/li>\n\n\n\n<li><a href='?page_no=6622'>6622<\/a><\/li>\n\n\n\n<li><a href='?page_no=6623'>6623<\/a><\/li>\n\n\n\n<li><a>...<\/a><\/li>\n\n\n\n<li><a href='?page_no=36999'>36999<\/a><\/li>\n\n\n\n<li><a href='?page_no=37000'>37000<\/a><\/li>\n\n    \n\t\n\n<li >\n\t<a href='?page_no=6622'>Next<\/a>\n\t<\/li>\n\n\n    \n\n<li><a href='?page_no=37000'>Last &rsaquo;&rsaquo;<\/a><\/li>\n\n<\/ul>\n\n\n--><br \/>\n<\/body><\/p>\n","protected":false},"excerpt":{"rendered":"<p>Santo Domingo, R. D., 9 de febrero, 2018.- Elpidio B\u00e1ez, diputado del Partido de la Liberaci\u00f3n Dominicana (PLD) declar\u00f3 que con la decisi\u00f3n de la direcci\u00f3n pol\u00edtica de esa organizaci\u00f3n de dejar en mano del congreso la aprobaci\u00f3n del Proyecto de Ley de Partidos, deja de ser blanco de cr\u00edticas de la oposici\u00f3n y permite [&hellip;]<\/p>\n","protected":false},"author":3,"featured_media":0,"comment_status":"open","ping_status":"open","sticky":false,"template":"","format":"standard","meta":{"footnotes":""},"categories":[22],"tags":[],"class_list":["post-171302","post","type-post","status-publish","format-standard","hentry","category-politica"],"_links":{"self":[{"href":"https:\/\/diariodominicano.com\/index.php?rest_route=\/wp\/v2\/posts\/171302","targetHints":{"allow":["GET"]}}],"collection":[{"href":"https:\/\/diariodominicano.com\/index.php?rest_route=\/wp\/v2\/posts"}],"about":[{"href":"https:\/\/diariodominicano.com\/index.php?rest_route=\/wp\/v2\/types\/post"}],"author":[{"embeddable":true,"href":"https:\/\/diariodominicano.com\/index.php?rest_route=\/wp\/v2\/users\/3"}],"replies":[{"embeddable":true,"href":"https:\/\/diariodominicano.com\/index.php?rest_route=%2Fwp%2Fv2%2Fcomments&post=171302"}],"version-history":[{"count":0,"href":"https:\/\/diariodominicano.com\/index.php?rest_route=\/wp\/v2\/posts\/171302\/revisions"}],"wp:attachment":[{"href":"https:\/\/diariodominicano.com\/index.php?rest_route=%2Fwp%2Fv2%2Fmedia&parent=171302"}],"wp:term":[{"taxonomy":"category","embeddable":true,"href":"https:\/\/diariodominicano.com\/index.php?rest_route=%2Fwp%2Fv2%2Fcategories&post=171302"},{"taxonomy":"post_tag","embeddable":true,"href":"https:\/\/diariodominicano.com\/index.php?rest_route=%2Fwp%2Fv2%2Ftags&post=171302"}],"curies":[{"name":"wp","href":"https:\/\/api.w.org\/{rel}","templated":true}]}}