{"id":171301,"date":"2018-02-09T11:36:56","date_gmt":"2018-02-09T11:36:56","guid":{"rendered":"http:\/\/diariodominicano.ddns.net\/?p=171301"},"modified":"2018-02-09T11:36:56","modified_gmt":"2018-02-09T11:36:56","slug":"presidente-fudasol-presenta-agenda-sobre-la-ley-63-17","status":"publish","type":"post","link":"https:\/\/diariodominicano.com\/?p=171301","title":{"rendered":"Presidente Fudasol presenta agenda sobre la Ley  63-17"},"content":{"rendered":"<p><body><\/p>\n<p><img decoding=\"async\" src=\"img3\/ley11.jpg\" \/><br \/><img decoding=\"async\" src=\"img3\/ley12.jpg\" \/><br \/><img decoding=\"async\" src=\"img3\/ley13.jpg\" \/>  <\/p>\n<p>El presidente de la Fundaci\u00f3n Dominicana de Acci\u00f3n Social, Laddy Cortorreal present\u00f3 esta ma\u00f1ana la agenda de charlas comunitarias a ser impartidas en todo el territorio dominicano, desde el inicio de febrero.<\/p>\n<\/p>\n<p>Cortorreal habl\u00f3 de la importancia que tiene esta ley de Movilidad, Transporte Terrestre, Tr\u00e1nsito y Seguridad Vial de la Rep\u00fablica Dominicana, ya que por falta de un marco regulatorio actualizado, los problemas de tr\u00e1nsito, ocupan una gran parte de todos los accidentes y muertes, llegando a reportar gastos reflejados en cifras astron\u00f3micas que el Estado incurre en estos asuntos.<\/p>\n<\/p>\n<p>\u00abEstas charlas van dirigidas a todo p\u00fablico, pero, haciendo \u00e9nfasis en los estudiantes, a los cuales queremos contribuir en su formaci\u00f3n como ciudadanos del futuro, focalizado en esta Ley 63-17, que adem\u00e1s de compleja, es muy amplia en su marco regulatorio. Expres\u00f3 Cortorreal.<\/p>\n<\/p>\n<p>La presentaci\u00f3n de la agenda de la Fundaci\u00f3n Dominicana de Acci\u00f3n Social se realiz\u00f3 en el marco de una visita de cortes\u00eda realizada al licenciado Basilio Nova, director del Centro Cultural Narciso Gonz\u00e1lez, donde se celebrar\u00e1 la primera del ciclo que comprende al Gran Santo Domingo, Dajab\u00f3n, Haina, Pimentel, Nagua, Ban\u00ed e Independencia.<\/p>\n<\/p>\n<p>\u00abInsistimos, sin la parte educativa, que debe acompa\u00f1ar todo proceso social, y en especial una ley, es pr\u00e1cticamente imposible tener buenos resultados, sin la parte educativa, por lo que Fudasol comprometida con el avance del pueblo dominicano, est\u00e1 asumiendo su responsabilidad social al respecto.\u00bb, puntualiz\u00f3 el presidente de Fudasol, Laddy Cortorreal.<\/p>\n<h6> 2018-02-09 11:36:56 <\/h6>\n<p><!--\n<link rel=\"stylesheet\" href=\"css\/bootstrap.min.css\">\n\n\n<ul class=\"pagination\">\n\t    \n\t\n\n<li >\n\t<a href='?page_no=6619'>Previous<\/a>\n\t<\/li>\n\n\n       \n    \n\n<li><a href='?page_no=1'>1<\/a><\/li>\n\n\n\n<li><a href='?page_no=2'>2<\/a><\/li>\n\n\n\n<li><a>...<\/a><\/li>\n\n\n\n<li><a href='?page_no=6618'>6618<\/a><\/li>\n\n\n\n<li><a href='?page_no=6619'>6619<\/a><\/li>\n\n\n\n<li class='active'><a>6620<\/a><\/li>\n\n\n\n<li><a href='?page_no=6621'>6621<\/a><\/li>\n\n\n\n<li><a href='?page_no=6622'>6622<\/a><\/li>\n\n\n\n<li><a>...<\/a><\/li>\n\n\n\n<li><a href='?page_no=36999'>36999<\/a><\/li>\n\n\n\n<li><a href='?page_no=37000'>37000<\/a><\/li>\n\n    \n\t\n\n<li >\n\t<a href='?page_no=6621'>Next<\/a>\n\t<\/li>\n\n\n    \n\n<li><a href='?page_no=37000'>Last &rsaquo;&rsaquo;<\/a><\/li>\n\n<\/ul>\n\n\n--><br \/>\n<\/body><\/p>\n","protected":false},"excerpt":{"rendered":"<p>El presidente de la Fundaci\u00f3n Dominicana de Acci\u00f3n Social, Laddy Cortorreal present\u00f3 esta ma\u00f1ana la agenda de charlas comunitarias a ser impartidas en todo el territorio dominicano, desde el inicio de febrero. Cortorreal habl\u00f3 de la importancia que tiene esta ley de Movilidad, Transporte Terrestre, Tr\u00e1nsito y Seguridad Vial de la Rep\u00fablica Dominicana, ya que [&hellip;]<\/p>\n","protected":false},"author":3,"featured_media":0,"comment_status":"open","ping_status":"open","sticky":false,"template":"","format":"standard","meta":{"footnotes":""},"categories":[22],"tags":[],"class_list":["post-171301","post","type-post","status-publish","format-standard","hentry","category-politica"],"_links":{"self":[{"href":"https:\/\/diariodominicano.com\/index.php?rest_route=\/wp\/v2\/posts\/171301","targetHints":{"allow":["GET"]}}],"collection":[{"href":"https:\/\/diariodominicano.com\/index.php?rest_route=\/wp\/v2\/posts"}],"about":[{"href":"https:\/\/diariodominicano.com\/index.php?rest_route=\/wp\/v2\/types\/post"}],"author":[{"embeddable":true,"href":"https:\/\/diariodominicano.com\/index.php?rest_route=\/wp\/v2\/users\/3"}],"replies":[{"embeddable":true,"href":"https:\/\/diariodominicano.com\/index.php?rest_route=%2Fwp%2Fv2%2Fcomments&post=171301"}],"version-history":[{"count":0,"href":"https:\/\/diariodominicano.com\/index.php?rest_route=\/wp\/v2\/posts\/171301\/revisions"}],"wp:attachment":[{"href":"https:\/\/diariodominicano.com\/index.php?rest_route=%2Fwp%2Fv2%2Fmedia&parent=171301"}],"wp:term":[{"taxonomy":"category","embeddable":true,"href":"https:\/\/diariodominicano.com\/index.php?rest_route=%2Fwp%2Fv2%2Fcategories&post=171301"},{"taxonomy":"post_tag","embeddable":true,"href":"https:\/\/diariodominicano.com\/index.php?rest_route=%2Fwp%2Fv2%2Ftags&post=171301"}],"curies":[{"name":"wp","href":"https:\/\/api.w.org\/{rel}","templated":true}]}}