{"id":171299,"date":"2018-02-09T11:58:49","date_gmt":"2018-02-09T11:58:49","guid":{"rendered":"http:\/\/diariodominicano.ddns.net\/?p=171299"},"modified":"2018-02-09T11:58:49","modified_gmt":"2018-02-09T11:58:49","slug":"monchy-fadul-afirma-no-choca-representacion-del-pld-en-la-jce-con-el-cargo-de-ministro-de-trabajo","status":"publish","type":"post","link":"https:\/\/diariodominicano.com\/?p=171299","title":{"rendered":"Monchy Fadul afirma no choca representaci\u00f3n del PLD en la JCE con el cargo de ministro de Trabajo"},"content":{"rendered":"<p><body><\/p>\n<p><img decoding=\"async\" src=\"img3\/monchy000.jpg\" \/>  <\/p>\n<\/p>\n<p><strong>SANTO DOMINGO, RD, 9 de febrero de 2018.-<\/strong> Jos\u00e9 Ram\u00f3n Fadul (Monchi), miembro del Comit\u00e9 Pol\u00edtico del Partido de la Liberaci\u00f3n Dominicana dijo que va a la Junta Central Electoral a ostentar la representaci\u00f3n de su Partido y a colaborar en todo lo que est\u00e9 a su alcance con las responsabilidades de ese importante \u00f3rgano del Estado.<\/p>\n<\/p>\n<\/p>\n<p>Fadul fue seleccionado el pasado lunes como Delegado Pol\u00edtico del PLD ante la Junta Central por el Comit\u00e9 Pol\u00edtico del PLD  y acreditado formalmente ante ese \u00f3rgano en una visita realizada a la sede de la Junta por una comisi\u00f3n encabezada por Reinaldo Pared P\u00e9rez, secretario general pelede\u00edsta.<\/p>\n<\/p>\n<\/p>\n<p>\u00abAgradezco la confianza depositada por mis compa\u00f1eros del Comit\u00e9 Pol\u00edtico y vengo aqu\u00ed a colaborar con la encomienda de la Junta que es velar porque los procesos electorales se rijan por los principios de la democracia\u00bb dijo Fadul a los periodistas que le abordaron al salir del despacho del Presidente de la JCE, Julio Cesar Casta\u00f1os Guzm\u00e1n.<\/p>\n<\/p>\n<\/p>\n<p>Jos\u00e9 Ram\u00f3n Fadul, quien es el Ministro de Trabajo,   descart\u00f3  que su nueva responsabilidad pol\u00edtica  ante el \u00f3rgano electoral choque con las obligaciones que asume como funcionario del Gobierno.<\/p>\n<\/p>\n<\/p>\n<p>\u00abEn  la JCE vengo a  representar mi Partido  y apoyar todas las decisiones de la Junta que vayan en beneficio del proceso electoral\u00bb respondi\u00f3 Fadul  a lo periodistas<\/p>\n<\/p>\n<\/p>\n<p>El pleno de la Junta Central Electoral integrado por  Julio C\u00e9sar Casta\u00f1os Guzm\u00e1n, su presidente y los miembros: Rosario  Graciano de los Santos, Carmen Imbert Brugal, Roberto Salad\u00edn Sel\u00edn y Henry Mej\u00eda Oviedo, recibieron en el despacho de la Presidencia de la JCE  la comisi\u00f3n del PLD, encabezada por Reinaldo Pared P\u00e9rez, secretario general  quien deposit\u00f3 por ante la Secretar\u00eda de  la Junta la  acreditaci\u00f3n de los representantes del PLD ante ese organismo.<\/p>\n<\/p>\n<h6> 2018-02-09 11:58:49 <\/h6>\n<p><!--\n<link rel=\"stylesheet\" href=\"css\/bootstrap.min.css\">\n\n\n<ul class=\"pagination\">\n\t    \n\t\n\n<li >\n\t<a href='?page_no=6618'>Previous<\/a>\n\t<\/li>\n\n\n       \n    \n\n<li><a href='?page_no=1'>1<\/a><\/li>\n\n\n\n<li><a href='?page_no=2'>2<\/a><\/li>\n\n\n\n<li><a>...<\/a><\/li>\n\n\n\n<li><a href='?page_no=6617'>6617<\/a><\/li>\n\n\n\n<li><a href='?page_no=6618'>6618<\/a><\/li>\n\n\n\n<li class='active'><a>6619<\/a><\/li>\n\n\n\n<li><a href='?page_no=6620'>6620<\/a><\/li>\n\n\n\n<li><a href='?page_no=6621'>6621<\/a><\/li>\n\n\n\n<li><a>...<\/a><\/li>\n\n\n\n<li><a href='?page_no=36999'>36999<\/a><\/li>\n\n\n\n<li><a href='?page_no=37000'>37000<\/a><\/li>\n\n    \n\t\n\n<li >\n\t<a href='?page_no=6620'>Next<\/a>\n\t<\/li>\n\n\n    \n\n<li><a href='?page_no=37000'>Last &rsaquo;&rsaquo;<\/a><\/li>\n\n<\/ul>\n\n\n--><br \/>\n<\/body><\/p>\n","protected":false},"excerpt":{"rendered":"<p>SANTO DOMINGO, RD, 9 de febrero de 2018.- Jos\u00e9 Ram\u00f3n Fadul (Monchi), miembro del Comit\u00e9 Pol\u00edtico del Partido de la Liberaci\u00f3n Dominicana dijo que va a la Junta Central Electoral a ostentar la representaci\u00f3n de su Partido y a colaborar en todo lo que est\u00e9 a su alcance con las responsabilidades de ese importante \u00f3rgano [&hellip;]<\/p>\n","protected":false},"author":3,"featured_media":0,"comment_status":"open","ping_status":"open","sticky":false,"template":"","format":"standard","meta":{"footnotes":""},"categories":[22],"tags":[],"class_list":["post-171299","post","type-post","status-publish","format-standard","hentry","category-politica"],"_links":{"self":[{"href":"https:\/\/diariodominicano.com\/index.php?rest_route=\/wp\/v2\/posts\/171299","targetHints":{"allow":["GET"]}}],"collection":[{"href":"https:\/\/diariodominicano.com\/index.php?rest_route=\/wp\/v2\/posts"}],"about":[{"href":"https:\/\/diariodominicano.com\/index.php?rest_route=\/wp\/v2\/types\/post"}],"author":[{"embeddable":true,"href":"https:\/\/diariodominicano.com\/index.php?rest_route=\/wp\/v2\/users\/3"}],"replies":[{"embeddable":true,"href":"https:\/\/diariodominicano.com\/index.php?rest_route=%2Fwp%2Fv2%2Fcomments&post=171299"}],"version-history":[{"count":0,"href":"https:\/\/diariodominicano.com\/index.php?rest_route=\/wp\/v2\/posts\/171299\/revisions"}],"wp:attachment":[{"href":"https:\/\/diariodominicano.com\/index.php?rest_route=%2Fwp%2Fv2%2Fmedia&parent=171299"}],"wp:term":[{"taxonomy":"category","embeddable":true,"href":"https:\/\/diariodominicano.com\/index.php?rest_route=%2Fwp%2Fv2%2Fcategories&post=171299"},{"taxonomy":"post_tag","embeddable":true,"href":"https:\/\/diariodominicano.com\/index.php?rest_route=%2Fwp%2Fv2%2Ftags&post=171299"}],"curies":[{"name":"wp","href":"https:\/\/api.w.org\/{rel}","templated":true}]}}