{"id":171298,"date":"2018-02-09T13:19:34","date_gmt":"2018-02-09T13:19:34","guid":{"rendered":"http:\/\/diariodominicano.ddns.net\/?p=171298"},"modified":"2018-02-09T13:19:34","modified_gmt":"2018-02-09T13:19:34","slug":"lula-perseguido-por-moralistas-sin-moral-deplora-brasil-popular","status":"publish","type":"post","link":"https:\/\/diariodominicano.com\/?p=171298","title":{"rendered":"Lula perseguido por moralistas sin moral, deplora Brasil Popular"},"content":{"rendered":"<p><body><\/p>\n<p><img decoding=\"async\" src=\"img3\/lula6.jpg\" \/>  <\/p>\n<p><strong> Brasilia, 9 feb (PL) <\/strong>El expresidente Luiz In\u00e1cio Lula da Silva es perseguido por un grupo de moralistas sin moral que hacen del Poder Judicial brasile\u00f1o el m\u00e1s caro del mundo, deplor\u00f3 hoy el peri\u00f3dico Brasil Popular.<\/p>\n<\/p>\n<p>Despu\u00e9s de un viciado proceso judicial que conden\u00f3 a Lula sin pruebas, los organizadores del golpe (contra la depuesta mandataria constitucional Dilma Rousseff) se preparan para intentar impedir su participaci\u00f3n en las elecciones de octubre pr\u00f3ximo, en las que es el candidato favorito, y amenazan hasta con encarcelarlo, alert\u00f3 la publicaci\u00f3n.<\/p>\n<\/p>\n<p>En su edici\u00f3n de hoy, el quincenario remarc\u00f3 que Brasil tiene la &#8216;justicia&#8217; m\u00e1s cara del mundo, con gastos equivalentes a 1,4 por ciento del Producto Interno Bruto (PIB) nacional, cuando en pa\u00edses como Alemania \u00e9ste alcanza apenas un 0,4 por ciento del PIB.<\/p>\n<\/p>\n<p>Mas, a pesar de gastar mucho al recibir salarios muy por encima del techo constitucional y beneficiarse indebidamente del auxilio para vivienda a\u00fan contando con un inmueble propio, el judiciario brasile\u00f1o figura en el lugar 30 entre los pa\u00edses donde los procesos son los m\u00e1s lentos del orbe, seg\u00fan datos del Banco Mundial.<\/p>\n<\/p>\n<p>&#8216;Para empeorar el descr\u00e9dito, la burla del auxilio para vivienda expone el falso moralismo de un Poder Judicial conservador, que dilapida el dinero p\u00fablico sin que le importe la \u00e9tica&#8217;, conden\u00f3 Brasil Popular.<\/p>\n<\/p>\n<p>En una dura declaraci\u00f3n publicada la v\u00edspera en su cuenta de Twitter, el diputado federal del Partido de los Trabajadores (PT) Wadih Damous descalific\u00f3 al nuevo presidente del Tribunal Superior Electoral (TSE) de Brasil, Luiz Fux, al que acus\u00f3 de querer legislar e inventar teor\u00edas.<\/p>\n<\/p>\n<p>Fux &#8216;desmoraliza la justicia electoral&#8217;, escribi\u00f3 el parlamentario y subray\u00f3 que quien es considerado el padre de la ilegal ayuda para vivienda concedida a m\u00e1s de 17 mil magistrados, cuya reciente revelaci\u00f3n ha causado indignaci\u00f3n popular, ahora resolvi\u00f3 legislar e invent\u00f3 la teor\u00eda del &#8216;irregistrable&#8217;.<\/p>\n<\/p>\n<p>Al tomar posesi\u00f3n del cargo, el martes \u00faltimo, Fux se dijo a favor de que los jueces del TSE puedan impedir el registro de aspirantes encuadrados en la llamada Ley de Ficha Limpia (condenados en segunda instancia), a\u00fan sin que la candidatura fuera impugnada por partidos pol\u00edticos, alianzas electorales o el Ministerio P\u00fablico.<\/p>\n<\/p>\n<p>Abogado de profesi\u00f3n, Damous se\u00f1al\u00f3 adem\u00e1s que los &#8216;moralistas togados se hundieron en su propia inmoralidad&#8217; y desenmascarados con los il\u00edcitos auxilios recibidos son ahora blanco del escarnio y la indignaci\u00f3n popular.<\/p>\n<\/p>\n<p>Previamente, la senadora y presidenta nacional del PT, Gleisi Hoffmann, critic\u00f3 tambi\u00e9n la intenci\u00f3n de Fux de crear un derecho electoral espec\u00edfico para castigar al ex dignatario Luiz In\u00e1cio Lula da Silva y excluirlo de la contienda electoral de octubre pr\u00f3ximo, para la cual todas las encuestas lo sit\u00faan como amplio favorito.<\/p>\n<\/p>\n<p>tgj\/mpm<\/p>\n<h6> 2018-02-09 13:19:34 <\/h6>\n<p><!--\n<link rel=\"stylesheet\" href=\"css\/bootstrap.min.css\">\n\n\n<ul class=\"pagination\">\n\t    \n\t\n\n<li >\n\t<a href='?page_no=6617'>Previous<\/a>\n\t<\/li>\n\n\n       \n    \n\n<li><a href='?page_no=1'>1<\/a><\/li>\n\n\n\n<li><a href='?page_no=2'>2<\/a><\/li>\n\n\n\n<li><a>...<\/a><\/li>\n\n\n\n<li><a href='?page_no=6616'>6616<\/a><\/li>\n\n\n\n<li><a href='?page_no=6617'>6617<\/a><\/li>\n\n\n\n<li class='active'><a>6618<\/a><\/li>\n\n\n\n<li><a href='?page_no=6619'>6619<\/a><\/li>\n\n\n\n<li><a href='?page_no=6620'>6620<\/a><\/li>\n\n\n\n<li><a>...<\/a><\/li>\n\n\n\n<li><a href='?page_no=36999'>36999<\/a><\/li>\n\n\n\n<li><a href='?page_no=37000'>37000<\/a><\/li>\n\n    \n\t\n\n<li >\n\t<a href='?page_no=6619'>Next<\/a>\n\t<\/li>\n\n\n    \n\n<li><a href='?page_no=37000'>Last &rsaquo;&rsaquo;<\/a><\/li>\n\n<\/ul>\n\n\n--><br \/>\n<\/body><\/p>\n","protected":false},"excerpt":{"rendered":"<p>Brasilia, 9 feb (PL) El expresidente Luiz In\u00e1cio Lula da Silva es perseguido por un grupo de moralistas sin moral que hacen del Poder Judicial brasile\u00f1o el m\u00e1s caro del mundo, deplor\u00f3 hoy el peri\u00f3dico Brasil Popular. Despu\u00e9s de un viciado proceso judicial que conden\u00f3 a Lula sin pruebas, los organizadores del golpe (contra la [&hellip;]<\/p>\n","protected":false},"author":3,"featured_media":0,"comment_status":"open","ping_status":"open","sticky":false,"template":"","format":"standard","meta":{"footnotes":""},"categories":[22],"tags":[],"class_list":["post-171298","post","type-post","status-publish","format-standard","hentry","category-politica"],"_links":{"self":[{"href":"https:\/\/diariodominicano.com\/index.php?rest_route=\/wp\/v2\/posts\/171298","targetHints":{"allow":["GET"]}}],"collection":[{"href":"https:\/\/diariodominicano.com\/index.php?rest_route=\/wp\/v2\/posts"}],"about":[{"href":"https:\/\/diariodominicano.com\/index.php?rest_route=\/wp\/v2\/types\/post"}],"author":[{"embeddable":true,"href":"https:\/\/diariodominicano.com\/index.php?rest_route=\/wp\/v2\/users\/3"}],"replies":[{"embeddable":true,"href":"https:\/\/diariodominicano.com\/index.php?rest_route=%2Fwp%2Fv2%2Fcomments&post=171298"}],"version-history":[{"count":0,"href":"https:\/\/diariodominicano.com\/index.php?rest_route=\/wp\/v2\/posts\/171298\/revisions"}],"wp:attachment":[{"href":"https:\/\/diariodominicano.com\/index.php?rest_route=%2Fwp%2Fv2%2Fmedia&parent=171298"}],"wp:term":[{"taxonomy":"category","embeddable":true,"href":"https:\/\/diariodominicano.com\/index.php?rest_route=%2Fwp%2Fv2%2Fcategories&post=171298"},{"taxonomy":"post_tag","embeddable":true,"href":"https:\/\/diariodominicano.com\/index.php?rest_route=%2Fwp%2Fv2%2Ftags&post=171298"}],"curies":[{"name":"wp","href":"https:\/\/api.w.org\/{rel}","templated":true}]}}