{"id":171297,"date":"2018-02-09T20:21:15","date_gmt":"2018-02-09T20:21:15","guid":{"rendered":"http:\/\/diariodominicano.ddns.net\/?p=171297"},"modified":"2018-02-09T20:21:15","modified_gmt":"2018-02-09T20:21:15","slug":"analistas-ven-ventaja-del-oficialismo-rumbo-a-elecciones-presidenciales-en-venezuela","status":"publish","type":"post","link":"https:\/\/diariodominicano.com\/?p=171297","title":{"rendered":"Analistas ven ventaja del oficialismo rumbo a elecciones presidenciales en Venezuela"},"content":{"rendered":"<p><body><\/p>\n<\/p>\n<p><strong>   Por Willey Pe\u00f1uela<\/strong><\/p>\n<p><strong>   CARACAS, 9 feb (Xinhua)<\/strong> &#8212; El di\u00e1logo en \u00abreceso extendido\u00bb entre el gobierno y la oposici\u00f3n de Venezuela, as\u00ed como comicios presidenciales adelantados abren un abanico de escenarios en lo pol\u00edtico, econ\u00f3mico y social en el pa\u00eds, pero con ventaja para el oficialismo, seg\u00fan analistas venezolanos.<\/p>\n<\/p>\n<p>   El profesor de la Escuela de Estudios Internacionales de la Universidad Central de Venezuela, Edgardo Antonio Ram\u00edrez, dice que \u00abla oposici\u00f3n se presenta dividida\u00bb ante las elecciones del 22 de abril.<\/p>\n<\/p>\n<p>   \u00abPor un lado est\u00e1n los sectores m\u00e1s extremistas y violentos (de la oposici\u00f3n) que no van a participar en la elecci\u00f3n porque no quieren legitimar al gobierno y hay otro sector socialdem\u00f3crata\u00bb que ha expresado que va a participar en los comicios, agreg\u00f3.<\/p>\n<\/p>\n<p>   Pero tambi\u00e9n est\u00e1 el contexto internacional, en el que Ram\u00edrez afirma que el gobierno del presidente estadounidense, Donald Trump, \u00abretoma la ofensiva para derrocar (al presidente Nicol\u00e1s) Maduro, imponi\u00e9ndole un bloqueo financiero\u00bb.<\/p>\n<\/p>\n<p>   A su parecer, Estados Unidos \u00abejerce presiones contra otros gobiernos de la regi\u00f3n para que profundicen las acciones pol\u00edticas y econ\u00f3micas\u00bb contra el pa\u00eds sudamericano.<\/p>\n<\/p>\n<p>   Lo anterior, agreg\u00f3, lo hace \u00aben funci\u00f3n de hacer m\u00e1s efectiva la guerra econ\u00f3mica\u00bb y \u00abvalidar la tesis de la crisis humanitaria\u00bb, lo cual \u00abexplica porqu\u00e9 la oposici\u00f3n no suscribe el acuerdo por la convivencia y la paz de Venezuela\u00bb.<\/p>\n<\/p>\n<p>   \u00abLo m\u00e1s importante es que la realizaci\u00f3n de la elecci\u00f3n presidencial significa que el pueblo venezolano est\u00e1 apegado a la soluci\u00f3n de los grandes problemas por la v\u00eda pac\u00edfica (&#8230;) La voluntad y protagonismo del pueblo ser\u00e1 determinante\u00bb, se\u00f1al\u00f3.<\/p>\n<\/p>\n<p>   Ram\u00edrez, quien tambi\u00e9n fue ministro de Educaci\u00f3n Universitaria, dijo que el hecho de que Venezuela tenga \u00ablas mayores reservas de petr\u00f3leo del mundo\u00bb y un territorio rico en recursos, ubica al pa\u00eds \u00abcomo pieza clave en la geopol\u00edtica internacional\u00bb, lo que implica \u00abfortalezas, oportunidades y amenazas\u00bb.<\/p>\n<\/p>\n<p>   Por su parte, el internacionalista Luis Quintana consider\u00f3 importante analizar el momento actual en el marco del reci\u00e9n suspendido proceso de di\u00e1logo, ya que ambas fuerzas \u00abse pusieron de acuerdo\u00bb en varios temas y \u00abal final s\u00f3lo firm\u00f3 el gobierno\u00bb y la oposici\u00f3n \u00abtermin\u00f3 desistiendo de la firma\u00bb.<\/p>\n<\/p>\n<p>   A juicio del experto, el gesto de la oposici\u00f3n al no rubricar el acuerdo significa \u00abuna patada a la voluntad que tiene el pueblo venezolano de que los conflictos pol\u00edticos se resuelvan por v\u00edas pol\u00edticas, pac\u00edficas y dialogadas\u00bb.<\/p>\n<\/p>\n<p>   Para Quintana, el hecho de que la oposici\u00f3n se haya negado a firmar el acuerdo, \u00abest\u00e1 abriendo las puertas, de modo muy peligroso para ellos, de estimular la abstenci\u00f3n de su electorado\u00bb, dando mayores posibilidades a Maduro de ser reelecto.<\/p>\n<\/p>\n<p>   \u00abM\u00e1s all\u00e1 de las dificultades que tenemos en la econom\u00eda nacional y que se suele atribuir al gobierno, el descr\u00e9dito que sostiene la oposici\u00f3n sobre el sistema electoral, lo que hace es abrirle las puertas a la posibilidad real de una reelecci\u00f3n contundente del presidente Maduro\u00bb, se\u00f1al\u00f3.<\/p>\n<\/p>\n<p>   El experto en temas pol\u00edticos agreg\u00f3 que en caso de que la oposici\u00f3n venezolana acuda a las elecciones, estar\u00eda \u00abyendo debilitada, desunida, dividida\u00bb lo cual hace \u00abmucho m\u00e1s dif\u00edcil que gane cuando el chavismo est\u00e1 ya cohesionado en torno a un liderazgo\u00bb.<\/p>\n<\/p>\n<p>   Para el analista, el hecho de que la oposici\u00f3n no haya firmado el acuerdo significa que \u00abla oposici\u00f3n le est\u00e1 diciendo a la llamada comunidad internacional que deben intervenir con m\u00e1s fuerza\u00bb en el panorama pol\u00edtico de Venezuela.<\/p>\n<\/p>\n<p>   Quintana consider\u00f3 que en el marco de ese escenario, probablemente habr\u00e1 \u00abmayor presi\u00f3n sobre Venezuela, m\u00e1s sanciones unilaterales ilegales sobre el gobierno y funcionarios (&#8230;) y contra la econom\u00eda venezolana\u00bb.<\/p>\n<\/p>\n<p>   \u00abEn el escenario internacional veo un crecimiento de la conflictividad hacia Venezuela, a pesar de que fue el gobierno el que firm\u00f3 el acuerdo y acept\u00f3 cuestiones planteadas por la oposici\u00f3n en la mesa de di\u00e1logo\u00bb, expres\u00f3.<\/p>\n<\/p>\n<p>   El internacionalista se\u00f1al\u00f3 que internamente \u00abla oposici\u00f3n est\u00e1 en muy mal momento\u00bb, ya que \u00abno ha cumplido las expectativas que tiene buena parte de su base (electorado)\u00bb sobre la creaci\u00f3n de condiciones fruct\u00edferas para participar en la elecci\u00f3n.<\/p>\n<\/p>\n<p>   Para Quintana, los partidos de oposici\u00f3n, \u00abcon sus indefiniciones\u00bb y con \u00abel descr\u00e9dito que ellos atribuyen al Consejo Nacional Electoral\u00bb le estar\u00edan \u00abdespejando la v\u00eda y facilitando el camino al presidente Maduro para que sea reelecto\u00bb. Fin<\/p>\n<\/p>\n<h6> 2018-02-09 20:21:15 <\/h6>\n<p><!--\n<link rel=\"stylesheet\" href=\"css\/bootstrap.min.css\">\n\n\n<ul class=\"pagination\">\n\t    \n\t\n\n<li >\n\t<a href='?page_no=6616'>Previous<\/a>\n\t<\/li>\n\n\n       \n    \n\n<li><a href='?page_no=1'>1<\/a><\/li>\n\n\n\n<li><a href='?page_no=2'>2<\/a><\/li>\n\n\n\n<li><a>...<\/a><\/li>\n\n\n\n<li><a href='?page_no=6615'>6615<\/a><\/li>\n\n\n\n<li><a href='?page_no=6616'>6616<\/a><\/li>\n\n\n\n<li class='active'><a>6617<\/a><\/li>\n\n\n\n<li><a href='?page_no=6618'>6618<\/a><\/li>\n\n\n\n<li><a href='?page_no=6619'>6619<\/a><\/li>\n\n\n\n<li><a>...<\/a><\/li>\n\n\n\n<li><a href='?page_no=36999'>36999<\/a><\/li>\n\n\n\n<li><a href='?page_no=37000'>37000<\/a><\/li>\n\n    \n\t\n\n<li >\n\t<a href='?page_no=6618'>Next<\/a>\n\t<\/li>\n\n\n    \n\n<li><a href='?page_no=37000'>Last &rsaquo;&rsaquo;<\/a><\/li>\n\n<\/ul>\n\n\n--><br \/>\n<\/body><\/p>\n","protected":false},"excerpt":{"rendered":"<p>Por Willey Pe\u00f1uela CARACAS, 9 feb (Xinhua) &#8212; El di\u00e1logo en \u00abreceso extendido\u00bb entre el gobierno y la oposici\u00f3n de Venezuela, as\u00ed como comicios presidenciales adelantados abren un abanico de escenarios en lo pol\u00edtico, econ\u00f3mico y social en el pa\u00eds, pero con ventaja para el oficialismo, seg\u00fan analistas venezolanos. El profesor de la Escuela de [&hellip;]<\/p>\n","protected":false},"author":3,"featured_media":0,"comment_status":"open","ping_status":"open","sticky":false,"template":"","format":"standard","meta":{"footnotes":""},"categories":[22],"tags":[],"class_list":["post-171297","post","type-post","status-publish","format-standard","hentry","category-politica"],"_links":{"self":[{"href":"https:\/\/diariodominicano.com\/index.php?rest_route=\/wp\/v2\/posts\/171297","targetHints":{"allow":["GET"]}}],"collection":[{"href":"https:\/\/diariodominicano.com\/index.php?rest_route=\/wp\/v2\/posts"}],"about":[{"href":"https:\/\/diariodominicano.com\/index.php?rest_route=\/wp\/v2\/types\/post"}],"author":[{"embeddable":true,"href":"https:\/\/diariodominicano.com\/index.php?rest_route=\/wp\/v2\/users\/3"}],"replies":[{"embeddable":true,"href":"https:\/\/diariodominicano.com\/index.php?rest_route=%2Fwp%2Fv2%2Fcomments&post=171297"}],"version-history":[{"count":0,"href":"https:\/\/diariodominicano.com\/index.php?rest_route=\/wp\/v2\/posts\/171297\/revisions"}],"wp:attachment":[{"href":"https:\/\/diariodominicano.com\/index.php?rest_route=%2Fwp%2Fv2%2Fmedia&parent=171297"}],"wp:term":[{"taxonomy":"category","embeddable":true,"href":"https:\/\/diariodominicano.com\/index.php?rest_route=%2Fwp%2Fv2%2Fcategories&post=171297"},{"taxonomy":"post_tag","embeddable":true,"href":"https:\/\/diariodominicano.com\/index.php?rest_route=%2Fwp%2Fv2%2Ftags&post=171297"}],"curies":[{"name":"wp","href":"https:\/\/api.w.org\/{rel}","templated":true}]}}