{"id":171296,"date":"2018-02-09T20:25:53","date_gmt":"2018-02-09T20:25:53","guid":{"rendered":"http:\/\/diariodominicano.ddns.net\/?p=171296"},"modified":"2018-02-09T20:25:53","modified_gmt":"2018-02-09T20:25:53","slug":"habeas-corpus-para-evitar-prision-de-lula-sera-juzgado-por-corte-suprema-de-brasil","status":"publish","type":"post","link":"https:\/\/diariodominicano.com\/?p=171296","title":{"rendered":"\u00abHabeas corpus\u00bb para evitar prisi\u00f3n de Lula ser\u00e1 juzgado por Corte Suprema de Brasil"},"content":{"rendered":"<p><body><\/p>\n<p><img decoding=\"async\" src=\"img3\/Lula000.jpg\" \/>  <\/p>\n<\/p>\n<p><strong>   BRASILIA, 9 feb (Xinhua) &#8212;<\/strong> El juez Edson Fachin, del Supremo Tribunal Federal (STF) de Brasil, neg\u00f3 hoy viernes el pedido de medida cautelar (\u00abhabeas corpus\u00bb) del ex presidente Luiz Inacio Lula da Silva para evitar su prisi\u00f3n, hasta agotar todos los recursos de apelaci\u00f3n de la condena a 12 a\u00f1os y un mes de prisi\u00f3n por un tribunal de Porto Alegre.<\/p>\n<\/p>\n<p>   Fachin decidi\u00f3 someter al plenario de la Corte Suprema el an\u00e1lisis del caso, considerado decisivo para la definici\u00f3n del escenario hacia las elecciones de octubre pr\u00f3ximo.<\/p>\n<\/p>\n<p>   La fecha del juicio sobre el pedido de \u00abhabeas corpus\u00bb deber\u00e1 ser definida por la presidenta del STF, Carmen L\u00facia.<\/p>\n<\/p>\n<p>   Los abogados del l\u00edder del Partido de los Trabajadores (PT) recurrieron al STF despu\u00e9s de que el vicepresidente del Superior Tribunal de Justicia (STJ), Humberto Martins, rechaz\u00f3 el mes pasado la petici\u00f3n para bloquear la ejecuci\u00f3n de la pena en el marco de la Operaci\u00f3n Lava Jato (Lavadero).<\/p>\n<\/p>\n<p>   \u00abFrente a tal negativa, s\u00f3lo queda al ciudadano Luiz Inacio Lula da Silva golpear a la puerta de esta Suprema Corte, guardi\u00e1n principal de la Constituci\u00f3n, para ver asegurada la eficacia de sus garant\u00edas fundamentales, notadamente a su status dignitatis et libertatis y la presunci\u00f3n constitucional de inocencia, instituida en cl\u00e1usula p\u00e9trea en la Ley de la Rep\u00fablica\u00bb, afirm\u00f3 la defensa.<\/p>\n<\/p>\n<p>   Para los defensores de Lula, la ejecuci\u00f3n de la pena antes del tr\u00e1nsito en juzgado, es decir, de que sean agotados todos los recursos de apelaci\u00f3n, es una afrenta a la Constituci\u00f3n Federal y a las normas legales vigentes.<\/p>\n<\/p>\n<p>   Lula da Silva fue condenado el 24 de enero en segunda instancia por los delitos de corrupci\u00f3n pasiva y lavado de dinero.<\/p>\n<\/p>\n<p>   El fallo se refiere a la acusaci\u00f3n de recibir un departamento triplex en la ciudad de Guaruj\u00e1, en el litoral de Sao Paulo, de la constructora OAS, a cambio de favorecer a la empresa en contratos con la petrolera estatal Petrobras. <\/p>\n<\/p>\n<p>   La defensa niega las acusaciones, en funci\u00f3n de que el inmueble permaneci\u00f3 formalmente bajo propiedad de la OAS, y afirma que el ex presidente fue condenado sin pruebas.<\/p>\n<\/p>\n<p>   En su pedido al STF, la defensa afirma que Lula da Silva fue condenado \u00abinjustamente\u00bb por cr\u00edmenes \u00abno violentos\u00bb, y que, durante su ejercicio en la Presidencia, \u00abimplement\u00f3 diversas pol\u00edticas de prevenci\u00f3n y represi\u00f3n de la delincuencia organizada y la pr\u00e1ctica de delitos econ\u00f3micos y financieros.<\/p>\n<\/p>\n<p>   \u00abLas providencias citadas demuestran el profundo compromiso del paciente con el combate a la corrupci\u00f3n y la criminalidad organizada\u00bb, se\u00f1alaron los abogados.<\/p>\n<\/p>\n<p>   \u00abEl paciente no desea estar por encima de la ley, pero tampoco debe estar por debajo o fuera de su protecci\u00f3n, s\u00f3lo se busca demostrar su innegable contribuci\u00f3n al combate a la corrupci\u00f3n, son hechos que, si se mira en conjunto con los dem\u00e1s, demuestran la completa innecesidad de su encarcelamiento en car\u00e1cter provisional\u00bb, argument\u00f3 la defensa de Lula. Fin<\/p>\n<h6> 2018-02-09 20:25:53 <\/h6>\n<p><!--\n<link rel=\"stylesheet\" href=\"css\/bootstrap.min.css\">\n\n\n<ul class=\"pagination\">\n\t    \n\t\n\n<li >\n\t<a href='?page_no=6615'>Previous<\/a>\n\t<\/li>\n\n\n       \n    \n\n<li><a href='?page_no=1'>1<\/a><\/li>\n\n\n\n<li><a href='?page_no=2'>2<\/a><\/li>\n\n\n\n<li><a>...<\/a><\/li>\n\n\n\n<li><a href='?page_no=6614'>6614<\/a><\/li>\n\n\n\n<li><a href='?page_no=6615'>6615<\/a><\/li>\n\n\n\n<li class='active'><a>6616<\/a><\/li>\n\n\n\n<li><a href='?page_no=6617'>6617<\/a><\/li>\n\n\n\n<li><a href='?page_no=6618'>6618<\/a><\/li>\n\n\n\n<li><a>...<\/a><\/li>\n\n\n\n<li><a href='?page_no=36999'>36999<\/a><\/li>\n\n\n\n<li><a href='?page_no=37000'>37000<\/a><\/li>\n\n    \n\t\n\n<li >\n\t<a href='?page_no=6617'>Next<\/a>\n\t<\/li>\n\n\n    \n\n<li><a href='?page_no=37000'>Last &rsaquo;&rsaquo;<\/a><\/li>\n\n<\/ul>\n\n\n--><br \/>\n<\/body><\/p>\n","protected":false},"excerpt":{"rendered":"<p>BRASILIA, 9 feb (Xinhua) &#8212; El juez Edson Fachin, del Supremo Tribunal Federal (STF) de Brasil, neg\u00f3 hoy viernes el pedido de medida cautelar (\u00abhabeas corpus\u00bb) del ex presidente Luiz Inacio Lula da Silva para evitar su prisi\u00f3n, hasta agotar todos los recursos de apelaci\u00f3n de la condena a 12 a\u00f1os y un mes de [&hellip;]<\/p>\n","protected":false},"author":3,"featured_media":0,"comment_status":"open","ping_status":"open","sticky":false,"template":"","format":"standard","meta":{"footnotes":""},"categories":[22],"tags":[],"class_list":["post-171296","post","type-post","status-publish","format-standard","hentry","category-politica"],"_links":{"self":[{"href":"https:\/\/diariodominicano.com\/index.php?rest_route=\/wp\/v2\/posts\/171296","targetHints":{"allow":["GET"]}}],"collection":[{"href":"https:\/\/diariodominicano.com\/index.php?rest_route=\/wp\/v2\/posts"}],"about":[{"href":"https:\/\/diariodominicano.com\/index.php?rest_route=\/wp\/v2\/types\/post"}],"author":[{"embeddable":true,"href":"https:\/\/diariodominicano.com\/index.php?rest_route=\/wp\/v2\/users\/3"}],"replies":[{"embeddable":true,"href":"https:\/\/diariodominicano.com\/index.php?rest_route=%2Fwp%2Fv2%2Fcomments&post=171296"}],"version-history":[{"count":0,"href":"https:\/\/diariodominicano.com\/index.php?rest_route=\/wp\/v2\/posts\/171296\/revisions"}],"wp:attachment":[{"href":"https:\/\/diariodominicano.com\/index.php?rest_route=%2Fwp%2Fv2%2Fmedia&parent=171296"}],"wp:term":[{"taxonomy":"category","embeddable":true,"href":"https:\/\/diariodominicano.com\/index.php?rest_route=%2Fwp%2Fv2%2Fcategories&post=171296"},{"taxonomy":"post_tag","embeddable":true,"href":"https:\/\/diariodominicano.com\/index.php?rest_route=%2Fwp%2Fv2%2Ftags&post=171296"}],"curies":[{"name":"wp","href":"https:\/\/api.w.org\/{rel}","templated":true}]}}