{"id":171294,"date":"2018-02-10T16:47:05","date_gmt":"2018-02-10T16:47:05","guid":{"rendered":"http:\/\/diariodominicano.ddns.net\/?p=171294"},"modified":"2018-02-10T16:47:05","modified_gmt":"2018-02-10T16:47:05","slug":"dominicanos-en-el-exterior-rechazan-traslado-padre-rogelio-a-colombia","status":"publish","type":"post","link":"https:\/\/diariodominicano.com\/?p=171294","title":{"rendered":"Dominicanos en el exterior rechazan traslado padre Rogelio a Colombia"},"content":{"rendered":"<p><body><\/p>\n<p><img decoding=\"async\" src=\"img3\/IMG_0935.JPG\" \/><br \/><img decoding=\"async\" src=\"img3\/IMG_0445.JPG\" \/>  <\/p>\n<\/p>\n<p><strong>Por Freddy P. Galarza <\/strong><\/p>\n<\/p>\n<p><strong>New York.-<\/strong> El Movimiento Marcha Verde sostuvo que la iglesia no debe darle la espalda al padre Rogelio Cruz, al considerar que su civismo y accionar de l\u00edder comunitario son una roca angular dentro de la iglesia y sociedad dominicana . <\/p>\n<\/p>\n<p>En un comunicado hecho p\u00fablico y firmado por dicho movimiento de varios estados y ciudades del exterior, se\u00f1alan que a Rogelio, se les quiere exiliar de manera diplom\u00e1tica porque no existe una raz\u00f3n jur\u00eddica para hacerlo \u00bb s\u00f3lo existe un deber cumplido y entrega total a la lucha por el respeto a los derechos humanos\u00bb, significan .<\/p>\n<\/p>\n<p>Sostienen en su comunicaci\u00f3n que ante la notificaci\u00f3n de traslado a Colombia, del padre Rogelio, por orden Salesiana, el pueblo dominicano se levanta en protesta y rechaza contundentemente dicha medida,\u00bb por lo que solicitan a las altas jeraqu\u00edas de la orden, en especial al padre Francisco Batista, superior de la inspector\u00eda para las Antillas, suspender cualquier medida tomada en contra del padre Rogelio \u00ab. <\/p>\n<\/p>\n<p>Exponen que los cat\u00f3licos y no, est\u00e1n convencidos que detr\u00e1s de la decici\u00f3n de traslado del padre Cruz, existe un marcado inter\u00e9s en suprimir su lucha acompa\u00f1ando al pueblo a favor de designar Loma Miranda Parque Nacional y su apoyo a lucha contra la corrupci\u00f3n e impunidad .<\/p>\n<\/p>\n<p>\u00bb Obligar al padre Rogelio, retirarse de lo que todos entendemos ha sido su mayor vocaci\u00f3n, ser\u00eda arrancarle mil veces la vida y restar a los de a pie la esperanza y el refugio en la desgracia de sus miserias, sin autoridades responsables que les escuchen sus reclamos\u00bb, dicen .<\/p>\n<\/p>\n<p>Marcha Verde, record\u00f3 que en los tiempos de Roma, Jes\u00fas de Nazaret, el profecta de los pobres tambi\u00e9n fue perseguido y \u00bb hoy en pleno siglo XX1, en Rep\u00fablica Dominicana el sacerdote de los pobres est\u00e1 siendo obligado ha abandonar sus feligreses, su parroquia y su misi\u00f3n de Don Bosco, a la que sirve por medio de la educaci\u00f3n \u00ab, precis\u00f3 .  <\/p>\n<\/p>\n<p>Expresan que la sotana no hace al monje, que el alma y el coraz\u00f3n de un sacerdote debe estar en el pueblo que lo sigue, en el pueblo que adoctrina, a\u00f1aden, de que es hora que la iglesia cat\u00f3lica no solo se limite a educar de manera pedag\u00f3gica, sino, que tembi\u00e9n sirva de orientadora a los pueblos analfabetos a niven pol\u00edtico y social.<\/p>\n<\/p>\n<p>El documento p\u00fablico est\u00e1 firmado por el Movimiento Marcha Verde de Nueva York, Connecticut, Espa\u00f1a, Massachusetts, Boston, Puerto Rico, Suiza, comit\u00e9 Loma Miranda de Euriopa y Puerto Rico.      <\/p>\n<\/p>\n<p>freddy.galarza@yahoo.com<\/p>\n<\/p>\n<\/p>\n<h6> 2018-02-10 16:47:05 <\/h6>\n<p><!--\n<link rel=\"stylesheet\" href=\"css\/bootstrap.min.css\">\n\n\n<ul class=\"pagination\">\n\t    \n\t\n\n<li >\n\t<a href='?page_no=6613'>Previous<\/a>\n\t<\/li>\n\n\n       \n    \n\n<li><a href='?page_no=1'>1<\/a><\/li>\n\n\n\n<li><a href='?page_no=2'>2<\/a><\/li>\n\n\n\n<li><a>...<\/a><\/li>\n\n\n\n<li><a href='?page_no=6612'>6612<\/a><\/li>\n\n\n\n<li><a href='?page_no=6613'>6613<\/a><\/li>\n\n\n\n<li class='active'><a>6614<\/a><\/li>\n\n\n\n<li><a href='?page_no=6615'>6615<\/a><\/li>\n\n\n\n<li><a href='?page_no=6616'>6616<\/a><\/li>\n\n\n\n<li><a>...<\/a><\/li>\n\n\n\n<li><a href='?page_no=36999'>36999<\/a><\/li>\n\n\n\n<li><a href='?page_no=37000'>37000<\/a><\/li>\n\n    \n\t\n\n<li >\n\t<a href='?page_no=6615'>Next<\/a>\n\t<\/li>\n\n\n    \n\n<li><a href='?page_no=37000'>Last &rsaquo;&rsaquo;<\/a><\/li>\n\n<\/ul>\n\n\n--><br \/>\n<\/body><\/p>\n","protected":false},"excerpt":{"rendered":"<p>Por Freddy P. Galarza New York.- El Movimiento Marcha Verde sostuvo que la iglesia no debe darle la espalda al padre Rogelio Cruz, al considerar que su civismo y accionar de l\u00edder comunitario son una roca angular dentro de la iglesia y sociedad dominicana . En un comunicado hecho p\u00fablico y firmado por dicho movimiento [&hellip;]<\/p>\n","protected":false},"author":3,"featured_media":0,"comment_status":"open","ping_status":"open","sticky":false,"template":"","format":"standard","meta":{"footnotes":""},"categories":[22],"tags":[],"class_list":["post-171294","post","type-post","status-publish","format-standard","hentry","category-politica"],"_links":{"self":[{"href":"https:\/\/diariodominicano.com\/index.php?rest_route=\/wp\/v2\/posts\/171294","targetHints":{"allow":["GET"]}}],"collection":[{"href":"https:\/\/diariodominicano.com\/index.php?rest_route=\/wp\/v2\/posts"}],"about":[{"href":"https:\/\/diariodominicano.com\/index.php?rest_route=\/wp\/v2\/types\/post"}],"author":[{"embeddable":true,"href":"https:\/\/diariodominicano.com\/index.php?rest_route=\/wp\/v2\/users\/3"}],"replies":[{"embeddable":true,"href":"https:\/\/diariodominicano.com\/index.php?rest_route=%2Fwp%2Fv2%2Fcomments&post=171294"}],"version-history":[{"count":0,"href":"https:\/\/diariodominicano.com\/index.php?rest_route=\/wp\/v2\/posts\/171294\/revisions"}],"wp:attachment":[{"href":"https:\/\/diariodominicano.com\/index.php?rest_route=%2Fwp%2Fv2%2Fmedia&parent=171294"}],"wp:term":[{"taxonomy":"category","embeddable":true,"href":"https:\/\/diariodominicano.com\/index.php?rest_route=%2Fwp%2Fv2%2Fcategories&post=171294"},{"taxonomy":"post_tag","embeddable":true,"href":"https:\/\/diariodominicano.com\/index.php?rest_route=%2Fwp%2Fv2%2Ftags&post=171294"}],"curies":[{"name":"wp","href":"https:\/\/api.w.org\/{rel}","templated":true}]}}