{"id":171293,"date":"2018-02-10T16:58:18","date_gmt":"2018-02-10T16:58:18","guid":{"rendered":"http:\/\/diariodominicano.ddns.net\/?p=171293"},"modified":"2018-02-10T16:58:18","modified_gmt":"2018-02-10T16:58:18","slug":"habilitan-en-venezuela-puntos-de-inscripcion-en-registro-electoral","status":"publish","type":"post","link":"https:\/\/diariodominicano.com\/?p=171293","title":{"rendered":"Habilitan en Venezuela puntos de inscripci\u00f3n en registro electoral"},"content":{"rendered":"<p><body><\/p>\n<p><img decoding=\"async\" src=\"img3\/registro-electoral.jpg\" \/>  <\/p>\n<p><strong> Caracas, 10 feb (PL) <\/strong>El Consejo Nacional Electoral (CNE) de Venezuela activ\u00f3 hoy 531 puntos para la inscripci\u00f3n de los ciudadanos aptos para el sufragio en la apertura de la jornada especial de actualizaci\u00f3n del padr\u00f3n de votantes.<\/p>\n<\/p>\n<p>Comenz\u00f3 as\u00ed la primera de las acciones contempladas en el cronograma publicado por el organismo, de cara a los comicios presidenciales convocados para el 22 de abril, en respuesta al decreto de la Asamblea Nacional Constituyente de adelantar el proceso para el primer cuatrimestre de 2018.<\/p>\n<\/p>\n<p>Seg\u00fan la informaci\u00f3n publicada en el portal web del CNE, esta jornada especial de inscripci\u00f3n se extender\u00e1 hasta el 20 de febrero, y podr\u00e1n acceder a ella todas las personas en edad de votar, incluidos los j\u00f3venes que cumplan los 18 a\u00f1os antes de la fecha de los comicios.<\/p>\n<\/p>\n<p>Del 21 al 25 de este mes se publicar\u00e1 el listado provisional del padr\u00f3n electoral, datos que se entregar\u00e1n el d\u00eda 26 a los representantes de las organizaciones con fines pol\u00edticos participantes en la consulta para la respectiva auditor\u00eda.<\/p>\n<\/p>\n<p>La publicaci\u00f3n definitiva tendr\u00e1 lugar entre el 28 de este mes y el 4 de marzo, de acuerdo con el cronograma circulado por el CNE.<\/p>\n<\/p>\n<p>El registro electoral contiene la informaci\u00f3n de las personas con capacidad jur\u00eddica para el sufragio, y permite al organismo rector adscribir a los concurrentes a las urnas al centro de votaci\u00f3n que se corresponda con el \u00e1mbito geogr\u00e1fico de su residencia.<\/p>\n<\/p>\n<p>En cuanto a los electores venezolanos que se encuentren en el extranjero, podr\u00e1n actualizar sus datos a trav\u00e9s de la representaci\u00f3n diplom\u00e1tica ubicada en el pa\u00eds de residencia.<\/p>\n<\/p>\n<p>El CNE estableci\u00f3 la presentaci\u00f3n de las postulaciones para los d\u00edas 26 y 27 de febrero, en tanto la campa\u00f1a electoral de los candidatos a la presidencia comenzar\u00e1 el 2 de abril y culminar\u00e1 el 19 del propio mes, tres d\u00edas antes de la celebraci\u00f3n de los comicios.<\/p>\n<\/p>\n<p>ga\/wup<\/p>\n<h6> 2018-02-10 16:58:18 <\/h6>\n<p><!--\n<link rel=\"stylesheet\" href=\"css\/bootstrap.min.css\">\n\n\n<ul class=\"pagination\">\n\t    \n\t\n\n<li >\n\t<a href='?page_no=6612'>Previous<\/a>\n\t<\/li>\n\n\n       \n    \n\n<li><a href='?page_no=1'>1<\/a><\/li>\n\n\n\n<li><a href='?page_no=2'>2<\/a><\/li>\n\n\n\n<li><a>...<\/a><\/li>\n\n\n\n<li><a href='?page_no=6611'>6611<\/a><\/li>\n\n\n\n<li><a href='?page_no=6612'>6612<\/a><\/li>\n\n\n\n<li class='active'><a>6613<\/a><\/li>\n\n\n\n<li><a href='?page_no=6614'>6614<\/a><\/li>\n\n\n\n<li><a href='?page_no=6615'>6615<\/a><\/li>\n\n\n\n<li><a>...<\/a><\/li>\n\n\n\n<li><a href='?page_no=36999'>36999<\/a><\/li>\n\n\n\n<li><a href='?page_no=37000'>37000<\/a><\/li>\n\n    \n\t\n\n<li >\n\t<a href='?page_no=6614'>Next<\/a>\n\t<\/li>\n\n\n    \n\n<li><a href='?page_no=37000'>Last &rsaquo;&rsaquo;<\/a><\/li>\n\n<\/ul>\n\n\n--><br \/>\n<\/body><\/p>\n","protected":false},"excerpt":{"rendered":"<p>Caracas, 10 feb (PL) El Consejo Nacional Electoral (CNE) de Venezuela activ\u00f3 hoy 531 puntos para la inscripci\u00f3n de los ciudadanos aptos para el sufragio en la apertura de la jornada especial de actualizaci\u00f3n del padr\u00f3n de votantes. Comenz\u00f3 as\u00ed la primera de las acciones contempladas en el cronograma publicado por el organismo, de cara [&hellip;]<\/p>\n","protected":false},"author":3,"featured_media":0,"comment_status":"open","ping_status":"open","sticky":false,"template":"","format":"standard","meta":{"footnotes":""},"categories":[22],"tags":[],"class_list":["post-171293","post","type-post","status-publish","format-standard","hentry","category-politica"],"_links":{"self":[{"href":"https:\/\/diariodominicano.com\/index.php?rest_route=\/wp\/v2\/posts\/171293","targetHints":{"allow":["GET"]}}],"collection":[{"href":"https:\/\/diariodominicano.com\/index.php?rest_route=\/wp\/v2\/posts"}],"about":[{"href":"https:\/\/diariodominicano.com\/index.php?rest_route=\/wp\/v2\/types\/post"}],"author":[{"embeddable":true,"href":"https:\/\/diariodominicano.com\/index.php?rest_route=\/wp\/v2\/users\/3"}],"replies":[{"embeddable":true,"href":"https:\/\/diariodominicano.com\/index.php?rest_route=%2Fwp%2Fv2%2Fcomments&post=171293"}],"version-history":[{"count":0,"href":"https:\/\/diariodominicano.com\/index.php?rest_route=\/wp\/v2\/posts\/171293\/revisions"}],"wp:attachment":[{"href":"https:\/\/diariodominicano.com\/index.php?rest_route=%2Fwp%2Fv2%2Fmedia&parent=171293"}],"wp:term":[{"taxonomy":"category","embeddable":true,"href":"https:\/\/diariodominicano.com\/index.php?rest_route=%2Fwp%2Fv2%2Fcategories&post=171293"},{"taxonomy":"post_tag","embeddable":true,"href":"https:\/\/diariodominicano.com\/index.php?rest_route=%2Fwp%2Fv2%2Ftags&post=171293"}],"curies":[{"name":"wp","href":"https:\/\/api.w.org\/{rel}","templated":true}]}}