{"id":171292,"date":"2018-02-11T07:38:34","date_gmt":"2018-02-11T07:38:34","guid":{"rendered":"http:\/\/diariodominicano.ddns.net\/?p=171292"},"modified":"2018-02-11T07:38:34","modified_gmt":"2018-02-11T07:38:34","slug":"son-los-derechos-humanos-y-la-sociedad-civil-un-negocio","status":"publish","type":"post","link":"https:\/\/diariodominicano.com\/?p=171292","title":{"rendered":"\u00bfSon los derechos humanos y la sociedad civil un negocio?"},"content":{"rendered":"<p><body><\/p>\n<p><img decoding=\"async\" src=\"img3\/madres_plaza_de_mayo_custom_0.jpg\" \/>  <\/p>\n<p>Madres de la Plaza de Mayo<\/p>\n<\/p>\n<p><strong>Rodolfo Cort\u00e9s Calder\u00f3n<\/strong><\/p>\n<p><strong>Foto: Eduardo Tamayo G.<\/strong><\/p>\n<\/p>\n<p><strong>Breve historia represiva imperial en Latinoam\u00e9rica<\/strong><\/p>\n<\/p>\n<\/p>\n<p>El golpe de Estado Militar del 24 de marzo de 1976 contra el gobierno constitucional de Estela Mart\u00ednez de Per\u00f3n, dirigido por el general Jorge Rafael Videla en la Rep\u00fablica de Argentina, marca el mayor acto de terror que haya sufrido el pueblo del pr\u00f3cer Manuel Belgrano, todo enmarcado dentro del Plan C\u00f3ndor que financi\u00f3, instruy\u00f3 y dirigi\u00f3 el gobierno de los Estados Unidos en el Cono Sur y que abarc\u00f3 los gobiernos de Argentina, Brasil, Uruguay, Chile, Paraguay, Per\u00fa y Bolivia, aunque tuvo serias ramificaciones con otros reg\u00edmenes dictatoriales de M\u00e9xico, Honduras, Granada, Hait\u00ed, Guatemala, Colombia y otros.<\/p>\n<\/p>\n<\/p>\n<p>Indudablemente que hay muchas organizaciones merit\u00edsimas como defensoras de los Derechos Humanos en todos nuestros pa\u00edses latinoamericanos, pero no dudamos en reconocer tambi\u00e9n que algunas han sido c\u00f3mplices del imperio gringo y de los gobiernos oprobiosos de algunos de estos Estados.<\/p>\n<p><strong> <\/strong><\/p>\n<p><strong> <\/strong><\/p>\n<p><strong> <\/strong><\/p>\n<p><strong>Los derechos humanos en Argentina<\/strong><\/p>\n<\/p>\n<\/p>\n<p><strong>La Asociaci\u00f3n de Madres y Abuelas de la Plaza de Mayo<\/strong><\/p>\n<p><strong> <\/strong><\/p>\n<\/p>\n<p>Queremos empezar reafirmando nuestra admiraci\u00f3n, reconocimiento y solidaridad por estas indoblegables madres-abuelas defensoras de los derechos humanos de Argentina que en estos momentos enfrentan al pro imperialista gobierno de Mauricio Macri en dos abusos de autoridad, el primero, con el allanamiento ilegal de su propia sede sita en Buenos Aires y su pretendido cierre y, el segundo, con la perversa intencionalidad del r\u00e9gimen de querer destruir la hist\u00f3rica Plaza de Mayo, \u00abremodel\u00e1ndola\u00bb, lugar donde estas dignas y valientes mujeres desde hace 2,160 jueves, sin desmayar, (40 a\u00f1os) emplazan a los diferentes gobiernos militares o civiles exigiendo el aparecimiento, juicio o reparaci\u00f3n de sus familiares desaparecidos. Se les identifica desde su creaci\u00f3n, hasta ahora, por su cabellera plateada y el pa\u00f1uelo blanco en su cabeza.<\/p>\n<\/p>\n<\/p>\n<p>Esta insigne organizaci\u00f3n fue fundada el 30 de abril del a\u00f1o 1977 durante la dictadura del general Rafael Jorge Videla y las primeras madres combativas fueron: Azucena Villaflor, Berta Braverman, Hayde\u00e9 Garc\u00eda Buelas, Mar\u00eda Adela Gard, Julia Gard, Mar\u00eda Mercedes Gard, C\u00e1ndida Felicia Gard (hermanas), Delicia Gonz\u00e1lez, Pepa Garc\u00eda de Noia, Mirta Baravalle, Kety Neuhaus, Raquel Arcushin, Antonia Cisneros, Ada Cota Feingenmuller de Senar y otras. Su actual presidenta es Hebe de Bonafini.<\/p>\n<\/p>\n<\/p>\n<p>Defend\u00edan de las garras de los militares pro imperialistas a sus hijos, hijas, maridos y hoy d\u00eda luchan por la recuperaci\u00f3n de medio millar de nietos y nietas arrancados de las entra\u00f1as de sus hijas asesinadas que fueron \u00abadoptados\u00bb por sus viles secuestradores o familiares c\u00f3mplices.<\/p>\n<\/p>\n<\/p>\n<p>Este grupo de mujeres defensoras de los derechos humanos en Argentina y digno ejemplo para sus similares de Am\u00e9rica y el Mundo cumplieron el a\u00f1o pasado 40 a\u00f1os de lucha enfrentando a reg\u00edmenes militares, pero tambi\u00e9n a gobiernos civiles alineados con el imperio gringo gestor del Plan C\u00f3ndor. Desde su creaci\u00f3n estas madres-abuelas han enfrentado los siguientes gobiernos argentinos: Jorge Rafael Videla, Roberto Eduardo Viola, Leopoldo Fortunato Galtieri, Reynaldo Bignone (Todos Generales Militares); Ra\u00fal Alfons\u00edn, Carlos Sa\u00fal Menem, Fernando De La R\u00faa, Adolfo Rodr\u00edguez Sa\u00e1, Eduardo Duhalde (civiles con mentalidad militarista), Ernesto Kirchner, Cristina Fern\u00e1ndez y Mauricio Macri (el \u00faltimo neoliberal pro imperialista).<\/p>\n<\/p>\n<\/p>\n<p>Tienen las madres-abuelas de la Plaza de Mayo el m\u00e9rito de haber llevado a la c\u00e1rcel a militares generales ex presidentes de facto, violadores de la vida y dignidad humanas como Jorge Rafael Videla, Roberto Eduardo Viola, Leopoldo Fortunato Galtieri, Reynaldo Bignone; a Carlos Sa\u00fal Menem, \u00abcivil\u00bb y m\u00e1s de un centenar de altos oficiales, de un total de 550 militares y civiles que fueron procesados.<\/p>\n<\/p>\n<p><strong> <\/strong><\/p>\n<p><strong> <\/strong><\/p>\n<p><strong> Los Derechos Humanos en Honduras<\/strong><\/p>\n<p><strong> <\/strong><\/p>\n<\/p>\n<p>En Honduras existen actualmente una veintena de organizaciones entre estales y privadas (ONGs) que se dicen defensoras de los derechos humanos y de la dignidad de los hondure\u00f1os. Hay algunas que realmente son un verdadero ejemplo de combatividad y estoicismo, pero otras han hecho de esta digna filosof\u00eda su negocio y son una verg\u00fcenza.  Las hay defensoras de los ni\u00f1os, defensoras de la vida; defensoras de los trabajadores; defensoras de la mujer, de la diversidad sexual; de los derechos ciudadanos; del ambiente y territorios; de las comunidades, de la seguridad alimentaria, etc.<\/p>\n<\/p>\n<\/p>\n<p>Con la represi\u00f3n militarista que se dio a partir de los a\u00f1os 80s, surgieron las primeras organizaciones defensoras de la vida y la dignidad humanas, entre ellas el Comit\u00e9 de Derechos Humanos de Honduras, CODEH (F. 11\/05\/1981). Paralela al CODEH y motivados por este ente surgi\u00f3 en Santa B\u00e1rbara, la Coordinadora de Derechos Humanos de Santa B\u00e1rbara, CODEHSBA, fundada el 10 de mayo de 1982 por algunas de las siguientes personas, unas vivas y otras difuntas: Francisco G\u00e1lvez,  M\u00e1rtir L\u00f3pez, Osm\u00e1n R\u00e1palo, Silverio Mu\u00f1oz, Juan \u00c1ngel Sagastume, Ren\u00e9 Orlando Mu\u00f1oz, \u00d3scar Humberto Mej\u00eda, Patrocinio Mart\u00ednez, Bertilio Menc\u00eda, Silverio Mu\u00f1oz, Leandro Mercado, Humberto Perdomo y los religiosos Jos\u00e9 Luis V\u00e9lez, V\u00edctor Manuel Cort\u00e9s y Mar\u00eda Dennise Dubois. Esta \u00faltima religiosa de la Congregaci\u00f3n de Nuestra Se\u00f1ora (Notre Dam), ya difunta. Fue la ide\u00f3loga y asesora de la Coordinadora ya que ella trabaj\u00f3 muy de cerca con las organizaciones populares en los a\u00f1os 70s durante la represi\u00f3n promovida por el dictador de Chile, Augusto Pinochet Ugarte. Gracias a su fina labor, que siempre agradecimos, ninguno del equipo sucumbi\u00f3 a pesar de que eran los aciagos tiempos de la Seguridad Nacional en Honduras dirigidos por los asesinos Roberto Suazo C\u00f3rdova, presidente del r\u00e9gimen y el general Gustavo Adolfo \u00c1lvarez Mart\u00ednez, Jefe de las Fuerzas Armadas. Todo dentro de la pol\u00edtica estadounidense llamada Plan C\u00f3ndor. La Coordinadora a pesar de que sincronizaba algunas acciones con el CODEH, fue siempre independiente y auton\u00f3mica en su accionar. Ning\u00fan miembro de esta organizaci\u00f3n recib\u00eda un centavo de pago, todos trabajaban voluntaria y responsablemente por amor al pueblo y a la Patria. El reverendo Jos\u00e9 Luis V\u00e9lez, era s\u00f3lo el administrador de los magros fondos provenientes de la solidaridad internacional. Se defend\u00eda a las organizaciones campesinas; se luchaba contra el servicio militar obligatorio; se visitaban los presos pol\u00edticos; se ayudaba a las familias afectadas; se apoyaban las tomas campesinas; se denunciaba p\u00fablicamente a los gobiernos y las FFAA; se presentaban habeas corpus y hubo infinidad de capacitaciones para promotores y procuradores en derechos humanos y conocimiento de la Constituci\u00f3n de Honduras. Eran tiempos de fuerte represi\u00f3n, desaparecidos, asesinatos y cateos a los centros e iglesias cat\u00f3licas comprometidas con la justicia, la paz y los derechos humanos como Las Milpas, El Yunque, La Comena, La Fragua, la Granja de Sensenti,  Cataguana, en fin.<\/p>\n<\/p>\n<\/p>\n<p>Posteriormente surgi\u00f3 el Comit\u00e9 de Familiares de Detenidos y Desaparecidos de Honduras, COFADEH (F. 30\/11\/1982) que en aquellos tiempos hac\u00eda un trabajo aguerrido y comprometido con su causa.<\/p>\n<\/p>\n<\/p>\n<p>En esos a\u00f1os sucedi\u00f3 el asesinato y desaparici\u00f3n de nuestros amigos y compa\u00f1eros de estudio, trabajo y de ideales: Miguel \u00c1ngel Pav\u00f3n, Guadalupe (James) Carney, Manfredo Vel\u00e1squez Rodr\u00edguez, Pablo Luna, Juan Ram\u00f3n Dermith, Jorge Alberto Maldonado, Osman Rodr\u00edguez y otros de merit\u00edsimo recuerdo entre m\u00e1s de doscientas personas.<\/p>\n<\/p>\n<\/p>\n<p>M\u00e1s recientemente han surgido otras organizaciones y algunas de las originales se desnaturalizaron, como el CODEH y las estatales entre ellas el Comisionado Nacional de los Derechos Humanos, CONADEH, que ha sido un nido de ratas y de ocultos intereses, junto con el Ministerio de Derechos Humanos creado durante el r\u00e9gimen de Porfirio Lobo Sosa para tapar el golpe de Estado, eliminado por el dictador Juan Orlando Hern\u00e1ndez, JOH, y reabierto hace unas semanas por \u00e9l mismo para su objetivo dictatorial. Todos un fiasco, sustentados y alineados por el dictador para afianzar su ilegal y fraudulenta reelecci\u00f3n.<\/p>\n<\/p>\n<\/p>\n<p>Dentro de las organizaciones m\u00e1s recientes que merecen todo nuestro respeto y admiraci\u00f3n por no claudicar a su labor en defensa de los derechos humanos y civiles est\u00e1n el MADJ, CASA ALIANZA, FIAN-H, CIPRODEH, C-LIBRE, ERIC-RP y varios Centros De Derechos De La Mujer.<\/p>\n<\/p>\n<p><strong> <\/strong><\/p>\n<p><strong>La sociedad civil hondure\u00f1a<\/strong><\/p>\n<\/p>\n<\/p>\n<p>Pero hace algunos a\u00f1os, no m\u00e1s de una d\u00e9cada, han surgido, como hongos en la entrada del invierno, unas organizaciones muy raras, la mayor\u00eda de malet\u00edn, que se hacen llamar organizaciones de la sociedad civil sin que usted sepa quien las eligi\u00f3 o quien vot\u00f3 por ellas para que nos representen. El mundillo pol\u00edtico hondure\u00f1o est\u00e1 plagado de estos bichos que asumen a nombre de todo un pueblo su liderazgo y se acoplan descaradamente ante cualquier poder, aunque prefieren los gobiernos de facto porque en ellos pueden ocultar y nutrir sus verdaderas intenciones capitalistas.<\/p>\n<\/p>\n<\/p>\n<p>Si actuamos de manera racional dir\u00edamos que las verdaderas organizaciones de la sociedad civil son los gremios profesionales, los sindicatos obreros y campesinos; los patronatos comunitarios que funcionan de manera aut\u00f3noma e independiente. Las dem\u00e1s son organizaciones privadas de desarrollo, OPD, u organizaciones no gubernamentales, ONG, con fines de lucro muy subliminales que responden a intereses de quien las financia; lo mismo los partidos pol\u00edticos que tienen due\u00f1os que los manipulan y las iglesias, que responden a sus \u00abl\u00edderes religiosos\u00bb y que dentro de un estado laico no deber\u00edan tener cabida como miembros de la sociedad civil.<\/p>\n<\/p>\n<p><strong> <\/strong><\/p>\n<p><strong>Conclusiones<\/strong><\/p>\n<\/p>\n<\/p>\n<p>1.     Nuestro inmenso reconocimiento a la labor de la Asociaci\u00f3n de Madres-Abuelas de la Plaza De Mayo, de la Rep\u00fablica Argentina, que han puesto toda la carne en el asador logrando juicios y el encarcelamiento de m\u00e1s de media docena de presidentes de facto y civiles .<\/p>\n<\/p>\n<\/p>\n<p>2.     Exhortamos a las organizaciones hondure\u00f1as comprometidas con la defensa de los derechos humanos a seguir el digno ejemplo de las madres-abuelas argentinas y no ceder en lograr juicio y c\u00e1rcel para tanto asesino se\u00f1alado empezando por los presidentes Roberto Suazo C\u00f3rdova hasta Juan Orlando Hern\u00e1ndez  y no claudicar en la intenci\u00f3n de llevar a juicio y c\u00e1rcel a todos los militares que resultaren implicados desde los tiempos de Gustavo Adolfo \u00c1lvarez Mart\u00ednez hasta Ren\u00e9 Orlando Ponce Fonseca, actual Jefe del Estado Mayor de las FF.AA., incluyendo otros altos oficiales del Ej\u00e9rcito y la Polic\u00eda Nacional, asesinos de m\u00e1s de un centenar de ciudadanos durante el golpe de Estado 2009 y los asesinatos de personas durante el fraude electoral y represi\u00f3n de diciembre 2017 y de los meses que van del 2018. No permitamos que organizaciones que se llaman de \u00abderechos humanos\u00bb o de la mal llamada \u00absociedad civil\u00bb hagan negocio con el sufrimiento y dolor de nuestro pueblo.<\/p>\n<\/p>\n<\/p>\n<p>3.     En casi todos los pa\u00edses de Am\u00e9rica Latina se ha enjuiciado a ex presidentes corruptos y asesinos, militares o civiles, pero en Honduras a pesar de tanta ignominia ninguno de estos saqueadores y asesinos ha sido castigado en las erg\u00e1stulas. No incluimos el caso del ex presidente Rafael Leonardo Callejas Romero, porque quien lo tiene con un grillete en el pie en Estados Unidos, no son las autoridades hondure\u00f1as, sino el gobierno estadounidense por el Esc\u00e1ndalo FIFA, mientras en Honduras se le considera como el corrupto No. 1.<\/p>\n<\/p>\n<\/p>\n<p>4.     No debemos caer nuevamente en trampas, ni de la OEA, ni de la ONU. Apreciamos el comunicado y el contenido de exigencias de la Alianza Opositora contra la Dictadura, entregado el 07 de febrero 2018 a los tres miembros de la Misi\u00f3n Exploradora de las Naciones Unidas y exigimos a Salvador Nasralla Salum y a Jos\u00e9 Manuel Zelaya Rosales mantenerse impert\u00e9rritos y coherentes.<\/p>\n<\/p>\n<\/p>\n<p>5.     Rechazamos la intromisi\u00f3n de otras personas en el di\u00e1logo que s\u00f3lo compete a los partidos Nacional y Alianza Opositora. Los dem\u00e1s son bazofias orlandistas acomodadas contra el pueblo.<\/p>\n<\/p>\n<\/p>\n<p>6.     Animamos a la ciudadan\u00eda hondure\u00f1a, principalmente a la juventud comprometida de todos los partidos pol\u00edticos y movimientos sociales y gremiales a no bajar ni los brazos, ni la guardia.<\/p>\n<\/p>\n<\/p>\n<p>\u00a1La luz al final del t\u00fanel que nos garantizar\u00e1 un mejor futuro est\u00e1 cerca, pero no depende de comisiones extranjeras, ni de imperialistas, sino de la digna y pensante ciudadan\u00eda hondure\u00f1a, principalmente la juventud!<\/p>\n<\/p>\n<\/p>\n<p><strong>8 de febrero de 2018<\/strong><\/p>\n<\/p>\n<p>https:\/\/www.alainet.org\/es\/articulo\/190960<\/p>\n<p><strong>             <\/strong><\/p>\n<p><strong>Del mismo autor<\/strong><\/p>\n<p>\u00bfSon los derechos humanos y la sociedad civil un negocio?    09\/02\/2018<\/p>\n<p>El miedo de los cachurecos    20\/12\/2017<\/p>\n<p>Honduras: urge segunda vuelta y di\u00e1logo    07\/12\/2017<\/p>\n<p>Honduras: A ocho a\u00f1os de dictadura la juventud sigue combativa    04\/12\/2017<\/p>\n<p>Observadores o conservadores    23\/11\/2017<\/p>\n<p>\u00a1Todos con Venezuela y su constituyente!    28\/07\/2017<\/p>\n<p>Un pa\u00eds de tragedia en tragedia    31\/05\/2017<\/p>\n<p>Quimist\u00e1n y el estado de Honduras: entre la ilegalidad e impunidad    16\/05\/2017<\/p>\n<p>De \u00abangelitos\u00bb a verdaderos diablos delincuentes    20\/03\/2017<\/p>\n<p>Un mill\u00f3n por radio Progreso    16\/12\/2016<\/p>\n<h6> 2018-02-11 07:38:34 <\/h6>\n<p><!--\n<link rel=\"stylesheet\" href=\"css\/bootstrap.min.css\">\n\n\n<ul class=\"pagination\">\n\t    \n\t\n\n<li >\n\t<a href='?page_no=6611'>Previous<\/a>\n\t<\/li>\n\n\n       \n    \n\n<li><a href='?page_no=1'>1<\/a><\/li>\n\n\n\n<li><a href='?page_no=2'>2<\/a><\/li>\n\n\n\n<li><a>...<\/a><\/li>\n\n\n\n<li><a href='?page_no=6610'>6610<\/a><\/li>\n\n\n\n<li><a href='?page_no=6611'>6611<\/a><\/li>\n\n\n\n<li class='active'><a>6612<\/a><\/li>\n\n\n\n<li><a href='?page_no=6613'>6613<\/a><\/li>\n\n\n\n<li><a href='?page_no=6614'>6614<\/a><\/li>\n\n\n\n<li><a>...<\/a><\/li>\n\n\n\n<li><a href='?page_no=36999'>36999<\/a><\/li>\n\n\n\n<li><a href='?page_no=37000'>37000<\/a><\/li>\n\n    \n\t\n\n<li >\n\t<a href='?page_no=6613'>Next<\/a>\n\t<\/li>\n\n\n    \n\n<li><a href='?page_no=37000'>Last &rsaquo;&rsaquo;<\/a><\/li>\n\n<\/ul>\n\n\n--><br \/>\n<\/body><\/p>\n","protected":false},"excerpt":{"rendered":"<p>Madres de la Plaza de Mayo Rodolfo Cort\u00e9s Calder\u00f3n Foto: Eduardo Tamayo G. Breve historia represiva imperial en Latinoam\u00e9rica El golpe de Estado Militar del 24 de marzo de 1976 contra el gobierno constitucional de Estela Mart\u00ednez de Per\u00f3n, dirigido por el general Jorge Rafael Videla en la Rep\u00fablica de Argentina, marca el mayor acto [&hellip;]<\/p>\n","protected":false},"author":3,"featured_media":0,"comment_status":"open","ping_status":"open","sticky":false,"template":"","format":"standard","meta":{"footnotes":""},"categories":[22],"tags":[],"class_list":["post-171292","post","type-post","status-publish","format-standard","hentry","category-politica"],"_links":{"self":[{"href":"https:\/\/diariodominicano.com\/index.php?rest_route=\/wp\/v2\/posts\/171292","targetHints":{"allow":["GET"]}}],"collection":[{"href":"https:\/\/diariodominicano.com\/index.php?rest_route=\/wp\/v2\/posts"}],"about":[{"href":"https:\/\/diariodominicano.com\/index.php?rest_route=\/wp\/v2\/types\/post"}],"author":[{"embeddable":true,"href":"https:\/\/diariodominicano.com\/index.php?rest_route=\/wp\/v2\/users\/3"}],"replies":[{"embeddable":true,"href":"https:\/\/diariodominicano.com\/index.php?rest_route=%2Fwp%2Fv2%2Fcomments&post=171292"}],"version-history":[{"count":0,"href":"https:\/\/diariodominicano.com\/index.php?rest_route=\/wp\/v2\/posts\/171292\/revisions"}],"wp:attachment":[{"href":"https:\/\/diariodominicano.com\/index.php?rest_route=%2Fwp%2Fv2%2Fmedia&parent=171292"}],"wp:term":[{"taxonomy":"category","embeddable":true,"href":"https:\/\/diariodominicano.com\/index.php?rest_route=%2Fwp%2Fv2%2Fcategories&post=171292"},{"taxonomy":"post_tag","embeddable":true,"href":"https:\/\/diariodominicano.com\/index.php?rest_route=%2Fwp%2Fv2%2Ftags&post=171292"}],"curies":[{"name":"wp","href":"https:\/\/api.w.org\/{rel}","templated":true}]}}