{"id":171291,"date":"2018-02-11T07:55:26","date_gmt":"2018-02-11T07:55:26","guid":{"rendered":"http:\/\/diariodominicano.ddns.net\/?p=171291"},"modified":"2018-02-11T07:55:26","modified_gmt":"2018-02-11T07:55:26","slug":"los-datos-y-calculos-electorales-y-la-conciencia","status":"publish","type":"post","link":"https:\/\/diariodominicano.com\/?p=171291","title":{"rendered":"&#13;Los datos y c\u00e1lculos electorales&#8230; y la conciencia"},"content":{"rendered":"<p><body><\/p>\n<p><img decoding=\"async\" src=\"img3\/movimientos_costa_rica.jpg\" \/>  <\/p>\n<p><strong>H\u00e9ctor Ferlini-Salazar<\/strong><\/p>\n<\/p>\n<p>movimientos costa rica.jpg<\/p>\n<\/p>\n<p>Desde cualquier punto de vista que se mire, el proceso electoral 2018 en Costa Rica ha significado un socoll\u00f3n pol\u00edtico. El ascenso de una opci\u00f3n de gobierno con marca religiosa no estaba contemplada. En mi art\u00edculo \u00abCuatro claves para una elecci\u00f3n\u00bb, publicada en SURCOS el 26 de enero, coment\u00e9 que los temas de la corrupci\u00f3n y de los derechos humanos hab\u00edan disparado las candidaturas de Juan Diego Castro y Fabricio Alvarado respectivamente; a la postre este \u00faltimo result\u00f3 ganador de la primera vuelta.<\/p>\n<\/p>\n<\/p>\n<p>Los datos obtenidos, las declaraciones que provienen de representantes de las opciones electorales descartadas para la segunda ronda, y especialmente, el renacimiento de un compromiso ciudadano que se expresa en redes digitales con la creaci\u00f3n de m\u00faltiples grupos con tono pluralista y en el activismo palpable que busca evitar un gobierno dirigido por una religi\u00f3n altamente conservadora, augura un gane amplio de Carlos Alvarado para otorgar cuatro a\u00f1os nuevos de gobierno al PAC.<\/p>\n<\/p>\n<\/p>\n<p>Ser\u00e1, muy probablemente (si ese compromiso ciudadano se mantiene y aumenta conforme se acerque el 1 de abril), un triunfo contundente de Carlos Alvarado que enviar\u00e1 al pa\u00eds al menos dos mensajes: a) las opciones fundamentalistas no tienen hoy viabilidad pol\u00edtica para llegar al Poder Ejecutivo en Costa Rica, b) las bancadas del PLN y del PUSC tendr\u00e1n que tener mucho cuidado con las alianzas que hagan con Restauraci\u00f3n Nacional en la Asamblea Legislativa si desean renacer como opciones electorales, pues habr\u00e1 una ciudadan\u00eda que ya no estar\u00e1 atada a sus partidos. Tendr\u00e1n que asumir con responsabilidad los grandes temas como el problema fiscal, el sistema de seguridad social (incluye educaci\u00f3n, salud, recreaci\u00f3n y otros), la protecci\u00f3n de los derechos humanos, el agua, para citar los m\u00e1s apremiantes y que concentran la mirada ciudadana.<\/p>\n<\/p>\n<\/p>\n<p>\u00bfPero qu\u00e9 ocurrir\u00e1 si este compromiso ciudadano que hoy observamos en redes digitales se acaba el 1 de abril? Para responder quiero comentar tres experiencias vividas recientemente en mis constantes actividades en comunidades para trabajar el tema de la construcci\u00f3n de cultura de ciudadan\u00eda y democracia participativa. En la Zona Sur, durante un taller en setiembre, un participante dirigente sindical del sector de peque\u00f1a agricultura, aprovech\u00f3 su comentario sobre el tema del encuentro para arremeter contra \u00abla ideolog\u00eda de g\u00e9nero y las gu\u00edas de educaci\u00f3n sexual\u00bb. En la Zona Norte, en octubre, en otra actividad, una compa\u00f1era de larga lucha y compromiso con los derechos de las mujeres campesinas habl\u00f3 tambi\u00e9n contra las gu\u00edas para promover la afectividad y la sexualidad integral. En Lim\u00f3n, en las semanas finales de 2017, otro participante de las actividades que promuevo en torno al tema de construcci\u00f3n de cultura de ciudadan\u00eda y democracia participativa, dirigente comunal de larga trayectoria y participante de muchas organizaciones comunitarias, igualmente se pronunci\u00f3 en contra de los temas relacionados con la sexualidad. En esas fechas no se conoc\u00eda el pronunciamiento de la Corte Interamericana de Derechos Humanos acerca del matrimonio igualitario. Como vemos, todas son personas comprometidas con su gente y sus comunidades, ninguna ten\u00eda una argumentaci\u00f3n consistente para sus discursos, pero los asumen plenamente y los defienden a viva voz porque los mensajes difundidos desde fuerzas pol\u00edticas y medios de persuasi\u00f3n no son inocentes y est\u00e1n dise\u00f1ados para ser incorporados. El compromiso social no siempre implica conciencia pol\u00edtica.<\/p>\n<\/p>\n<\/p>\n<p>\u00bfEs suficiente entonces si se gana esta elecci\u00f3n de Carlos Alvarado? \u00bfSe rendir\u00e1n las fuerzas que impulsan esos temas y otras ideas como que el problema del d\u00e9ficit fiscal est\u00e1 en los programas sociales que gastan mucho y no en la evasi\u00f3n, la elusi\u00f3n y un sistema tributario injusto? \u00bfQu\u00e9 vendr\u00e1 despu\u00e9s? Como lo propuse en el texto \u00abLa fuerza nace desde las comunidades\u00bb (2011), la construcci\u00f3n de una fuerza social transformadora que oriente al pa\u00eds por una ruta de justicia social, implica dos ingredientes claves: ? Elevar la conciencia del pueblo, esto es, desarrollar un proceso educativo para lograr una clara comprensi\u00f3n de los problemas, sus causas profundas, y las soluciones. ? Elevar la calidad organizacional, lo cual implica, m\u00e1s gente participando conscientemente en las organizaciones sociales y comunitarias con \u00e1nimo plural, y mejor articulaci\u00f3n entre los grupos.<\/p>\n<\/p>\n<\/p>\n<p>Esta tarea, que es la tarea de construir una sociedad nueva basada en la justicia y el respeto a los derechos de cada persona, no se hace desde las redes digitales que si son \u00fatiles como medios de difusi\u00f3n, pero la construcci\u00f3n de conciencia pol\u00edtica implica un cara a cara, una comunicaci\u00f3n directa para palpar la realidad de cada comunidad y de cada persona, desentra\u00f1ar ideas, percepciones y vibraciones para comprender por qu\u00e9 una persona acepta y divulga determinadas ideas y estar en capacidad de construir una respuesta inteligente a partir de la credibilidad que provee la cercan\u00eda humana. Esas ideas, percepciones y vibraciones solo se comprenden en la vivencia concreta, no por la v\u00eda digital, y en esa vivencia concreta, se descubre los elementos que pueden generar rupturas culturales y construir, primero, conciencia social, y luego, conciencia pol\u00edtica, es decir, reconocimiento del rol o papel que se tiene en la din\u00e1mica de poder y definir si se desea seguir con ese papel o se quiere transformar en uni\u00f3n con las personas cercanas. Por eso la fuerza nace desde las comunidades. No hay que ver esta frase con dramatismo y argumentar que \u00abno tengo tiempo\u00bb, pues todas las personas tenemos una o varias comunidades: habitacional, laboral, familiar, deportiva, art\u00edstica, estudiantil&#8230; donde podemos sembrar con inteligencia la semilla de la conciencia y cuidar que germine y se multiplique.<\/p>\n<\/p>\n<\/p>\n<p>Hay que ganar esta elecci\u00f3n porque se reconoce la calidad del candidato, porque se siente identificaci\u00f3n con el programa, o porque se quiere evitar el triunfo del fundamentalismo religioso, pero luego la tarea sigue&#8230; desde las comunidades.<\/p>\n<\/p>\n<\/p>\n<blockquote class=\"wp-embedded-content\" data-secret=\"G2SL7KkBHu\"><p><a href=\"https:\/\/surcosdigital.com\/los-datos-y-calculos-electorales-y-la-conciencia\/\">Los datos y c\u00e1lculos electorales\u2026 y la conciencia<\/a><\/p><\/blockquote>\n<p><iframe loading=\"lazy\" class=\"wp-embedded-content\" sandbox=\"allow-scripts\" security=\"restricted\" style=\"position: absolute; visibility: hidden;\" title=\"\u00abLos datos y c\u00e1lculos electorales\u2026 y la conciencia\u00bb \u2014 SURCOS Digital\" src=\"https:\/\/surcosdigital.com\/los-datos-y-calculos-electorales-y-la-conciencia\/embed\/#?secret=7QUB8lIuWI#?secret=G2SL7KkBHu\" data-secret=\"G2SL7KkBHu\" width=\"600\" height=\"338\" frameborder=\"0\" marginwidth=\"0\" marginheight=\"0\" scrolling=\"no\"><\/iframe><\/p>\n<\/p>\n<\/p>\n<p>https:\/\/www.alainet.org\/es\/articulo\/190953<\/p>\n<\/p>\n<p>Del mismo autor<\/p>\n<p>Los datos y c\u00e1lculos electorales&#8230; y la conciencia    09\/02\/2018<\/p>\n<p>Los derechos de la ni\u00f1ez y la adolescencia, las juventudes, y la participaci\u00f3n en pol\u00edtica p\u00fablica    22\/12\/2017<\/p>\n<p>La renuncia a hacer campa\u00f1a y el repliegue t\u00e1ctico del PLN    12\/03\/2014<\/p>\n<p>Dos razones para una coalici\u00f3n    19\/06\/2013<\/p>\n<h6> 2018-02-11 07:55:26 <\/h6>\n<p><!--\n<link rel=\"stylesheet\" href=\"css\/bootstrap.min.css\">\n\n\n<ul class=\"pagination\">\n\t    \n\t\n\n<li >\n\t<a href='?page_no=6610'>Previous<\/a>\n\t<\/li>\n\n\n       \n    \n\n<li><a href='?page_no=1'>1<\/a><\/li>\n\n\n\n<li><a href='?page_no=2'>2<\/a><\/li>\n\n\n\n<li><a>...<\/a><\/li>\n\n\n\n<li><a href='?page_no=6609'>6609<\/a><\/li>\n\n\n\n<li><a href='?page_no=6610'>6610<\/a><\/li>\n\n\n\n<li class='active'><a>6611<\/a><\/li>\n\n\n\n<li><a href='?page_no=6612'>6612<\/a><\/li>\n\n\n\n<li><a href='?page_no=6613'>6613<\/a><\/li>\n\n\n\n<li><a>...<\/a><\/li>\n\n\n\n<li><a href='?page_no=36999'>36999<\/a><\/li>\n\n\n\n<li><a href='?page_no=37000'>37000<\/a><\/li>\n\n    \n\t\n\n<li >\n\t<a href='?page_no=6612'>Next<\/a>\n\t<\/li>\n\n\n    \n\n<li><a href='?page_no=37000'>Last &rsaquo;&rsaquo;<\/a><\/li>\n\n<\/ul>\n\n\n--><br \/>\n<\/body><\/p>\n","protected":false},"excerpt":{"rendered":"<p>H\u00e9ctor Ferlini-Salazar movimientos costa rica.jpg Desde cualquier punto de vista que se mire, el proceso electoral 2018 en Costa Rica ha significado un socoll\u00f3n pol\u00edtico. El ascenso de una opci\u00f3n de gobierno con marca religiosa no estaba contemplada. En mi art\u00edculo \u00abCuatro claves para una elecci\u00f3n\u00bb, publicada en SURCOS el 26 de enero, coment\u00e9 que [&hellip;]<\/p>\n","protected":false},"author":3,"featured_media":0,"comment_status":"open","ping_status":"open","sticky":false,"template":"","format":"standard","meta":{"footnotes":""},"categories":[22],"tags":[],"class_list":["post-171291","post","type-post","status-publish","format-standard","hentry","category-politica"],"_links":{"self":[{"href":"https:\/\/diariodominicano.com\/index.php?rest_route=\/wp\/v2\/posts\/171291","targetHints":{"allow":["GET"]}}],"collection":[{"href":"https:\/\/diariodominicano.com\/index.php?rest_route=\/wp\/v2\/posts"}],"about":[{"href":"https:\/\/diariodominicano.com\/index.php?rest_route=\/wp\/v2\/types\/post"}],"author":[{"embeddable":true,"href":"https:\/\/diariodominicano.com\/index.php?rest_route=\/wp\/v2\/users\/3"}],"replies":[{"embeddable":true,"href":"https:\/\/diariodominicano.com\/index.php?rest_route=%2Fwp%2Fv2%2Fcomments&post=171291"}],"version-history":[{"count":0,"href":"https:\/\/diariodominicano.com\/index.php?rest_route=\/wp\/v2\/posts\/171291\/revisions"}],"wp:attachment":[{"href":"https:\/\/diariodominicano.com\/index.php?rest_route=%2Fwp%2Fv2%2Fmedia&parent=171291"}],"wp:term":[{"taxonomy":"category","embeddable":true,"href":"https:\/\/diariodominicano.com\/index.php?rest_route=%2Fwp%2Fv2%2Fcategories&post=171291"},{"taxonomy":"post_tag","embeddable":true,"href":"https:\/\/diariodominicano.com\/index.php?rest_route=%2Fwp%2Fv2%2Ftags&post=171291"}],"curies":[{"name":"wp","href":"https:\/\/api.w.org\/{rel}","templated":true}]}}