{"id":171288,"date":"2018-02-11T12:05:45","date_gmt":"2018-02-11T12:05:45","guid":{"rendered":"http:\/\/diariodominicano.ddns.net\/?p=171288"},"modified":"2018-02-11T12:05:45","modified_gmt":"2018-02-11T12:05:45","slug":"mpd-realizara-acto-para-conmemorar-el-62-aniversario-de-su-fundacion","status":"publish","type":"post","link":"https:\/\/diariodominicano.com\/?p=171288","title":{"rendered":"MPD realizar\u00e1 acto para conmemorar el 62 aniversario de su fundaci\u00f3n"},"content":{"rendered":"<p><body><\/p>\n<p><img decoding=\"async\" src=\"img3\/mpd12.jpg\" \/>  <\/p>\n<p>SANTO DOMINGO. El Movimiento Popular Dominicano (MPD) anunci\u00f3 que el pr\u00f3ximo domingo 18 de febrero realizar\u00e1 un acto pol\u00edtico-cultural para conmemorar el 62 aniversario de su fundaci\u00f3n, el 20 de febrero de 1956, en La Habana, Cuba.<\/p>\n<\/p>\n<p>Mediante una nota de prensa de su Comisi\u00f3n Pol\u00edtica, firmada por su vocero nacional, profesor Higinio B\u00e1ez, la organizaci\u00f3n de izquierda m\u00e1s antigua del pa\u00eds, inform\u00f3 que la actividad se efectuar\u00e1 en el Centro Cultural Narciso Gonz\u00e1lez, ubicado en la calle Am\u00e9rico Lugo esquina Marcos Ad\u00f3n, en el sector de Villa Juana, en el Distrito Nacional, a partir de las 10:00 de la ma\u00f1ana.<\/p>\n<\/p>\n<p>B\u00e1ez indic\u00f3 que en el acto se dar\u00e1 a conocer la t\u00e1ctica pol\u00edtica aprobada en el \u00abOctavo Congreso Ernesto Che Guevara\u00bb, que concluy\u00f3 el pasado mes de octubre, luego de un proceso interno de investigaci\u00f3n, an\u00e1lisis y debates de la situaci\u00f3n pol\u00edtica nacional e internacional.<\/p>\n<\/p>\n<p>Agrega el vocero del MPD, que tambi\u00e9n se presentar\u00e1 los nuevos voceros p\u00fablicos, nacional y en el Gran Santo Domingo, de cara al proceso de consolidaci\u00f3n y fortalecimiento org\u00e1nico y de la unidad revolucionaria que promueve la organizaci\u00f3n de izquierda.<\/p>\n<\/p>\n<p>Higinio B\u00e1ez sostuvo que el MPD se reafirma en \u00absu irrenunciable compromiso de seguir resistiendo como pueblo organizado el gran mal que significa el modelo neoliberal y el sistema capitalista que afecta a las grandes mayor\u00edas. Al tiempo que, conectado con su pasado de gloria y hero\u00edsmo, jura seguir trabajando por la construcci\u00f3n del poder popular y el socialismo\u00bb.<\/p>\n<h6> 2018-02-11 12:05:45 <\/h6>\n<p><!--\n<link rel=\"stylesheet\" href=\"css\/bootstrap.min.css\">\n\n\n<ul class=\"pagination\">\n\t    \n\t\n\n<li >\n\t<a href='?page_no=6608'>Previous<\/a>\n\t<\/li>\n\n\n       \n    \n\n<li><a href='?page_no=1'>1<\/a><\/li>\n\n\n\n<li><a href='?page_no=2'>2<\/a><\/li>\n\n\n\n<li><a>...<\/a><\/li>\n\n\n\n<li><a href='?page_no=6607'>6607<\/a><\/li>\n\n\n\n<li><a href='?page_no=6608'>6608<\/a><\/li>\n\n\n\n<li class='active'><a>6609<\/a><\/li>\n\n\n\n<li><a href='?page_no=6610'>6610<\/a><\/li>\n\n\n\n<li><a href='?page_no=6611'>6611<\/a><\/li>\n\n\n\n<li><a>...<\/a><\/li>\n\n\n\n<li><a href='?page_no=36999'>36999<\/a><\/li>\n\n\n\n<li><a href='?page_no=37000'>37000<\/a><\/li>\n\n    \n\t\n\n<li >\n\t<a href='?page_no=6610'>Next<\/a>\n\t<\/li>\n\n\n    \n\n<li><a href='?page_no=37000'>Last &rsaquo;&rsaquo;<\/a><\/li>\n\n<\/ul>\n\n\n--><br \/>\n<\/body><\/p>\n","protected":false},"excerpt":{"rendered":"<p>SANTO DOMINGO. El Movimiento Popular Dominicano (MPD) anunci\u00f3 que el pr\u00f3ximo domingo 18 de febrero realizar\u00e1 un acto pol\u00edtico-cultural para conmemorar el 62 aniversario de su fundaci\u00f3n, el 20 de febrero de 1956, en La Habana, Cuba. Mediante una nota de prensa de su Comisi\u00f3n Pol\u00edtica, firmada por su vocero nacional, profesor Higinio B\u00e1ez, la [&hellip;]<\/p>\n","protected":false},"author":3,"featured_media":0,"comment_status":"open","ping_status":"open","sticky":false,"template":"","format":"standard","meta":{"footnotes":""},"categories":[22],"tags":[],"class_list":["post-171288","post","type-post","status-publish","format-standard","hentry","category-politica"],"_links":{"self":[{"href":"https:\/\/diariodominicano.com\/index.php?rest_route=\/wp\/v2\/posts\/171288","targetHints":{"allow":["GET"]}}],"collection":[{"href":"https:\/\/diariodominicano.com\/index.php?rest_route=\/wp\/v2\/posts"}],"about":[{"href":"https:\/\/diariodominicano.com\/index.php?rest_route=\/wp\/v2\/types\/post"}],"author":[{"embeddable":true,"href":"https:\/\/diariodominicano.com\/index.php?rest_route=\/wp\/v2\/users\/3"}],"replies":[{"embeddable":true,"href":"https:\/\/diariodominicano.com\/index.php?rest_route=%2Fwp%2Fv2%2Fcomments&post=171288"}],"version-history":[{"count":0,"href":"https:\/\/diariodominicano.com\/index.php?rest_route=\/wp\/v2\/posts\/171288\/revisions"}],"wp:attachment":[{"href":"https:\/\/diariodominicano.com\/index.php?rest_route=%2Fwp%2Fv2%2Fmedia&parent=171288"}],"wp:term":[{"taxonomy":"category","embeddable":true,"href":"https:\/\/diariodominicano.com\/index.php?rest_route=%2Fwp%2Fv2%2Fcategories&post=171288"},{"taxonomy":"post_tag","embeddable":true,"href":"https:\/\/diariodominicano.com\/index.php?rest_route=%2Fwp%2Fv2%2Ftags&post=171288"}],"curies":[{"name":"wp","href":"https:\/\/api.w.org\/{rel}","templated":true}]}}