{"id":171287,"date":"2018-02-11T19:28:23","date_gmt":"2018-02-11T19:28:23","guid":{"rendered":"http:\/\/diariodominicano.ddns.net\/?p=171287"},"modified":"2018-02-11T19:28:23","modified_gmt":"2018-02-11T19:28:23","slug":"realizan-homenaje-al-dirigente-de-alianza-pais-rafael-delgadillo","status":"publish","type":"post","link":"https:\/\/diariodominicano.com\/?p=171287","title":{"rendered":"Realizan homenaje al dirigente de Alianza Pa\u00eds Rafael Delgadillo"},"content":{"rendered":"<p><body><\/p>\n<p><img decoding=\"async\" src=\"img3\/IMG_1020.JPG\" \/><br \/><img decoding=\"async\" src=\"img3\/IMG_1015.JPG\" \/><br \/><img decoding=\"async\" src=\"img3\/IMG_1013.JPG\" \/>  <\/p>\n<p><strong>Por Freddy P. Galarza <\/strong><\/p>\n<\/p>\n<p><strong>NEW YORK, 11 de febrero de 2018.-<\/strong>  Amigos, familiares y compa\u00f1eros de partido rindieron un homenaje  en memoria del destacado dirigente de Alianza Pa\u00eds, Rafael Delgadillo, fallecido recientemente en la Florida.<\/p>\n<\/p>\n<p>El acto se inici\u00f3 con las palabras del padre Luis Barrios, de la iglesia Holyrood Espiscopal, donde estuvieron presentes su esposa Olga Alvarez Delgadillo, una de sus hija, Algesira y el coordinador de Alianza Pa\u00eds en la Florida Roberto S\u00e1nchez, quienes se trasladaron desde esa ciudad .<\/p>\n<\/p>\n<p>La actividad cont\u00f3 con la participaci\u00f3n de activistas comunitarios, dirigentes pol\u00edticos de diversos partidos, asi como, la presencia del concejal por el distrito 10, de Manhattan, Idanis Rodr\u00edguez    <\/p>\n<\/p>\n<p>Des su parte, el coordinador en los Estados Unidos de Alianza Pa\u00eds Luis Mayoban\u00e9x Rodr\u00edguez, al hacer una semblanza de la vida del fallecido aliancista Rafael Delgadillo, dijo que \u00e9ste form\u00f3 parte de la militancia pol\u00edtica de izquierda desde la L\u00ednea Roja del 14 de Junio  y que a inicio de los a\u00f1os 70, fue de sus organizadores en la ciudad de Nueva York.<\/p>\n<\/p>\n<p>Resalt\u00f3 que Delgadillo, desde esta ciudad particip\u00f3 en m\u00faltiples movimiento de solidaridad con el pueblo dominicano, bajos los dolorosos y teneblosos a\u00f1os de gobiernos balagueristas .<\/p>\n<\/p>\n<p>Amigos y compa\u00f1eros de la familia Delgadillo, contaron historia y anecdota de la vida pol\u00edtica del fallecido activista pol\u00edtico, tanto de la Rep\u00fablica Dominicana , como en la ciudad de Nueva York. El acto fue conducido por el activista comunita-rio Julio P\u00e9rez ( El chino).<\/p>\n<\/p>\n<p>freddy.galarza@yahoo.com<\/p>\n<\/p>\n<\/p>\n<h6> 2018-02-11 19:28:23 <\/h6>\n<p><!--\n<link rel=\"stylesheet\" href=\"css\/bootstrap.min.css\">\n\n\n<ul class=\"pagination\">\n\t    \n\t\n\n<li >\n\t<a href='?page_no=6607'>Previous<\/a>\n\t<\/li>\n\n\n       \n    \n\n<li><a href='?page_no=1'>1<\/a><\/li>\n\n\n\n<li><a href='?page_no=2'>2<\/a><\/li>\n\n\n\n<li><a>...<\/a><\/li>\n\n\n\n<li><a href='?page_no=6606'>6606<\/a><\/li>\n\n\n\n<li><a href='?page_no=6607'>6607<\/a><\/li>\n\n\n\n<li class='active'><a>6608<\/a><\/li>\n\n\n\n<li><a href='?page_no=6609'>6609<\/a><\/li>\n\n\n\n<li><a href='?page_no=6610'>6610<\/a><\/li>\n\n\n\n<li><a>...<\/a><\/li>\n\n\n\n<li><a href='?page_no=36999'>36999<\/a><\/li>\n\n\n\n<li><a href='?page_no=37000'>37000<\/a><\/li>\n\n    \n\t\n\n<li >\n\t<a href='?page_no=6609'>Next<\/a>\n\t<\/li>\n\n\n    \n\n<li><a href='?page_no=37000'>Last &rsaquo;&rsaquo;<\/a><\/li>\n\n<\/ul>\n\n\n--><br \/>\n<\/body><\/p>\n","protected":false},"excerpt":{"rendered":"<p>Por Freddy P. Galarza NEW YORK, 11 de febrero de 2018.- Amigos, familiares y compa\u00f1eros de partido rindieron un homenaje en memoria del destacado dirigente de Alianza Pa\u00eds, Rafael Delgadillo, fallecido recientemente en la Florida. El acto se inici\u00f3 con las palabras del padre Luis Barrios, de la iglesia Holyrood Espiscopal, donde estuvieron presentes su [&hellip;]<\/p>\n","protected":false},"author":3,"featured_media":0,"comment_status":"open","ping_status":"open","sticky":false,"template":"","format":"standard","meta":{"footnotes":""},"categories":[22],"tags":[],"class_list":["post-171287","post","type-post","status-publish","format-standard","hentry","category-politica"],"_links":{"self":[{"href":"https:\/\/diariodominicano.com\/index.php?rest_route=\/wp\/v2\/posts\/171287","targetHints":{"allow":["GET"]}}],"collection":[{"href":"https:\/\/diariodominicano.com\/index.php?rest_route=\/wp\/v2\/posts"}],"about":[{"href":"https:\/\/diariodominicano.com\/index.php?rest_route=\/wp\/v2\/types\/post"}],"author":[{"embeddable":true,"href":"https:\/\/diariodominicano.com\/index.php?rest_route=\/wp\/v2\/users\/3"}],"replies":[{"embeddable":true,"href":"https:\/\/diariodominicano.com\/index.php?rest_route=%2Fwp%2Fv2%2Fcomments&post=171287"}],"version-history":[{"count":0,"href":"https:\/\/diariodominicano.com\/index.php?rest_route=\/wp\/v2\/posts\/171287\/revisions"}],"wp:attachment":[{"href":"https:\/\/diariodominicano.com\/index.php?rest_route=%2Fwp%2Fv2%2Fmedia&parent=171287"}],"wp:term":[{"taxonomy":"category","embeddable":true,"href":"https:\/\/diariodominicano.com\/index.php?rest_route=%2Fwp%2Fv2%2Fcategories&post=171287"},{"taxonomy":"post_tag","embeddable":true,"href":"https:\/\/diariodominicano.com\/index.php?rest_route=%2Fwp%2Fv2%2Ftags&post=171287"}],"curies":[{"name":"wp","href":"https:\/\/api.w.org\/{rel}","templated":true}]}}