{"id":171286,"date":"2018-02-12T05:48:04","date_gmt":"2018-02-12T05:48:04","guid":{"rendered":"http:\/\/diariodominicano.ddns.net\/?p=171286"},"modified":"2018-02-12T05:48:04","modified_gmt":"2018-02-12T05:48:04","slug":"padre-tono-aspira-a-la-vicepresidencia-del-prm-en-la-convencion-del-18-de-marzo","status":"publish","type":"post","link":"https:\/\/diariodominicano.com\/?p=171286","title":{"rendered":"Padre To\u00f1o aspira a la vicepresidencia del PRM en la convenci\u00f3n del 18 de marzo"},"content":{"rendered":"<p><body><\/p>\n<p><img decoding=\"async\" src=\"img3\/AntPaulino.jpg\" \/>  <\/p>\n<p><span class=\"text1noticias\">Santo Domingo, R. D., 12 de febrero, 2018.-  El ex-candidato presidencial dominicano Paulino Antonio Reynoso, conocido como Padre To\u00f1o, anunci\u00f3 que tom\u00f3 la decisi\u00f3n de participar como candidato a la Vice-Presidencia por el Comit\u00e9 Internacional del Partido Revolucionario Moderno (PRM).<\/span><\/p>\n<p><span class=\"text1noticias\"> <\/span><\/p>\n<p><span class=\"text1noticias\">Entrevistado en una emisora dominicana desde la ciudad de Orlando, Florida, donde reside, el Padre To\u00f1o inform\u00f3 que ha tomado esa decisi\u00f3n para contribuir en la organizaci\u00f3n, fortalecimiento y correcta orientaci\u00f3n del Comit\u00e9 Internacional.<\/span><\/p>\n<p><span class=\"text1noticias\"> <\/span><\/p>\n<p><span class=\"text1noticias\">\u00abEl sello visible del Comit\u00e9 Internacional es de desorden, infuncionalidad, falta de solidaridad con los dirigentes y militantes, ausencia total de formaci\u00f3n pol\u00edtica, falta de comunicaci\u00f3n entre los mismos dirigentes de las circunscripciones y el Comit\u00e9, desinter\u00e9s por la comunidad dominicana en el exterior y desconexi\u00f3n entre la realidad dominicana y el Comit\u00e9, a\u00f1adi\u00f3 el tambi\u00e9n presidente de la Seccional de Islas V\u00edrgenes Americanas.<\/span><\/p>\n<p><span class=\"text1noticias\"> <\/span><\/p>\n<p><span class=\"text1noticias\">\u00abCon el Doctor Ram\u00f3n Ceballo el Comit\u00e9 Internacional estar\u00e1 conectado con la comunidad dominicana, saldr\u00e1n nuevos proyectos para fortalecer y dinamizar el partido, se iniciar\u00e1n los tan deseados cursos de formaci\u00f3n pol\u00edtica, la oposici\u00f3n al gobierno desde el exterior no ser\u00e1 light\u00bb y el Comit\u00e9 Internacional se sacudir\u00e1 de su atrofia y petrificaci\u00f3n en la que se encuentra\u00bb, apunt\u00f3 el ex-sacerdote.Igualmente, el Padre To\u00f1o anunci\u00f3 su total apoyo a la candidatura del Doctor Ram\u00f3n Ceballo a la presidencia del Comit\u00e9 Internacional.<\/span><\/p>\n<p><span class=\"text1noticias\"> <\/span><\/p>\n<p><span class=\"text1noticias\">Al igual que en el pa\u00eds, la Convenci\u00f3n del PRM en el exterior tendr\u00e1 efecto el 18 de marzo, d\u00eda en que se elegir\u00e1n las autoridades de las Seccionales y unas semanas despu\u00e9s se escoger\u00e1n las autoridades del Comit\u00e9 Internacion<\/span>al.<\/p>\n<\/p>\n<h6> 2018-02-12 05:48:04 <\/h6>\n<p><!--\n<link rel=\"stylesheet\" href=\"css\/bootstrap.min.css\">\n\n\n<ul class=\"pagination\">\n\t    \n\t\n\n<li >\n\t<a href='?page_no=6606'>Previous<\/a>\n\t<\/li>\n\n\n       \n    \n\n<li><a href='?page_no=1'>1<\/a><\/li>\n\n\n\n<li><a href='?page_no=2'>2<\/a><\/li>\n\n\n\n<li><a>...<\/a><\/li>\n\n\n\n<li><a href='?page_no=6605'>6605<\/a><\/li>\n\n\n\n<li><a href='?page_no=6606'>6606<\/a><\/li>\n\n\n\n<li class='active'><a>6607<\/a><\/li>\n\n\n\n<li><a href='?page_no=6608'>6608<\/a><\/li>\n\n\n\n<li><a href='?page_no=6609'>6609<\/a><\/li>\n\n\n\n<li><a>...<\/a><\/li>\n\n\n\n<li><a href='?page_no=36999'>36999<\/a><\/li>\n\n\n\n<li><a href='?page_no=37000'>37000<\/a><\/li>\n\n    \n\t\n\n<li >\n\t<a href='?page_no=6608'>Next<\/a>\n\t<\/li>\n\n\n    \n\n<li><a href='?page_no=37000'>Last &rsaquo;&rsaquo;<\/a><\/li>\n\n<\/ul>\n\n\n--><br \/>\n<\/body><\/p>\n","protected":false},"excerpt":{"rendered":"<p>Santo Domingo, R. D., 12 de febrero, 2018.- El ex-candidato presidencial dominicano Paulino Antonio Reynoso, conocido como Padre To\u00f1o, anunci\u00f3 que tom\u00f3 la decisi\u00f3n de participar como candidato a la Vice-Presidencia por el Comit\u00e9 Internacional del Partido Revolucionario Moderno (PRM). Entrevistado en una emisora dominicana desde la ciudad de Orlando, Florida, donde reside, el Padre [&hellip;]<\/p>\n","protected":false},"author":3,"featured_media":0,"comment_status":"open","ping_status":"open","sticky":false,"template":"","format":"standard","meta":{"footnotes":""},"categories":[22],"tags":[],"class_list":["post-171286","post","type-post","status-publish","format-standard","hentry","category-politica"],"_links":{"self":[{"href":"https:\/\/diariodominicano.com\/index.php?rest_route=\/wp\/v2\/posts\/171286","targetHints":{"allow":["GET"]}}],"collection":[{"href":"https:\/\/diariodominicano.com\/index.php?rest_route=\/wp\/v2\/posts"}],"about":[{"href":"https:\/\/diariodominicano.com\/index.php?rest_route=\/wp\/v2\/types\/post"}],"author":[{"embeddable":true,"href":"https:\/\/diariodominicano.com\/index.php?rest_route=\/wp\/v2\/users\/3"}],"replies":[{"embeddable":true,"href":"https:\/\/diariodominicano.com\/index.php?rest_route=%2Fwp%2Fv2%2Fcomments&post=171286"}],"version-history":[{"count":0,"href":"https:\/\/diariodominicano.com\/index.php?rest_route=\/wp\/v2\/posts\/171286\/revisions"}],"wp:attachment":[{"href":"https:\/\/diariodominicano.com\/index.php?rest_route=%2Fwp%2Fv2%2Fmedia&parent=171286"}],"wp:term":[{"taxonomy":"category","embeddable":true,"href":"https:\/\/diariodominicano.com\/index.php?rest_route=%2Fwp%2Fv2%2Fcategories&post=171286"},{"taxonomy":"post_tag","embeddable":true,"href":"https:\/\/diariodominicano.com\/index.php?rest_route=%2Fwp%2Fv2%2Ftags&post=171286"}],"curies":[{"name":"wp","href":"https:\/\/api.w.org\/{rel}","templated":true}]}}