{"id":171282,"date":"2018-02-13T11:59:01","date_gmt":"2018-02-13T11:59:01","guid":{"rendered":"http:\/\/diariodominicano.ddns.net\/?p=171282"},"modified":"2018-02-13T11:59:01","modified_gmt":"2018-02-13T11:59:01","slug":"lucia-medina-se-queja-de-que-a-la-provincia-san-juan-no-se-le-ha-informado-de-explotacion-minera","status":"publish","type":"post","link":"https:\/\/diariodominicano.com\/?p=171282","title":{"rendered":"Lucia Medina se queja de que a la provincia San Juan no se le ha informado de explotaci\u00f3n minera"},"content":{"rendered":"<p><body><\/p>\n<p><img decoding=\"async\" src=\"img3\/luci1.jpg\" \/>  <\/p>\n<\/p>\n<p><strong>SANTO DOMINGO, RD, 13 de febrero de 2018.-<\/strong> Luc\u00eda Medina, integrante del Comit\u00e9 Pol\u00edtico del Partido de la Liberaci\u00f3n Dominicana y diputada por San Juan de la Maguana mostr\u00f3 su oposici\u00f3n a la concesi\u00f3n de explotaci\u00f3n del proyecto minero Romero, ubicado en la Cordillera Central, al norte de esa provincia.<\/p>\n<\/p>\n<p>La diputado pelede\u00edsta por  San Juan de la Maguana expres\u00f3 que est\u00e1 de frente con su pueblo y dijo que defender\u00e1 junto a \u00e9l lo que entienden como su potencial para que les permitan seguir avanzando porque todos los que nacieron en esa provincia y se han dedicado a alguna actividad econ\u00f3mica saben que su base de sustentaci\u00f3n son los acu\u00edferos y la producci\u00f3n agr\u00edcola.<\/p>\n<\/p>\n<p>\u00abEse levantamiento que ha hecho la provincia de San Juan en funci\u00f3n de proteger conforme a lo que manda el art\u00edculo 5 de la Ley 6400 que da el marco jur\u00eddico a la explotaci\u00f3n de medio ambiente dice que es responsabilidad del Estado, la sociedad y cada uno de los habitantes del pa\u00eds proteger, mejorar, conformar, restaurar y hacer una sostenibilidad de los recursos naturales\u00bb, explic\u00f3 Yomaira en llamada telef\u00f3nica al programa El Sol de la Ma\u00f1ana, resaltado  en un reporte de prensa de la Secretar\u00eda de Comunicaciones del PLD.<\/p>\n<\/p>\n<p>La expresidenta de la C\u00e1mara de Diputados manifest\u00f3 que a la provincia  San Juan no se le ha informado acerca de la explotaci\u00f3n que har\u00eda la compa\u00f1\u00eda Gold Quest y mucho menos convencido, agregando que esa es una responsabilidad de esta empresa que tiene el compromiso de convencer a los comunitarios de la favorabilidad de ese proyecto.<\/p>\n<\/p>\n<p>Cuestionado en torno a las declaraciones del senador, F\u00e9lix Bautista en el sentido de que presentar\u00e1 un proyecto para declarar como reserva natural a Romero, que es la zona propensa a ser explotada respondi\u00f3 que est\u00e1 de acuerdo y que apoyar\u00e1 todo lo que beneficie a la provincia.<\/p>\n<\/p>\n<p>Destac\u00f3 que cualquier proyecto que se haga debe ser sostenible en el tiempo de manera ambiental conforme a los est\u00e1ndares de conocimientos que se vienen dando, puesto que la Rep\u00fablica Dominicana aun no tiene cultura de explotaci\u00f3n minera y por eso se generan una serie de incertidumbres de informaci\u00f3n.<\/p>\n<\/p>\n<p>\u00abTodo el que conoce la provincia de San Juan sabe que lo \u00fanico que nosotros tenemos como fuente econ\u00f3mica se llaman los acu\u00edferos que alimentan la producci\u00f3n agr\u00edcola\u00bb, indic\u00f3.<\/p>\n<\/p>\n<p>La legisladora indic\u00f3 que lamentablemente, conforme a las inversiones que han hecho los gobiernos del PLD en esta provincia, no han podido desarrollar a San Juan de forma tal que pueda generar otro tipo de desarrollo econ\u00f3mico que no sea la agricultura.<\/p>\n<h6> 2018-02-13 11:59:01 <\/h6>\n<p><!--\n<link rel=\"stylesheet\" href=\"css\/bootstrap.min.css\">\n\n\n<ul class=\"pagination\">\n\t    \n\t\n\n<li >\n\t<a href='?page_no=6602'>Previous<\/a>\n\t<\/li>\n\n\n       \n    \n\n<li><a href='?page_no=1'>1<\/a><\/li>\n\n\n\n<li><a href='?page_no=2'>2<\/a><\/li>\n\n\n\n<li><a>...<\/a><\/li>\n\n\n\n<li><a href='?page_no=6601'>6601<\/a><\/li>\n\n\n\n<li><a href='?page_no=6602'>6602<\/a><\/li>\n\n\n\n<li class='active'><a>6603<\/a><\/li>\n\n\n\n<li><a href='?page_no=6604'>6604<\/a><\/li>\n\n\n\n<li><a href='?page_no=6605'>6605<\/a><\/li>\n\n\n\n<li><a>...<\/a><\/li>\n\n\n\n<li><a href='?page_no=36999'>36999<\/a><\/li>\n\n\n\n<li><a href='?page_no=37000'>37000<\/a><\/li>\n\n    \n\t\n\n<li >\n\t<a href='?page_no=6604'>Next<\/a>\n\t<\/li>\n\n\n    \n\n<li><a href='?page_no=37000'>Last &rsaquo;&rsaquo;<\/a><\/li>\n\n<\/ul>\n\n\n--><br \/>\n<\/body><\/p>\n","protected":false},"excerpt":{"rendered":"<p>SANTO DOMINGO, RD, 13 de febrero de 2018.- Luc\u00eda Medina, integrante del Comit\u00e9 Pol\u00edtico del Partido de la Liberaci\u00f3n Dominicana y diputada por San Juan de la Maguana mostr\u00f3 su oposici\u00f3n a la concesi\u00f3n de explotaci\u00f3n del proyecto minero Romero, ubicado en la Cordillera Central, al norte de esa provincia. La diputado pelede\u00edsta por San [&hellip;]<\/p>\n","protected":false},"author":3,"featured_media":0,"comment_status":"open","ping_status":"open","sticky":false,"template":"","format":"standard","meta":{"footnotes":""},"categories":[22],"tags":[],"class_list":["post-171282","post","type-post","status-publish","format-standard","hentry","category-politica"],"_links":{"self":[{"href":"https:\/\/diariodominicano.com\/index.php?rest_route=\/wp\/v2\/posts\/171282","targetHints":{"allow":["GET"]}}],"collection":[{"href":"https:\/\/diariodominicano.com\/index.php?rest_route=\/wp\/v2\/posts"}],"about":[{"href":"https:\/\/diariodominicano.com\/index.php?rest_route=\/wp\/v2\/types\/post"}],"author":[{"embeddable":true,"href":"https:\/\/diariodominicano.com\/index.php?rest_route=\/wp\/v2\/users\/3"}],"replies":[{"embeddable":true,"href":"https:\/\/diariodominicano.com\/index.php?rest_route=%2Fwp%2Fv2%2Fcomments&post=171282"}],"version-history":[{"count":0,"href":"https:\/\/diariodominicano.com\/index.php?rest_route=\/wp\/v2\/posts\/171282\/revisions"}],"wp:attachment":[{"href":"https:\/\/diariodominicano.com\/index.php?rest_route=%2Fwp%2Fv2%2Fmedia&parent=171282"}],"wp:term":[{"taxonomy":"category","embeddable":true,"href":"https:\/\/diariodominicano.com\/index.php?rest_route=%2Fwp%2Fv2%2Fcategories&post=171282"},{"taxonomy":"post_tag","embeddable":true,"href":"https:\/\/diariodominicano.com\/index.php?rest_route=%2Fwp%2Fv2%2Ftags&post=171282"}],"curies":[{"name":"wp","href":"https:\/\/api.w.org\/{rel}","templated":true}]}}