{"id":171281,"date":"2018-02-13T13:03:42","date_gmt":"2018-02-13T13:03:42","guid":{"rendered":"http:\/\/diariodominicano.ddns.net\/?p=171281"},"modified":"2018-02-13T13:03:42","modified_gmt":"2018-02-13T13:03:42","slug":"regidora-teotiste-sanchez-denuncia-que-la-sala-capitular-se-reune-solo-cuando-le-interesa-al-alcalde","status":"publish","type":"post","link":"https:\/\/diariodominicano.com\/?p=171281","title":{"rendered":"Regidora  Teotiste S\u00e1nchez denuncia que la sala capitular se re\u00fane solo cuando le interesa al Alcalde"},"content":{"rendered":"<p><body><\/p>\n<p><img decoding=\"async\" src=\"img3\/teo1.jpg\" \/>  <\/p>\n<p>La regidora ante la Sala Capitular del Distrito Nacional Teotiste S\u00e1nchez denunci\u00f3 que  los amontonamientos de basura en calles y avenidas de la capital y  los espacios p\u00fablicos tomados por particulares y otros males que afectan la ciudad no son enfrentados como corresponde.<\/p>\n<\/p>\n<p>A la par con la denuncia sobre el ornato en la calles capitalina la tambi\u00e9n presidenta del Partido de la Liberaci\u00f3n Dominicana en la Circunscripci\u00f3n Tres de la Capital hace saber  que  la Sala Capitular del Ayuntamiento del Distrito Nacional,  s\u00f3lo se re\u00fane para tratar asuntos de inter\u00e9s del alcalde David Collado.<\/p>\n<\/p>\n<p>Teotiste S\u00e1nchez deplor\u00f3 el c\u00famulo de desperdicios y desechos s\u00f3lidos en las diferentes v\u00edas capitalinas.<\/p>\n<\/p>\n<p>La tambi\u00e9n dirigente comunitaria se\u00f1ala que a la acumulaci\u00f3n de basura en la ciudad m\u00e1s vieja del nuevo mudo se suman o a otros inconvenientes que confrontan sus residentes y ello sin la planificaci\u00f3n requerida llamada a hacerse desde la sala capitular.<\/p>\n<\/p>\n<p>\u00abEn el pr\u00f3ximo mes de agosto  voy a cumplir 20 a\u00f1os como regidora de la capital por el PLD, y para m\u00ed, este ha sido el Concejo de Regidores menos productivo que he visto en todo ese tiempo\u00bb, denunci\u00f3 Teotiste S\u00e1nchez quien se queja de que no se convoca a los  regidores de cuya sala forma parte.<\/p>\n<\/p>\n<p>La dirigente pelede\u00edsta record\u00f3 que cuando el PLD gobernaba la ciudad, se sesionaba cada mes pero que para la presente direcci\u00f3n del cabildo eso no es prioritario.<\/p>\n<\/p>\n<p>\u00abAhora s\u00f3lo tenemos sesiones de vez en cuando, y es para tratar alg\u00fan tema inmobiliario del alcalde, o reconocimiento o de cultura y as\u00ed por el estilo. Pero en lo que va de administraci\u00f3n de David Collado no se han discutido m\u00e1s de diez temas porque s\u00f3lo hacemos sesiones cuando el alcalde tiene algo de su inter\u00e9s\u00bb, denunci\u00f3.<\/p>\n<\/p>\n<p>En ese orden la regidora  se\u00f1ala que cualquier certificaci\u00f3n de los temas tratados que se solicite en la Sala Capitular, se determina en sesiones extraordinarias, y son casi siempre para  temas econ\u00f3micos o para hacer reconocimiento.<\/p>\n<\/p>\n<p>En entrevista  para  VANGUARDIA DEL PUEBLO Digital, S\u00e1nchez  dijo que tambi\u00e9n la poblaci\u00f3n debe ser reorientada en el manejo que da a los desechos s\u00f3lidos para un mejor trabajo ya que planes de emergencia se ven afectada por un mal manejo de la basura.<\/p>\n<\/p>\n<p>\u00abTambi\u00e9n hay un problema de educaci\u00f3n para orientar a la poblaci\u00f3n a no lanzar desechos a las calles tomando en cuenta la frecuencia establecida de la recogida\u00bb, acot\u00f3.<\/p>\n<h6> 2018-02-13 13:03:42 <\/h6>\n<p><!--\n<link rel=\"stylesheet\" href=\"css\/bootstrap.min.css\">\n\n\n<ul class=\"pagination\">\n\t    \n\t\n\n<li >\n\t<a href='?page_no=6601'>Previous<\/a>\n\t<\/li>\n\n\n       \n    \n\n<li><a href='?page_no=1'>1<\/a><\/li>\n\n\n\n<li><a href='?page_no=2'>2<\/a><\/li>\n\n\n\n<li><a>...<\/a><\/li>\n\n\n\n<li><a href='?page_no=6600'>6600<\/a><\/li>\n\n\n\n<li><a href='?page_no=6601'>6601<\/a><\/li>\n\n\n\n<li class='active'><a>6602<\/a><\/li>\n\n\n\n<li><a href='?page_no=6603'>6603<\/a><\/li>\n\n\n\n<li><a href='?page_no=6604'>6604<\/a><\/li>\n\n\n\n<li><a>...<\/a><\/li>\n\n\n\n<li><a href='?page_no=36999'>36999<\/a><\/li>\n\n\n\n<li><a href='?page_no=37000'>37000<\/a><\/li>\n\n    \n\t\n\n<li >\n\t<a href='?page_no=6603'>Next<\/a>\n\t<\/li>\n\n\n    \n\n<li><a href='?page_no=37000'>Last &rsaquo;&rsaquo;<\/a><\/li>\n\n<\/ul>\n\n\n--><br \/>\n<\/body><\/p>\n","protected":false},"excerpt":{"rendered":"<p>La regidora ante la Sala Capitular del Distrito Nacional Teotiste S\u00e1nchez denunci\u00f3 que los amontonamientos de basura en calles y avenidas de la capital y los espacios p\u00fablicos tomados por particulares y otros males que afectan la ciudad no son enfrentados como corresponde. A la par con la denuncia sobre el ornato en la calles [&hellip;]<\/p>\n","protected":false},"author":3,"featured_media":0,"comment_status":"open","ping_status":"open","sticky":false,"template":"","format":"standard","meta":{"footnotes":""},"categories":[22],"tags":[],"class_list":["post-171281","post","type-post","status-publish","format-standard","hentry","category-politica"],"_links":{"self":[{"href":"https:\/\/diariodominicano.com\/index.php?rest_route=\/wp\/v2\/posts\/171281","targetHints":{"allow":["GET"]}}],"collection":[{"href":"https:\/\/diariodominicano.com\/index.php?rest_route=\/wp\/v2\/posts"}],"about":[{"href":"https:\/\/diariodominicano.com\/index.php?rest_route=\/wp\/v2\/types\/post"}],"author":[{"embeddable":true,"href":"https:\/\/diariodominicano.com\/index.php?rest_route=\/wp\/v2\/users\/3"}],"replies":[{"embeddable":true,"href":"https:\/\/diariodominicano.com\/index.php?rest_route=%2Fwp%2Fv2%2Fcomments&post=171281"}],"version-history":[{"count":0,"href":"https:\/\/diariodominicano.com\/index.php?rest_route=\/wp\/v2\/posts\/171281\/revisions"}],"wp:attachment":[{"href":"https:\/\/diariodominicano.com\/index.php?rest_route=%2Fwp%2Fv2%2Fmedia&parent=171281"}],"wp:term":[{"taxonomy":"category","embeddable":true,"href":"https:\/\/diariodominicano.com\/index.php?rest_route=%2Fwp%2Fv2%2Fcategories&post=171281"},{"taxonomy":"post_tag","embeddable":true,"href":"https:\/\/diariodominicano.com\/index.php?rest_route=%2Fwp%2Fv2%2Ftags&post=171281"}],"curies":[{"name":"wp","href":"https:\/\/api.w.org\/{rel}","templated":true}]}}