{"id":171280,"date":"2018-02-13T21:08:21","date_gmt":"2018-02-13T21:08:21","guid":{"rendered":"http:\/\/diariodominicano.ddns.net\/?p=171280"},"modified":"2018-02-13T21:08:21","modified_gmt":"2018-02-13T21:08:21","slug":"lo-mejor-es-un-arreglo-entre-fanas-y-peralta","status":"publish","type":"post","link":"https:\/\/diariodominicano.com\/?p=171280","title":{"rendered":"Lo mejor es un arreglo entre Fa\u00f1as y Peralta"},"content":{"rendered":"<p><body><\/p>\n<p><img decoding=\"async\" src=\"img3\/Urbaez Ramon00.png\" \/>  <\/p>\n<\/p>\n<p><strong>Ram\u00f3n Urb\u00e1ez<\/strong><\/p>\n<\/p>\n<\/p>\n<p><strong>Siempre debe reservarse un espacio para una salida inteligente.<\/strong><\/p>\n<\/p>\n<p>Es de sabios saber recoger las palabras cuando han sido hirientes y han desbordado el necesario sentido de la prudencia, actitud que no constituye en modo alguno un acto timorato o de desverg\u00fcenza; por contrario: es de absoluta entereza por aquello de que \u00ablo cort\u00e9s no quita lo valiente\u00bb.<\/p>\n<\/p>\n<p>El refranero espa\u00f1ol, con su proverbial sabidur\u00eda, nos ha regalado la frase \u00abes mejor un mal arreglo que un buen pleito\u00bb, queri\u00e9ndonos ense\u00f1ar que en t\u00e9rminos pr\u00e1cticos conviene llegar a un acuerdo, aunque no sea muy ventajoso, y evitar los pleitos por ser bastante costosos y de resultados inciertos.<\/p>\n<\/p>\n<p>En materia jur\u00eddica este proverbio ha sido muy socorrido por la verdad que encierra, y eso se debe a que cuando hablamos de un buen pleito nos referimos generalmente a un conflicto que ha llegado o va a llegar a instancias judiciales, o sea: el litigio, que es el m\u00e9todo tradicionalmente usado en el cual un tercero llamado Juez resuelve el conflicto <\/p>\n<\/p>\n<p>Al parecer guiado por ese sabio consejo, la Suprema Corte de Justicia recomend\u00f3 hace cierto tiempo al senador por la provincia Peravia, Wilton Guerrero, presentar disculpas al expresidente Hip\u00f3lito Mej\u00eda, como una razonable f\u00f3rmula de poner fin a la litis que enfrentan mediante un proceso judicial, iniciado por una acusaci\u00f3n de difamaci\u00f3n e injuria que el ex gobernante llev\u00f3 a los tribunales en contra del osado legislador banilejo.<\/p>\n<\/p>\n<p>Como se recordar\u00e1, Guerrero acus\u00f3 a Mej\u00eda de haber viajado a Sinaloa, Mexico, en un avi\u00f3n tripulado por el piloto del afamado jefe del poderoso cartel de Sinaloa, Joaqu\u00edn -Chapo- Guzm\u00e1n Loera, junto a otro hombre de la \u00edntima confianza del gran capo mexicano.<\/p>\n<\/p>\n<p>En su exhortaci\u00f3n, el alto tribunal (SCJ), razon\u00f3 que \u00abllegado cierto momento en los litigios lo conveniente es hacer un \u00abdesagravio, que eso no le hace ninguno de los involucrados mayor ni menor, sino m\u00e1s honorable y sensato\u00bb.<\/p>\n<\/p>\n<p>La misma f\u00f3rmula de avenencia, seg\u00fan el parecer de muchos, podr\u00eda aplicarse con car\u00e1cter razonable al caso de la demanda por difamaci\u00f3n incoada por el secretario administrativo de la Presidencia, Jos\u00e9 Ram\u00f3n Peralta, contra el empresario agropecuario y dirigente del PRM, Leonardo Fa\u00f1a Batista.<\/p>\n<\/p>\n<p>Por lo visto hasta ahora en el proceso judicial Peralta-Fa\u00f1as, es evidente que el \u00abdesagravio\u00bb tendr\u00eda que provenir de parte de Fa\u00f1as hacia Peralta y su familia, cuyo honor y honra personal han sido mancillados por una acusaci\u00f3n que no se ha podido porbar en los tribunales.<\/p>\n<\/p>\n<p>Ojal\u00e1 prime finalmente la cordura, y si que Leonardo entra en razones y se anima a retractarse, Jos\u00e9 Ram\u00f3n tenga la nobleza de aceptarlo.<\/p>\n<\/p>\n<h6> 2018-02-13 21:08:21 <\/h6>\n<p><!--\n<link rel=\"stylesheet\" href=\"css\/bootstrap.min.css\">\n\n\n<ul class=\"pagination\">\n\t    \n\t\n\n<li >\n\t<a href='?page_no=6600'>Previous<\/a>\n\t<\/li>\n\n\n       \n    \n\n<li><a href='?page_no=1'>1<\/a><\/li>\n\n\n\n<li><a href='?page_no=2'>2<\/a><\/li>\n\n\n\n<li><a>...<\/a><\/li>\n\n\n\n<li><a href='?page_no=6599'>6599<\/a><\/li>\n\n\n\n<li><a href='?page_no=6600'>6600<\/a><\/li>\n\n\n\n<li class='active'><a>6601<\/a><\/li>\n\n\n\n<li><a href='?page_no=6602'>6602<\/a><\/li>\n\n\n\n<li><a href='?page_no=6603'>6603<\/a><\/li>\n\n\n\n<li><a>...<\/a><\/li>\n\n\n\n<li><a href='?page_no=36999'>36999<\/a><\/li>\n\n\n\n<li><a href='?page_no=37000'>37000<\/a><\/li>\n\n    \n\t\n\n<li >\n\t<a href='?page_no=6602'>Next<\/a>\n\t<\/li>\n\n\n    \n\n<li><a href='?page_no=37000'>Last &rsaquo;&rsaquo;<\/a><\/li>\n\n<\/ul>\n\n\n--><br \/>\n<\/body><\/p>\n","protected":false},"excerpt":{"rendered":"<p>Ram\u00f3n Urb\u00e1ez Siempre debe reservarse un espacio para una salida inteligente. Es de sabios saber recoger las palabras cuando han sido hirientes y han desbordado el necesario sentido de la prudencia, actitud que no constituye en modo alguno un acto timorato o de desverg\u00fcenza; por contrario: es de absoluta entereza por aquello de que \u00ablo [&hellip;]<\/p>\n","protected":false},"author":3,"featured_media":0,"comment_status":"open","ping_status":"open","sticky":false,"template":"","format":"standard","meta":{"footnotes":""},"categories":[22],"tags":[],"class_list":["post-171280","post","type-post","status-publish","format-standard","hentry","category-politica"],"_links":{"self":[{"href":"https:\/\/diariodominicano.com\/index.php?rest_route=\/wp\/v2\/posts\/171280","targetHints":{"allow":["GET"]}}],"collection":[{"href":"https:\/\/diariodominicano.com\/index.php?rest_route=\/wp\/v2\/posts"}],"about":[{"href":"https:\/\/diariodominicano.com\/index.php?rest_route=\/wp\/v2\/types\/post"}],"author":[{"embeddable":true,"href":"https:\/\/diariodominicano.com\/index.php?rest_route=\/wp\/v2\/users\/3"}],"replies":[{"embeddable":true,"href":"https:\/\/diariodominicano.com\/index.php?rest_route=%2Fwp%2Fv2%2Fcomments&post=171280"}],"version-history":[{"count":0,"href":"https:\/\/diariodominicano.com\/index.php?rest_route=\/wp\/v2\/posts\/171280\/revisions"}],"wp:attachment":[{"href":"https:\/\/diariodominicano.com\/index.php?rest_route=%2Fwp%2Fv2%2Fmedia&parent=171280"}],"wp:term":[{"taxonomy":"category","embeddable":true,"href":"https:\/\/diariodominicano.com\/index.php?rest_route=%2Fwp%2Fv2%2Fcategories&post=171280"},{"taxonomy":"post_tag","embeddable":true,"href":"https:\/\/diariodominicano.com\/index.php?rest_route=%2Fwp%2Fv2%2Ftags&post=171280"}],"curies":[{"name":"wp","href":"https:\/\/api.w.org\/{rel}","templated":true}]}}