{"id":171279,"date":"2018-02-14T11:19:37","date_gmt":"2018-02-14T11:19:37","guid":{"rendered":"http:\/\/diariodominicano.ddns.net\/?p=171279"},"modified":"2018-02-14T11:19:37","modified_gmt":"2018-02-14T11:19:37","slug":"apostol-jose-cristopher-llama-a-la-sociedad-rescatar-valores-familiares","status":"publish","type":"post","link":"https:\/\/diariodominicano.com\/?p=171279","title":{"rendered":"Ap\u00f3stol Jos\u00e9 Cristopher llama a la sociedad  rescatar valores familiares"},"content":{"rendered":"<p><body><\/p>\n<p><img decoding=\"async\" src=\"img3\/pnv2.jpg\" \/>  <\/p>\n<p>Santo Domingo.- La inseguridad ciudadana, la descomposici\u00f3n social, los antivalores y la falta de afecto natural est\u00e1n poniendo en peligro a la instituci\u00f3n que por excelencia conserva la soberan\u00eda nacional; la familia, opin\u00f3 hoy el presidente del proyecto Visi\u00f3n Naci\u00f3n (PVN), doctor Jos\u00e9 Cristopher.<\/p>\n<\/p>\n<p>Al lamentar los \u00faltimos acontecimientos de sangre, donde un hombre mat\u00f3 a su esposa y a los tres hijos de \u00e9sta en el sector de Enriquillo, en el Distrito Nacional, el pastor y dirigente pol\u00edtico advirti\u00f3 que esos hechos \u00abdan a entender la debacle en que se encuentra la familia, como la instituci\u00f3n m\u00e1s sagrada de la sociedad, hecho que a su juicio pone en peligro la soberan\u00eda nacional.<\/p>\n<\/p>\n<p>Cristopher llam\u00f3 a la sociedad dominicana a rescatar los valores familiares, cultivando el amor, la Honestidad, la tolerancia, el respeto, la responsabilidad, el di\u00e1logo y la fe, en el seno familiar.<\/p>\n<\/p>\n<p>\u00abhay que recuperar y promover los valores morales y cristianos, hay que recuperar a la familia dominicana\u00bb, sostuvo.<\/p>\n<\/p>\n<p>El dirigente pol\u00edtico habl\u00f3 en esos t\u00e9rminos durante un acto de juramentaci\u00f3n donde decenas de l\u00edderes comunitarios y dirigentes de diferentes partidos pasaron a apoyar el proyecto presidencial PVN que lo postula a la presidencia de la Rep\u00fablica, para los comicios del 2020.  <\/p>\n<\/p>\n<p>La actividad se celebr\u00f3 en la comunidad de Aguas Locas, del sector Los Fr\u00e1iles, en el municipio Santo Domingo Este, donde dirigentes emblem\u00e1ticos del PRD, como Antonio Infante \u00abEl Poli\u00bb, junto a toda su estructura pol\u00edtica, manifestaron su respaldo al PVN.<\/p>\n<\/p>\n<p>Adem\u00e1s, estuvieron presentes, los candidatos a diputado y regidor por el PVN, H\u00e9ctor J. D\u00edaz y El Poli, as\u00ed como l\u00edderes cristianos, pastores y representantes de juntas de vecinos.<\/p>\n<h6> 2018-02-14 11:19:37 <\/h6>\n<p><!--\n<link rel=\"stylesheet\" href=\"css\/bootstrap.min.css\">\n\n\n<ul class=\"pagination\">\n\t    \n\t\n\n<li >\n\t<a href='?page_no=6599'>Previous<\/a>\n\t<\/li>\n\n\n       \n    \n\n<li><a href='?page_no=1'>1<\/a><\/li>\n\n\n\n<li><a href='?page_no=2'>2<\/a><\/li>\n\n\n\n<li><a>...<\/a><\/li>\n\n\n\n<li><a href='?page_no=6598'>6598<\/a><\/li>\n\n\n\n<li><a href='?page_no=6599'>6599<\/a><\/li>\n\n\n\n<li class='active'><a>6600<\/a><\/li>\n\n\n\n<li><a href='?page_no=6601'>6601<\/a><\/li>\n\n\n\n<li><a href='?page_no=6602'>6602<\/a><\/li>\n\n\n\n<li><a>...<\/a><\/li>\n\n\n\n<li><a href='?page_no=36999'>36999<\/a><\/li>\n\n\n\n<li><a href='?page_no=37000'>37000<\/a><\/li>\n\n    \n\t\n\n<li >\n\t<a href='?page_no=6601'>Next<\/a>\n\t<\/li>\n\n\n    \n\n<li><a href='?page_no=37000'>Last &rsaquo;&rsaquo;<\/a><\/li>\n\n<\/ul>\n\n\n--><br \/>\n<\/body><\/p>\n","protected":false},"excerpt":{"rendered":"<p>Santo Domingo.- La inseguridad ciudadana, la descomposici\u00f3n social, los antivalores y la falta de afecto natural est\u00e1n poniendo en peligro a la instituci\u00f3n que por excelencia conserva la soberan\u00eda nacional; la familia, opin\u00f3 hoy el presidente del proyecto Visi\u00f3n Naci\u00f3n (PVN), doctor Jos\u00e9 Cristopher. Al lamentar los \u00faltimos acontecimientos de sangre, donde un hombre mat\u00f3 [&hellip;]<\/p>\n","protected":false},"author":3,"featured_media":0,"comment_status":"open","ping_status":"open","sticky":false,"template":"","format":"standard","meta":{"footnotes":""},"categories":[22],"tags":[],"class_list":["post-171279","post","type-post","status-publish","format-standard","hentry","category-politica"],"_links":{"self":[{"href":"https:\/\/diariodominicano.com\/index.php?rest_route=\/wp\/v2\/posts\/171279","targetHints":{"allow":["GET"]}}],"collection":[{"href":"https:\/\/diariodominicano.com\/index.php?rest_route=\/wp\/v2\/posts"}],"about":[{"href":"https:\/\/diariodominicano.com\/index.php?rest_route=\/wp\/v2\/types\/post"}],"author":[{"embeddable":true,"href":"https:\/\/diariodominicano.com\/index.php?rest_route=\/wp\/v2\/users\/3"}],"replies":[{"embeddable":true,"href":"https:\/\/diariodominicano.com\/index.php?rest_route=%2Fwp%2Fv2%2Fcomments&post=171279"}],"version-history":[{"count":0,"href":"https:\/\/diariodominicano.com\/index.php?rest_route=\/wp\/v2\/posts\/171279\/revisions"}],"wp:attachment":[{"href":"https:\/\/diariodominicano.com\/index.php?rest_route=%2Fwp%2Fv2%2Fmedia&parent=171279"}],"wp:term":[{"taxonomy":"category","embeddable":true,"href":"https:\/\/diariodominicano.com\/index.php?rest_route=%2Fwp%2Fv2%2Fcategories&post=171279"},{"taxonomy":"post_tag","embeddable":true,"href":"https:\/\/diariodominicano.com\/index.php?rest_route=%2Fwp%2Fv2%2Ftags&post=171279"}],"curies":[{"name":"wp","href":"https:\/\/api.w.org\/{rel}","templated":true}]}}